{"id":4572,"date":"2014-12-04T22:05:31","date_gmt":"2014-12-05T02:05:31","guid":{"rendered":"http:\/\/delamanodemaria.com\/?p=4572"},"modified":"2014-12-04T22:05:31","modified_gmt":"2014-12-05T02:05:31","slug":"reflexion-para-el-viernes-de-la-primera-semana-de-adviento-05-12-14","status":"publish","type":"post","link":"http:\/\/delamanodemaria.com\/?p=4572","title":{"rendered":"REFLEXI\u00d3N PARA EL VIERNES DE LA PRIMERA SEMANA DE ADVIENTO 05-12-14"},"content":{"rendered":"<p><a href=\"http:\/\/delamanodemaria.com\/wp-content\/uploads\/2014\/12\/curacion-de-ciegos.jpg\"><img decoding=\"async\" loading=\"lazy\" class=\"alignnone size-full wp-image-4573\" src=\"http:\/\/delamanodemaria.com\/wp-content\/uploads\/2014\/12\/curacion-de-ciegos.jpg\" alt=\"curacion de ciegos\" width=\"640\" height=\"480\" srcset=\"http:\/\/delamanodemaria.com\/wp-content\/uploads\/2014\/12\/curacion-de-ciegos.jpg 640w, http:\/\/delamanodemaria.com\/wp-content\/uploads\/2014\/12\/curacion-de-ciegos-300x225.jpg 300w, http:\/\/delamanodemaria.com\/wp-content\/uploads\/2014\/12\/curacion-de-ciegos-400x300.jpg 400w\" sizes=\"(max-width: 640px) 100vw, 640px\" \/><\/a><\/p>\n<p>Isa\u00edas, el profeta del Adviento, sigue dominando la liturgia para este tiempo tan especial. En la primera lectura de hoy (Is 29,17-24), el profeta anuncia que \u201cpronto, muy pronto\u2026 oir\u00e1n los sordos las palabras del libro; sin tinieblas ni oscuridad ver\u00e1n los ojos de los ciegos\u201d. Ese prodigio, entre otros, se convertir\u00e1 en el signo de que el Mes\u00edas ha llegado.<\/p>\n<p>En el relato evang\u00e9lico seguimos con Mateo, que nos presenta a Jes\u00fas abriendo los ojos de dos ciegos (Mt 9,27-31). As\u00ed se da el cumplimiento de la profec\u00eda de Isa\u00edas, lo que prueba que los tiempos mesi\u00e1nicos ya han llegado con la persona de Jes\u00fas de Nazaret. Y como en tantos otros casos, la fe es un factor esencial para que se efect\u00fae el milagro: \u201cJes\u00fas les dijo: \u2018\u00bfCre\u00e9is que puedo hacerlo?\u2019 A lo que ellos replicaron: \u2018S\u00ed, Se\u00f1or.\u2019 Entonces les toc\u00f3 los ojos, diciendo: \u2018Que os suceda conforme a vuestra fe.\u2019 Y se les abrieron los ojos\u201d. A pesar de que Jes\u00fas les \u201corden\u00f3 severamente\u201d que no contaran su curaci\u00f3n milagrosa a nadie (el famoso \u201csecreto mesi\u00e1nico), ellos, \u201cal salir, hablaron de \u00e9l por toda la comarca\u201d.<\/p>\n<p>Los ciegos del relato creyeron en Jes\u00fas y creyeron que \u00c9l pod\u00eda curar su ceguera. Y su fe fue recompensada. Tuvieron un encuentro personal con Jes\u00fas y sintieron su poder. La actitud de ellos de salir a contar a todos lo sucedido es la reacci\u00f3n natural de todo el que ha tenido un encuentro personal con Jes\u00fas. El que ha tenido esa experiencia siente un gozo, una alegr\u00eda, que tiene que compartir con todo el que encuentra en su camino. Es la verdadera \u201calegr\u00eda del cristiano\u201d.<\/p>\n<p>Nuestro problema es que muchas veces nos conformamos con una imagen est\u00e1tica de Jes\u00fas, nuestra relaci\u00f3n con \u00c9l se limita a ritos, estampitas, im\u00e1genes y crucifijos, y no abrimos nuestros corazones para dejarle entrar, para tener un encuentro personal, \u00edntimo con \u00c9l, para sentir el calor de su abrazo; ese abrazo en el que hayamos descanso para nuestras almas (Mt 11,29).<\/p>\n<p>En ocasiones miramos a nuestro alrededor y vemos el caos, la violencia, el desamor que aparenta reinar en nuestro entorno, y pensamos que las promesas de Isa\u00edas no se han cumplido. Eso es se\u00f1al de que no hemos tenido ese encuentro personal con Jes\u00fas, porque si lo hubi\u00e9semos tenido, estar\u00edamos grit\u00e1ndolo a los siete vientos; y contagiar\u00edamos a otros con ese gozo indescriptible hasta convertirlo en una epidemia de amor.<\/p>\n<p>Apenas estamos comenzando el Adviento, y como nos dijera el papa em\u00e9rito Benedicto XVI hace unos a\u00f1os, el Adviento \u201cnos invita una vez m\u00e1s, en medio de muchas dificultades, a renovar la certeza de que Dios est\u00e1 presente: \u00c9l ha venido al mundo, convirti\u00e9ndose en un hombre como nosotros, para traer la plenitud de su designio de amor. Y Dios exige que tambi\u00e9n nosotros nos convirtamos en una se\u00f1al de su acci\u00f3n en el mundo. A trav\u00e9s de nuestra fe, nuestra esperanza, nuestro amor, \u00c9l quiere entrar en el mundo siempre de nuevo, y quiere siempre de nuevo hacer resplandecer su Luz en la noche\u201d.<\/p>\n<div style=\"padding-bottom:20px; padding-top:10px;\" class=\"hupso-share-buttons\"><!-- Hupso Share Buttons - https:\/\/www.hupso.com\/share\/ --><a class=\"hupso_toolbar\" href=\"https:\/\/www.hupso.com\/share\/\"><img src=\"http:\/\/static.hupso.com\/share\/buttons\/lang\/es\/share-medium.png\" style=\"border:0px; padding-top: 5px; float:left;\" alt=\"Share Button\"\/><\/a><script type=\"text\/javascript\">var hupso_services_t=new Array(\"Twitter\",\"Facebook\",\"Google Plus\",\"Pinterest\",\"Linkedin\",\"Email\",\"Print\");var hupso_background_t=\"#EAF4FF\";var hupso_border_t=\"#66CCFF\";var hupso_toolbar_size_t=\"medium\";var hupso_image_folder_url = \"\";var hupso_twitter_via=\"hectorops\";var hupso_url_t=\"\";var hupso_title_t=\"REFLEXI%C3%93N%20PARA%20EL%20VIERNES%20DE%20LA%20PRIMERA%20SEMANA%20DE%20ADVIENTO%2005-12-14\";<\/script><script type=\"text\/javascript\" src=\"http:\/\/static.hupso.com\/share\/js\/share_toolbar.js\"><\/script><!-- Hupso Share Buttons --><\/div>","protected":false},"excerpt":{"rendered":"<p>Isa\u00edas, el profeta del Adviento, sigue dominando la liturgia para este tiempo tan especial. En la primera lectura de hoy (Is 29,17-24), el profeta anuncia que \u201cpronto, muy pronto\u2026 oir\u00e1n los sordos las palabras del libro; sin tinieblas ni oscuridad &hellip; <a href=\"http:\/\/delamanodemaria.com\/?p=4572\">Continue reading <span class=\"meta-nav\">&rarr;<\/span><\/a><\/p>\n<div style=\"padding-bottom:20px; padding-top:10px;\" class=\"hupso-share-buttons\"><!-- Hupso Share Buttons - https:\/\/www.hupso.com\/share\/ --><a class=\"hupso_toolbar\" href=\"https:\/\/www.hupso.com\/share\/\"><img src=\"http:\/\/static.hupso.com\/share\/buttons\/lang\/es\/share-medium.png\" style=\"border:0px; padding-top: 5px; float:left;\" alt=\"Share Button\"\/><\/a><script type=\"text\/javascript\">var hupso_services_t=new Array(\"Twitter\",\"Facebook\",\"Google Plus\",\"Pinterest\",\"Linkedin\",\"Email\",\"Print\");var hupso_background_t=\"#EAF4FF\";var hupso_border_t=\"#66CCFF\";var hupso_toolbar_size_t=\"medium\";var hupso_image_folder_url = \"\";var hupso_twitter_via=\"hectorops\";var hupso_url_t=\"\";var hupso_title_t=\"REFLEXI%C3%93N%20PARA%20EL%20VIERNES%20DE%20LA%20PRIMERA%20SEMANA%20DE%20ADVIENTO%2005-12-14\";<\/script><script type=\"text\/javascript\" src=\"http:\/\/static.hupso.com\/share\/js\/share_toolbar.js\"><\/script><!-- Hupso Share Buttons --><\/div>","protected":false},"author":1,"featured_media":0,"comment_status":"open","ping_status":"open","sticky":false,"template":"","format":"standard","meta":{"jetpack_post_was_ever_published":false,"_jetpack_newsletter_access":"","_jetpack_newsletter_tier_id":0,"jetpack_publicize_message":"","jetpack_is_tweetstorm":false,"jetpack_publicize_feature_enabled":true,"jetpack_social_post_already_shared":true,"jetpack_social_options":{"image_generator_settings":{"template":"highway","enabled":false}}},"categories":[1],"tags":[330,374,30,302,616,22,371,34,238,27,2,620],"jetpack_publicize_connections":[],"jetpack_featured_media_url":"","jetpack_shortlink":"https:\/\/wp.me\/p3bBgS-1bK","jetpack_sharing_enabled":true,"jetpack_likes_enabled":true,"_links":{"self":[{"href":"http:\/\/delamanodemaria.com\/index.php?rest_route=\/wp\/v2\/posts\/4572"}],"collection":[{"href":"http:\/\/delamanodemaria.com\/index.php?rest_route=\/wp\/v2\/posts"}],"about":[{"href":"http:\/\/delamanodemaria.com\/index.php?rest_route=\/wp\/v2\/types\/post"}],"author":[{"embeddable":true,"href":"http:\/\/delamanodemaria.com\/index.php?rest_route=\/wp\/v2\/users\/1"}],"replies":[{"embeddable":true,"href":"http:\/\/delamanodemaria.com\/index.php?rest_route=%2Fwp%2Fv2%2Fcomments&post=4572"}],"version-history":[{"count":1,"href":"http:\/\/delamanodemaria.com\/index.php?rest_route=\/wp\/v2\/posts\/4572\/revisions"}],"predecessor-version":[{"id":4574,"href":"http:\/\/delamanodemaria.com\/index.php?rest_route=\/wp\/v2\/posts\/4572\/revisions\/4574"}],"wp:attachment":[{"href":"http:\/\/delamanodemaria.com\/index.php?rest_route=%2Fwp%2Fv2%2Fmedia&parent=4572"}],"wp:term":[{"taxonomy":"category","embeddable":true,"href":"http:\/\/delamanodemaria.com\/index.php?rest_route=%2Fwp%2Fv2%2Fcategories&post=4572"},{"taxonomy":"post_tag","embeddable":true,"href":"http:\/\/delamanodemaria.com\/index.php?rest_route=%2Fwp%2Fv2%2Ftags&post=4572"}],"curies":[{"name":"wp","href":"https:\/\/api.w.org\/{rel}","templated":true}]}}