{"id":4581,"date":"2014-12-06T20:36:27","date_gmt":"2014-12-07T00:36:27","guid":{"rendered":"http:\/\/delamanodemaria.com\/?p=4581"},"modified":"2014-12-06T20:36:27","modified_gmt":"2014-12-07T00:36:27","slug":"reflexion-para-el-segundo-domingo-de-adviento-b-07-12-14","status":"publish","type":"post","link":"http:\/\/delamanodemaria.com\/?p=4581","title":{"rendered":"REFLEXI\u00d3N PARA EL SEGUNDO DOMINGO DE ADVIENTO (B) 07-12-14"},"content":{"rendered":"<p><a href=\"http:\/\/delamanodemaria.com\/wp-content\/uploads\/2014\/01\/juan-BAUTISTA.jpg\"><img decoding=\"async\" loading=\"lazy\" class=\"alignnone size-full wp-image-2769\" src=\"http:\/\/delamanodemaria.com\/wp-content\/uploads\/2014\/01\/juan-BAUTISTA.jpg\" alt=\"juan BAUTISTA\" width=\"600\" height=\"447\" srcset=\"http:\/\/delamanodemaria.com\/wp-content\/uploads\/2014\/01\/juan-BAUTISTA.jpg 600w, http:\/\/delamanodemaria.com\/wp-content\/uploads\/2014\/01\/juan-BAUTISTA-300x223.jpg 300w, http:\/\/delamanodemaria.com\/wp-content\/uploads\/2014\/01\/juan-BAUTISTA-402x300.jpg 402w\" sizes=\"(max-width: 600px) 100vw, 600px\" \/><\/a><\/p>\n<p>La liturgia contin\u00faa su recorrido por el Adviento y nos hallamos en el segundo domingo. La liturgia para el primer domingo nos tra\u00eda como tema principal la espera de la segunda venida del Se\u00f1or, el \u201cma\u00f1ana\u201d, el sentido escatol\u00f3gico del Adviento. Por eso la liturgia nos invitaba a estar \u201cvigilantes\u201d, en espera.<\/p>\n<p>En esta segunda semana el tema de las lecturas es la venida del Se\u00f1or en el tiempo presente, el \u201choy\u201d. La liturgia de este domingo nos invita a la conversi\u00f3n, que es la nota predominante de la predicaci\u00f3n de Juan el Bautista en el Evangelio que leemos (Mc 1,1-8) y que se proyectar\u00e1 hasta la tercera semana de Adviento.<\/p>\n<p>Durante esta semana la liturgia nos exhorta a reflexionar sobre las palabras de Juan: \u201cUna voz grita en el desierto: \u2018Preparad el camino del Se\u00f1or, allanad sus senderos\u2019\u201d, porque Jes\u00fas llega. Marcos nos quiere dejar saber que la actividad de Juan es el cumplimiento de la profec\u00eda de Isa\u00edas, y para eso echa mano de un texto del profeta (1-5.9-11) tomado de la primera lectura que contemplamos hoy: \u201cUna voz grita: \u2018En el desierto preparadle un camino al Se\u00f1or; allanad en la estepa una calzada para nuestro Dios; que los valles se levanten, que montes y colinas se abajen, que lo torcido se enderece y lo escabroso se iguale. Se revelar\u00e1 la gloria del Se\u00f1or, y la ver\u00e1n todos los hombres juntos -ha hablado la boca del Se\u00f1or-\u2019.\u201d<\/p>\n<p>Y, \u00bfqu\u00e9 mejor manera de \u201cpreparar el camino\u201d que buscando reconciliarnos con el Se\u00f1or? En aqu\u00e9l entonces Juan predicaba un \u201cbautismo de conversi\u00f3n para perd\u00f3n de los pecados\u201d como preparaci\u00f3n para la llegada del Salvador. Durante esta segunda semana de Adviento la Iglesia nos invita a acudir al sacramento de la reconciliaci\u00f3n, que nos reconcilia con Dios y nos devuelve la amistad que hab\u00edamos perdido por el pecado. De este modo, cuando llegue la Navidad, estaremos en posici\u00f3n de unirnos sacramentalmente con Jes\u00fas y nuestros hermanos en la Eucarist\u00eda, del mismo modo que los disc\u00edpulos de Juan Bautista estuvieron en disposici\u00f3n de recibir y aceptar a Jes\u00fas cuando se hizo entre ellos.<\/p>\n<p>Durante esta semana podemos buscar en los diferentes templos que tenemos cerca, los horarios de confesiones disponibles, para que cuando llegue la Navidad, estemos bien preparados interiormente, uni\u00e9ndonos a Jes\u00fas y a nuestros hermanos en la Eucarist\u00eda. No dejemos pasar esta oportunidad que se nos brinda. El momento es AHORA. \u00a1Anda, an\u00edmate! Ver\u00e1s qu\u00e9 diferente va ser tu Navidad.<\/p>\n<p>\u201cOh Dios de la Alianza: Por medio de los profetas del pasado y de los de hoy t\u00fa nos llamas a vivir fielmente los retos del evangelio si queremos ser tu pueblo. Despi\u00e9rtanos de nuestro modo de vivir c\u00f3modo y auto-satisfecho. Danos la inquietud de acelerar la venida de tu Hijo y de tu reino y abr\u00e1sanos con el fuego de su Esp\u00edritu para que podamos llevar el calor de su amor e integridad a este mundo fr\u00edo y ego\u00edsta. Danos la paz eterna de Jesucristo nuestro Se\u00f1or.\u201d (Oraci\u00f3n Colecta).<\/p>\n<div style=\"padding-bottom:20px; padding-top:10px;\" class=\"hupso-share-buttons\"><!-- Hupso Share Buttons - https:\/\/www.hupso.com\/share\/ --><a class=\"hupso_toolbar\" href=\"https:\/\/www.hupso.com\/share\/\"><img src=\"http:\/\/static.hupso.com\/share\/buttons\/lang\/es\/share-medium.png\" style=\"border:0px; padding-top: 5px; float:left;\" alt=\"Share Button\"\/><\/a><script type=\"text\/javascript\">var hupso_services_t=new Array(\"Twitter\",\"Facebook\",\"Google Plus\",\"Pinterest\",\"Linkedin\",\"Email\",\"Print\");var hupso_background_t=\"#EAF4FF\";var hupso_border_t=\"#66CCFF\";var hupso_toolbar_size_t=\"medium\";var hupso_image_folder_url = \"\";var hupso_twitter_via=\"hectorops\";var hupso_url_t=\"\";var hupso_title_t=\"REFLEXI%C3%93N%20PARA%20EL%20SEGUNDO%20DOMINGO%20DE%20ADVIENTO%20%28B%29%2007-12-14\";<\/script><script type=\"text\/javascript\" src=\"http:\/\/static.hupso.com\/share\/js\/share_toolbar.js\"><\/script><!-- Hupso Share Buttons --><\/div>","protected":false},"excerpt":{"rendered":"<p>La liturgia contin\u00faa su recorrido por el Adviento y nos hallamos en el segundo domingo. La liturgia para el primer domingo nos tra\u00eda como tema principal la espera de la segunda venida del Se\u00f1or, el \u201cma\u00f1ana\u201d, el sentido escatol\u00f3gico del &hellip; <a href=\"http:\/\/delamanodemaria.com\/?p=4581\">Continue reading <span class=\"meta-nav\">&rarr;<\/span><\/a><\/p>\n<div style=\"padding-bottom:20px; padding-top:10px;\" class=\"hupso-share-buttons\"><!-- Hupso Share Buttons - https:\/\/www.hupso.com\/share\/ --><a class=\"hupso_toolbar\" href=\"https:\/\/www.hupso.com\/share\/\"><img src=\"http:\/\/static.hupso.com\/share\/buttons\/lang\/es\/share-medium.png\" style=\"border:0px; padding-top: 5px; float:left;\" alt=\"Share Button\"\/><\/a><script type=\"text\/javascript\">var hupso_services_t=new Array(\"Twitter\",\"Facebook\",\"Google Plus\",\"Pinterest\",\"Linkedin\",\"Email\",\"Print\");var hupso_background_t=\"#EAF4FF\";var hupso_border_t=\"#66CCFF\";var hupso_toolbar_size_t=\"medium\";var hupso_image_folder_url = \"\";var hupso_twitter_via=\"hectorops\";var hupso_url_t=\"\";var hupso_title_t=\"REFLEXI%C3%93N%20PARA%20EL%20SEGUNDO%20DOMINGO%20DE%20ADVIENTO%20%28B%29%2007-12-14\";<\/script><script type=\"text\/javascript\" src=\"http:\/\/static.hupso.com\/share\/js\/share_toolbar.js\"><\/script><!-- Hupso Share Buttons --><\/div>","protected":false},"author":1,"featured_media":0,"comment_status":"open","ping_status":"open","sticky":false,"template":"","format":"standard","meta":{"jetpack_post_was_ever_published":false,"_jetpack_newsletter_access":"","_jetpack_newsletter_tier_id":0,"jetpack_publicize_message":"","jetpack_is_tweetstorm":false,"jetpack_publicize_feature_enabled":true,"jetpack_social_post_already_shared":true,"jetpack_social_options":{"image_generator_settings":{"template":"highway","enabled":false}}},"categories":[1],"tags":[330,724,12,45,96,163,372,67,26,2,82],"jetpack_publicize_connections":[],"jetpack_featured_media_url":"","jetpack_shortlink":"https:\/\/wp.me\/p3bBgS-1bT","jetpack_sharing_enabled":true,"jetpack_likes_enabled":true,"_links":{"self":[{"href":"http:\/\/delamanodemaria.com\/index.php?rest_route=\/wp\/v2\/posts\/4581"}],"collection":[{"href":"http:\/\/delamanodemaria.com\/index.php?rest_route=\/wp\/v2\/posts"}],"about":[{"href":"http:\/\/delamanodemaria.com\/index.php?rest_route=\/wp\/v2\/types\/post"}],"author":[{"embeddable":true,"href":"http:\/\/delamanodemaria.com\/index.php?rest_route=\/wp\/v2\/users\/1"}],"replies":[{"embeddable":true,"href":"http:\/\/delamanodemaria.com\/index.php?rest_route=%2Fwp%2Fv2%2Fcomments&post=4581"}],"version-history":[{"count":1,"href":"http:\/\/delamanodemaria.com\/index.php?rest_route=\/wp\/v2\/posts\/4581\/revisions"}],"predecessor-version":[{"id":4582,"href":"http:\/\/delamanodemaria.com\/index.php?rest_route=\/wp\/v2\/posts\/4581\/revisions\/4582"}],"wp:attachment":[{"href":"http:\/\/delamanodemaria.com\/index.php?rest_route=%2Fwp%2Fv2%2Fmedia&parent=4581"}],"wp:term":[{"taxonomy":"category","embeddable":true,"href":"http:\/\/delamanodemaria.com\/index.php?rest_route=%2Fwp%2Fv2%2Fcategories&post=4581"},{"taxonomy":"post_tag","embeddable":true,"href":"http:\/\/delamanodemaria.com\/index.php?rest_route=%2Fwp%2Fv2%2Ftags&post=4581"}],"curies":[{"name":"wp","href":"https:\/\/api.w.org\/{rel}","templated":true}]}}