{"id":4619,"date":"2014-12-14T22:22:13","date_gmt":"2014-12-15T02:22:13","guid":{"rendered":"http:\/\/delamanodemaria.com\/?p=4619"},"modified":"2014-12-14T22:22:13","modified_gmt":"2014-12-15T02:22:13","slug":"reflexion-para-el-lunes-de-la-tercera-semana-de-adviento-15-12-14","status":"publish","type":"post","link":"http:\/\/delamanodemaria.com\/?p=4619","title":{"rendered":"REFLEXI\u00d3N PARA EL LUNES DE LA TERCERA SEMANA DE ADVIENTO 15-12-14"},"content":{"rendered":"<p><a href=\"http:\/\/delamanodemaria.com\/wp-content\/uploads\/2013\/12\/Mt-2123-27.jpg\"><img decoding=\"async\" loading=\"lazy\" class=\"size-full wp-image-2553 aligncenter\" src=\"http:\/\/delamanodemaria.com\/wp-content\/uploads\/2013\/12\/Mt-2123-27.jpg\" alt=\"Mt 21,23-27\" width=\"744\" height=\"492\" srcset=\"http:\/\/delamanodemaria.com\/wp-content\/uploads\/2013\/12\/Mt-2123-27.jpg 744w, http:\/\/delamanodemaria.com\/wp-content\/uploads\/2013\/12\/Mt-2123-27-300x198.jpg 300w, http:\/\/delamanodemaria.com\/wp-content\/uploads\/2013\/12\/Mt-2123-27-453x300.jpg 453w\" sizes=\"(max-width: 744px) 100vw, 744px\" \/><\/a><\/p>\n<p>En la primera lectura para hoy (N\u00fam 24,2-7.15-17a) encontramos un anuncio temprano de la venida del futuro Mes\u00edas. Lo curioso del caso es que el anuncio viene de un pagano, Bala\u00e1n, \u201cvidente\u201d a quien el rey de Moab hab\u00eda encargado\u00a0 maldecir al pueblo de Israel, que ten\u00eda intenciones de atravesar su territorio, ya a finales del \u00c9xodo, luego de cuarenta a\u00f1os de marcha a trav\u00e9s del desierto de Sina\u00ed.<\/p>\n<p>No podemos perder de vista que el \u00e9xodo es el resultado de la primera vez que Dios decide \u201cintervenir\u201d en la historia y tomar partido con su pueblo que viv\u00eda esclavizado en Egipto. Por tanto, no pod\u00eda permanecer con los brazos cruzados. Ante las pretensiones del rey moabita, Dios \u201ctoca el coraz\u00f3n\u201d del vidente pagano, quien lejos de maldecir, bendice al pueblo de Israel y profetiza el futuro mesi\u00e1nico, que vendr\u00e1, no solo para el pueblo de Israel, sino para todo el mundo. Inicialmente esta profec\u00eda se entendi\u00f3 cumplida\u00a0 en la persona del rey David, pero m\u00e1s adelante se interpret\u00f3 por el pueblo, y los primeros cristianos, que se refer\u00eda al Mes\u00edas esperado.<\/p>\n<p>Hemos dicho que el tiempo de Adviento es tiempo de preparaci\u00f3n, de espera, de anticipaci\u00f3n, de encaminarse hacia\u2026 Dios viene al encuentro de todos los que le esperan, pero no se impone a nadie. \u00c9l \u201ctoca a la puerta\u201d, pero no nos obliga a recibirle. Se trata de un acto de fe. El que no quiere creer no va a aceptar ning\u00fan argumento, explicaci\u00f3n ni evidencia, por m\u00e1s contundente que sea. As\u00ed, quien no quiere dejarse convencer por la persona y las palabras de Jes\u00fas, tampoco podr\u00e1 serlo por ninguna discusi\u00f3n.<\/p>\n<p>Ese es el caso que nos presenta la lectura evang\u00e9lica de hoy (Mt 21,23-27). Luego de echar a los mercaderes del Templo, Jes\u00fas contin\u00faa movi\u00e9ndose en sus alrededores y, estando all\u00ed, se le acercan unos sumos sacerdotes y ancianos para cuestionarle con qu\u00e9 autoridad les hab\u00eda echado: \u201c\u00bfCon qu\u00e9 autoridad haces esto? \u00bfQui\u00e9n te ha dado semejante autoridad?\u201d.<\/p>\n<p>Jes\u00fas les responde con otra pregunta: \u201cOs voy a hacer yo tambi\u00e9n una pregunta; si me la contest\u00e1is, os dir\u00e9 yo tambi\u00e9n con qu\u00e9 autoridad hago esto. El bautismo de Juan \u00bfde d\u00f3nde ven\u00eda, del cielo o de los hombres?\u201d. Ellos saben que no importa c\u00f3mo contesten van a quedar en evidencia, pues si dicen que del cielo, quedan como no-creyentes, y si dicen que de los hombres, se ganan el desprecio del pueblo que tiene a Juan como un gran profeta, lo que en aquellos tiempos pod\u00eda acarrearles incluso el linchamiento por blasfemos. Ante esa disyuntiva prefieren pasar por ignorantes: \u201cNo sabemos\u201d. A lo que Jes\u00fas replic\u00f3: \u201cPues tampoco yo os digo con qu\u00e9 autoridad hago esto\u201d.<\/p>\n<p>La r\u00e9plica de Jes\u00fas hab\u00eda sido una invitaci\u00f3n a recapacitar; m\u00e1s a\u00fan, una invitaci\u00f3n a la conversi\u00f3n. Aquellos miembros del consejo se negaban a reconocer que Juan hab\u00eda sido enviado para allanar el camino para la llegada del Mes\u00edas: Jes\u00fas de Nazaret. Por eso se niegan a reconocer (o les resulta conveniente ignorar) el nuevo tiempo de salvaci\u00f3n inaugurado con Jes\u00fas.<\/p>\n<p>Hoy d\u00eda no es diferente. Jes\u00fas se nos presenta como nuestro Salvador. Y el Adviento es buen tiempo para recapacitar, para la conversi\u00f3n. Solo as\u00ed podremos reconocerle y aceptar su mensaje de salvaci\u00f3n.<\/p>\n<div style=\"padding-bottom:20px; padding-top:10px;\" class=\"hupso-share-buttons\"><!-- Hupso Share Buttons - https:\/\/www.hupso.com\/share\/ --><a class=\"hupso_toolbar\" href=\"https:\/\/www.hupso.com\/share\/\"><img src=\"http:\/\/static.hupso.com\/share\/buttons\/lang\/es\/share-medium.png\" style=\"border:0px; padding-top: 5px; float:left;\" alt=\"Share Button\"\/><\/a><script type=\"text\/javascript\">var hupso_services_t=new Array(\"Twitter\",\"Facebook\",\"Google Plus\",\"Pinterest\",\"Linkedin\",\"Email\",\"Print\");var hupso_background_t=\"#EAF4FF\";var hupso_border_t=\"#66CCFF\";var hupso_toolbar_size_t=\"medium\";var hupso_image_folder_url = \"\";var hupso_twitter_via=\"hectorops\";var hupso_url_t=\"\";var hupso_title_t=\"REFLEXI%C3%93N%20PARA%20EL%20LUNES%20DE%20LA%20TERCERA%20SEMANA%20DE%20ADVIENTO%2015-12-14\";<\/script><script type=\"text\/javascript\" src=\"http:\/\/static.hupso.com\/share\/js\/share_toolbar.js\"><\/script><!-- Hupso Share Buttons --><\/div>","protected":false},"excerpt":{"rendered":"<p>En la primera lectura para hoy (N\u00fam 24,2-7.15-17a) encontramos un anuncio temprano de la venida del futuro Mes\u00edas. Lo curioso del caso es que el anuncio viene de un pagano, Bala\u00e1n, \u201cvidente\u201d a quien el rey de Moab hab\u00eda encargado\u00a0 &hellip; <a href=\"http:\/\/delamanodemaria.com\/?p=4619\">Continue reading <span class=\"meta-nav\">&rarr;<\/span><\/a><\/p>\n<div style=\"padding-bottom:20px; padding-top:10px;\" class=\"hupso-share-buttons\"><!-- Hupso Share Buttons - https:\/\/www.hupso.com\/share\/ --><a class=\"hupso_toolbar\" href=\"https:\/\/www.hupso.com\/share\/\"><img src=\"http:\/\/static.hupso.com\/share\/buttons\/lang\/es\/share-medium.png\" style=\"border:0px; padding-top: 5px; float:left;\" alt=\"Share Button\"\/><\/a><script type=\"text\/javascript\">var hupso_services_t=new Array(\"Twitter\",\"Facebook\",\"Google Plus\",\"Pinterest\",\"Linkedin\",\"Email\",\"Print\");var hupso_background_t=\"#EAF4FF\";var hupso_border_t=\"#66CCFF\";var hupso_toolbar_size_t=\"medium\";var hupso_image_folder_url = \"\";var hupso_twitter_via=\"hectorops\";var hupso_url_t=\"\";var hupso_title_t=\"REFLEXI%C3%93N%20PARA%20EL%20LUNES%20DE%20LA%20TERCERA%20SEMANA%20DE%20ADVIENTO%2015-12-14\";<\/script><script type=\"text\/javascript\" src=\"http:\/\/static.hupso.com\/share\/js\/share_toolbar.js\"><\/script><!-- Hupso Share Buttons --><\/div>","protected":false},"author":1,"featured_media":0,"comment_status":"open","ping_status":"open","sticky":false,"template":"","format":"standard","meta":{"jetpack_post_was_ever_published":false,"_jetpack_newsletter_access":"","_jetpack_newsletter_tier_id":0,"jetpack_publicize_message":"","jetpack_is_tweetstorm":false,"jetpack_publicize_feature_enabled":true,"jetpack_social_post_already_shared":true,"jetpack_social_options":{"image_generator_settings":{"template":"highway","enabled":false}}},"categories":[1],"tags":[596,330,658,213,724,12,163,238,2,430,336],"jetpack_publicize_connections":[],"jetpack_featured_media_url":"","jetpack_shortlink":"https:\/\/wp.me\/p3bBgS-1cv","jetpack_sharing_enabled":true,"jetpack_likes_enabled":true,"_links":{"self":[{"href":"http:\/\/delamanodemaria.com\/index.php?rest_route=\/wp\/v2\/posts\/4619"}],"collection":[{"href":"http:\/\/delamanodemaria.com\/index.php?rest_route=\/wp\/v2\/posts"}],"about":[{"href":"http:\/\/delamanodemaria.com\/index.php?rest_route=\/wp\/v2\/types\/post"}],"author":[{"embeddable":true,"href":"http:\/\/delamanodemaria.com\/index.php?rest_route=\/wp\/v2\/users\/1"}],"replies":[{"embeddable":true,"href":"http:\/\/delamanodemaria.com\/index.php?rest_route=%2Fwp%2Fv2%2Fcomments&post=4619"}],"version-history":[{"count":3,"href":"http:\/\/delamanodemaria.com\/index.php?rest_route=\/wp\/v2\/posts\/4619\/revisions"}],"predecessor-version":[{"id":4622,"href":"http:\/\/delamanodemaria.com\/index.php?rest_route=\/wp\/v2\/posts\/4619\/revisions\/4622"}],"wp:attachment":[{"href":"http:\/\/delamanodemaria.com\/index.php?rest_route=%2Fwp%2Fv2%2Fmedia&parent=4619"}],"wp:term":[{"taxonomy":"category","embeddable":true,"href":"http:\/\/delamanodemaria.com\/index.php?rest_route=%2Fwp%2Fv2%2Fcategories&post=4619"},{"taxonomy":"post_tag","embeddable":true,"href":"http:\/\/delamanodemaria.com\/index.php?rest_route=%2Fwp%2Fv2%2Ftags&post=4619"}],"curies":[{"name":"wp","href":"https:\/\/api.w.org\/{rel}","templated":true}]}}