{"id":4743,"date":"2015-01-06T17:48:12","date_gmt":"2015-01-06T21:48:12","guid":{"rendered":"http:\/\/delamanodemaria.com\/?p=4743"},"modified":"2015-01-06T17:48:12","modified_gmt":"2015-01-06T21:48:12","slug":"reflexion-para-el-miercoles-despues-de-epifania-07-01-15","status":"publish","type":"post","link":"http:\/\/delamanodemaria.com\/?p=4743","title":{"rendered":"REFLEXI\u00d3N PARA EL MI\u00c9RCOLES DESPU\u00c9S DE EPIFAN\u00cdA 07-01-15"},"content":{"rendered":"<p><a href=\"http:\/\/delamanodemaria.com\/wp-content\/uploads\/2014\/03\/Anuncio-del-Reino.jpg\"><img decoding=\"async\" loading=\"lazy\" class=\"alignnone size-full wp-image-3185\" src=\"http:\/\/delamanodemaria.com\/wp-content\/uploads\/2014\/03\/Anuncio-del-Reino.jpg\" alt=\"Anuncio del Reino\" width=\"600\" height=\"250\" srcset=\"http:\/\/delamanodemaria.com\/wp-content\/uploads\/2014\/03\/Anuncio-del-Reino.jpg 600w, http:\/\/delamanodemaria.com\/wp-content\/uploads\/2014\/03\/Anuncio-del-Reino-300x125.jpg 300w, http:\/\/delamanodemaria.com\/wp-content\/uploads\/2014\/03\/Anuncio-del-Reino-500x208.jpg 500w\" sizes=\"(max-width: 600px) 100vw, 600px\" \/><\/a><\/p>\n<p>Ayer celebr\u00e1bamos la solemnidad de la Epifan\u00eda del Se\u00f1or, esa manifestaci\u00f3n de Dios a todas las naciones. Durante esta semana la liturgia seguir\u00e1 present\u00e1ndonos \u201csignos\u201d, peque\u00f1as \u201cepifan\u00edas\u201d, a trav\u00e9s de una serie de gestos que manifiestan a Cristo. Aqu\u00e9l Ni\u00f1o que fue adorado en Bel\u00e9n por los magos de oriente, se nos manifiesta en el Evangelio que leemos hoy (Mt 4,12-17.23-25) como el Mes\u00edas y el Maestro enviado por Dios.<\/p>\n<p>Comienza la lectura con la decisi\u00f3n de Jes\u00fas de cambiar de domicilio, de Nazaret a Galilea, tan pronto de entera que Juan el Bautista hab\u00eda sido apresado. All\u00ed se establecen en la ciudad de Cafarna\u00fan, a orillas del Mar de Galilea, que se convertir\u00eda en el \u201ccentro de operaciones\u201d de su gesti\u00f3n misionera. Una vez apresado Juan, Jes\u00fas comprendi\u00f3 que la labor de aqu\u00e9l hab\u00eda culminado. Ahora le correspond\u00eda a \u00c9l desplegar su misi\u00f3n evangelizadora.<\/p>\n<p>Mudarse de Nazaret a Cafarna\u00fan representaba un cambio dr\u00e1stico, era mudarse del \u201cambiente protegido\u201d de una comunidad peque\u00f1a en que todos se conoc\u00edan, a una ciudad cosmopolita donde habitaban muchos extranjeros paganos. Mateo ve en ese gesto de Jes\u00fas el cumplimiento de la profec\u00eda de Isa\u00edas: \u201cPa\u00eds de Zabul\u00f3n y pa\u00eds de Neftal\u00ed, camino del mar, al otro lado del Jord\u00e1n, Galilea de los gentiles. El pueblo que habitaba en tinieblas vio una luz grande; a los que habitaban en tierra y sombras de muerte, una luz les brill\u00f3\u201d. Jes\u00fas llega a traer la Luz a los paganos que viv\u00edan en las tinieblas porque no le conoc\u00edan.<\/p>\n<p>All\u00ed hace un llamado a la conversi\u00f3n, a jud\u00edos y gentiles por igual, como preparaci\u00f3n para la llegada del Reino que \u201cest\u00e1 cerca\u201d, desplegando su labor como predicador itinerante por toda la Galilea, mientras llevaba a cabo signos que constitu\u00edan manifestaciones o peque\u00f1as \u201cepifan\u00edas\u201d de su persona: \u201cRecorr\u00eda toda Galilea, ense\u00f1ando en las sinagogas y proclamando el Evangelio del reino, curando las enfermedades y dolencias del pueblo. Su fama se extendi\u00f3 por toda Siria y le tra\u00edan todos los enfermos aquejados de toda clase de enfermedades y dolores, endemoniados, lun\u00e1ticos y paral\u00edticos. Y \u00e9l los curaba\u201d. Este es el \u201canuncio del Reino de Dios invitando a la conversi\u00f3n\u201d que contemplamos como el tercero de los misterios luminosos o \u201cde luz\u201d que fueron instituidos por el Beato Juan Pablo II mediante la carta apost\u00f3lica <em>Rosarium Virginis Mariae<\/em>, el 16 de octubre de 2002.<\/p>\n<p>El pasaje que contemplamos hoy no nos dice qu\u00e9 dec\u00eda Jes\u00fas en sus predicaciones; eso lo veremos a lo largo de todo el relato evang\u00e9lico. Pero el mensaje central est\u00e1 ah\u00ed: \u00a1El Reino ha llegado!; Dios se ha manifestado, se ha hecho presente entre nosotros, se nos ha revelado en toda su plenitud en la persona de su Hijo, y a trav\u00e9s de \u00c9l nos llama a la conversi\u00f3n, nos invita a cambiar nuestras vidas para convertirnos en otros \u201ccristos\u201d (<em>Cfr<\/em>. G\u00e1l 2,20). As\u00ed, esa conversi\u00f3n implica auxiliar nuestros hermanos, especialmente a los enfermos, los pobres, los despose\u00eddos, tal como Cristo nos ense\u00f1\u00f3. Esta ser\u00e1 la se\u00f1al de que su Esp\u00edritu est\u00e1 obrando en nosotros, y que \u00c9l mismo habita entre nosotros.<\/p>\n<div style=\"padding-bottom:20px; padding-top:10px;\" class=\"hupso-share-buttons\"><!-- Hupso Share Buttons - https:\/\/www.hupso.com\/share\/ --><a class=\"hupso_toolbar\" href=\"https:\/\/www.hupso.com\/share\/\"><img src=\"http:\/\/static.hupso.com\/share\/buttons\/lang\/es\/share-medium.png\" style=\"border:0px; padding-top: 5px; float:left;\" alt=\"Share Button\"\/><\/a><script type=\"text\/javascript\">var hupso_services_t=new Array(\"Twitter\",\"Facebook\",\"Google Plus\",\"Pinterest\",\"Linkedin\",\"Email\",\"Print\");var hupso_background_t=\"#EAF4FF\";var hupso_border_t=\"#66CCFF\";var hupso_toolbar_size_t=\"medium\";var hupso_image_folder_url = \"\";var hupso_twitter_via=\"hectorops\";var hupso_url_t=\"\";var hupso_title_t=\"REFLEXI%C3%93N%20PARA%20EL%20MI%C3%89RCOLES%20DESPU%C3%89S%20DE%20EPIFAN%C3%8DA%2007-01-15\";<\/script><script type=\"text\/javascript\" src=\"http:\/\/static.hupso.com\/share\/js\/share_toolbar.js\"><\/script><!-- Hupso Share Buttons --><\/div>","protected":false},"excerpt":{"rendered":"<p>Ayer celebr\u00e1bamos la solemnidad de la Epifan\u00eda del Se\u00f1or, esa manifestaci\u00f3n de Dios a todas las naciones. Durante esta semana la liturgia seguir\u00e1 present\u00e1ndonos \u201csignos\u201d, peque\u00f1as \u201cepifan\u00edas\u201d, a trav\u00e9s de una serie de gestos que manifiestan a Cristo. Aqu\u00e9l Ni\u00f1o &hellip; <a href=\"http:\/\/delamanodemaria.com\/?p=4743\">Continue reading <span class=\"meta-nav\">&rarr;<\/span><\/a><\/p>\n<div style=\"padding-bottom:20px; padding-top:10px;\" class=\"hupso-share-buttons\"><!-- Hupso Share Buttons - https:\/\/www.hupso.com\/share\/ --><a class=\"hupso_toolbar\" href=\"https:\/\/www.hupso.com\/share\/\"><img src=\"http:\/\/static.hupso.com\/share\/buttons\/lang\/es\/share-medium.png\" style=\"border:0px; padding-top: 5px; float:left;\" alt=\"Share Button\"\/><\/a><script type=\"text\/javascript\">var hupso_services_t=new Array(\"Twitter\",\"Facebook\",\"Google Plus\",\"Pinterest\",\"Linkedin\",\"Email\",\"Print\");var hupso_background_t=\"#EAF4FF\";var hupso_border_t=\"#66CCFF\";var hupso_toolbar_size_t=\"medium\";var hupso_image_folder_url = \"\";var hupso_twitter_via=\"hectorops\";var hupso_url_t=\"\";var hupso_title_t=\"REFLEXI%C3%93N%20PARA%20EL%20MI%C3%89RCOLES%20DESPU%C3%89S%20DE%20EPIFAN%C3%8DA%2007-01-15\";<\/script><script type=\"text\/javascript\" src=\"http:\/\/static.hupso.com\/share\/js\/share_toolbar.js\"><\/script><!-- Hupso Share Buttons --><\/div>","protected":false},"author":1,"featured_media":0,"comment_status":"open","ping_status":"open","sticky":false,"template":"","format":"standard","meta":{"jetpack_post_was_ever_published":false,"_jetpack_newsletter_access":"","_jetpack_newsletter_tier_id":0,"jetpack_publicize_message":"","jetpack_is_tweetstorm":false,"jetpack_publicize_feature_enabled":true,"jetpack_social_post_already_shared":true,"jetpack_social_options":{"image_generator_settings":{"template":"highway","enabled":false}}},"categories":[1],"tags":[213,756,724,12,413,757,238,2,97,397],"jetpack_publicize_connections":[],"jetpack_featured_media_url":"","jetpack_shortlink":"https:\/\/wp.me\/p3bBgS-1ev","jetpack_sharing_enabled":true,"jetpack_likes_enabled":true,"_links":{"self":[{"href":"http:\/\/delamanodemaria.com\/index.php?rest_route=\/wp\/v2\/posts\/4743"}],"collection":[{"href":"http:\/\/delamanodemaria.com\/index.php?rest_route=\/wp\/v2\/posts"}],"about":[{"href":"http:\/\/delamanodemaria.com\/index.php?rest_route=\/wp\/v2\/types\/post"}],"author":[{"embeddable":true,"href":"http:\/\/delamanodemaria.com\/index.php?rest_route=\/wp\/v2\/users\/1"}],"replies":[{"embeddable":true,"href":"http:\/\/delamanodemaria.com\/index.php?rest_route=%2Fwp%2Fv2%2Fcomments&post=4743"}],"version-history":[{"count":2,"href":"http:\/\/delamanodemaria.com\/index.php?rest_route=\/wp\/v2\/posts\/4743\/revisions"}],"predecessor-version":[{"id":4745,"href":"http:\/\/delamanodemaria.com\/index.php?rest_route=\/wp\/v2\/posts\/4743\/revisions\/4745"}],"wp:attachment":[{"href":"http:\/\/delamanodemaria.com\/index.php?rest_route=%2Fwp%2Fv2%2Fmedia&parent=4743"}],"wp:term":[{"taxonomy":"category","embeddable":true,"href":"http:\/\/delamanodemaria.com\/index.php?rest_route=%2Fwp%2Fv2%2Fcategories&post=4743"},{"taxonomy":"post_tag","embeddable":true,"href":"http:\/\/delamanodemaria.com\/index.php?rest_route=%2Fwp%2Fv2%2Ftags&post=4743"}],"curies":[{"name":"wp","href":"https:\/\/api.w.org\/{rel}","templated":true}]}}