{"id":4746,"date":"2015-01-06T21:25:21","date_gmt":"2015-01-07T01:25:21","guid":{"rendered":"http:\/\/delamanodemaria.com\/?p=4746"},"modified":"2015-01-06T21:25:21","modified_gmt":"2015-01-07T01:25:21","slug":"vocero-vaticano-destaca-universalidad-en-nuevos-cardenales-anunciados-por-el-papa-francisco","status":"publish","type":"post","link":"http:\/\/delamanodemaria.com\/?p=4746","title":{"rendered":"Vocero vaticano destaca \u201cuniversalidad\u201d en nuevos Cardenales anunciados por el Papa Francisco"},"content":{"rendered":"<p><a href=\"http:\/\/delamanodemaria.com\/wp-content\/uploads\/2015\/01\/Cardenales.jpg\"><img decoding=\"async\" loading=\"lazy\" class=\"alignnone size-full wp-image-4747\" src=\"http:\/\/delamanodemaria.com\/wp-content\/uploads\/2015\/01\/Cardenales.jpg\" alt=\"Cardenales\" width=\"680\" height=\"378\" srcset=\"http:\/\/delamanodemaria.com\/wp-content\/uploads\/2015\/01\/Cardenales.jpg 680w, http:\/\/delamanodemaria.com\/wp-content\/uploads\/2015\/01\/Cardenales-300x167.jpg 300w, http:\/\/delamanodemaria.com\/wp-content\/uploads\/2015\/01\/Cardenales-500x278.jpg 500w\" sizes=\"(max-width: 680px) 100vw, 680px\" \/><\/a><\/p>\n<p>VATICANO, 04 Ene. 15 \/ 11:26 am (<b>ACI\/EWTN Noticias<\/b>).- El Director de la Sala de Prensa de la Santa Sede, P. Federico Lombardi, destac\u00f3 la \u201cuniversalidad\u201d como el \u201ccriterio m\u00e1s evidente\u201d del Papa Francisco al momento de elegir los 20 nuevos Cardenales que anunci\u00f3 hoy.<\/p>\n<p>El Papa Francisco anunci\u00f3 hoy, despu\u00e9s del rezo del \u00c1ngelus, los nombres de los 20 nuevos cardenales que crear\u00e1 en el Consistorio del pr\u00f3ximo 14 de febrero.<\/p>\n<p>Entre los nuevos Cardenales figuran Arzobispos y Obispos de Tailandia, Cabo Verde, Tonga, Birmania, entre otros.<\/p>\n<p>En un comunicado difundido hoy, el P. Lombardi se\u00f1al\u00f3 que \u201cel criterio m\u00e1s evidente es evidentemente el de la universalidad. Catorce pa\u00edses diferentes est\u00e1n representados, incluyendo algunos que no tienen actualmente un Cardenal, y algunos nunca han tenido uno\u201d. [<a href=\"https:\/\/www.aciprensa.com\/noticias\/vocero-vaticano-destaca-universalidad-en-nuevos-cardenales-anunciados-por-el-papa-francisco-30733\/?utm_content=buffere5f78&amp;utm_medium=social&amp;utm_source=facebook.com&amp;utm_campaign=buffer\" target=\"_blank\">continuar leyendo<\/a>]<\/p>\n<div style=\"padding-bottom:20px; padding-top:10px;\" class=\"hupso-share-buttons\"><!-- Hupso Share Buttons - https:\/\/www.hupso.com\/share\/ --><a class=\"hupso_toolbar\" href=\"https:\/\/www.hupso.com\/share\/\"><img src=\"http:\/\/static.hupso.com\/share\/buttons\/lang\/es\/share-medium.png\" style=\"border:0px; padding-top: 5px; float:left;\" alt=\"Share Button\"\/><\/a><script type=\"text\/javascript\">var hupso_services_t=new Array(\"Twitter\",\"Facebook\",\"Google Plus\",\"Pinterest\",\"Linkedin\",\"Email\",\"Print\");var hupso_background_t=\"#EAF4FF\";var hupso_border_t=\"#66CCFF\";var hupso_toolbar_size_t=\"medium\";var hupso_image_folder_url = \"\";var hupso_twitter_via=\"hectorops\";var hupso_url_t=\"\";var hupso_title_t=\"Vocero%20vaticano%20destaca%20%E2%80%9Cuniversalidad%E2%80%9D%20en%20nuevos%20Cardenales%20anunciados%20por%20el%20Papa%20Francisco\";<\/script><script type=\"text\/javascript\" src=\"http:\/\/static.hupso.com\/share\/js\/share_toolbar.js\"><\/script><!-- Hupso Share Buttons --><\/div>","protected":false},"excerpt":{"rendered":"<p>VATICANO, 04 Ene. 15 \/ 11:26 am (ACI\/EWTN Noticias).- El Director de la Sala de Prensa de la Santa Sede, P. Federico Lombardi, destac\u00f3 la \u201cuniversalidad\u201d como el \u201ccriterio m\u00e1s evidente\u201d del Papa Francisco al momento de elegir los 20 &hellip; <a href=\"http:\/\/delamanodemaria.com\/?p=4746\">Continue reading <span class=\"meta-nav\">&rarr;<\/span><\/a><\/p>\n<div style=\"padding-bottom:20px; padding-top:10px;\" class=\"hupso-share-buttons\"><!-- Hupso Share Buttons - https:\/\/www.hupso.com\/share\/ --><a class=\"hupso_toolbar\" href=\"https:\/\/www.hupso.com\/share\/\"><img src=\"http:\/\/static.hupso.com\/share\/buttons\/lang\/es\/share-medium.png\" style=\"border:0px; padding-top: 5px; float:left;\" alt=\"Share Button\"\/><\/a><script type=\"text\/javascript\">var hupso_services_t=new Array(\"Twitter\",\"Facebook\",\"Google Plus\",\"Pinterest\",\"Linkedin\",\"Email\",\"Print\");var hupso_background_t=\"#EAF4FF\";var hupso_border_t=\"#66CCFF\";var hupso_toolbar_size_t=\"medium\";var hupso_image_folder_url = \"\";var hupso_twitter_via=\"hectorops\";var hupso_url_t=\"\";var hupso_title_t=\"Vocero%20vaticano%20destaca%20%E2%80%9Cuniversalidad%E2%80%9D%20en%20nuevos%20Cardenales%20anunciados%20por%20el%20Papa%20Francisco\";<\/script><script type=\"text\/javascript\" src=\"http:\/\/static.hupso.com\/share\/js\/share_toolbar.js\"><\/script><!-- Hupso Share Buttons --><\/div>","protected":false},"author":1,"featured_media":0,"comment_status":"open","ping_status":"open","sticky":false,"template":"","format":"standard","meta":{"jetpack_post_was_ever_published":false,"_jetpack_newsletter_access":"","_jetpack_newsletter_tier_id":0,"jetpack_publicize_message":"","jetpack_is_tweetstorm":false,"jetpack_publicize_feature_enabled":true,"jetpack_social_post_already_shared":true,"jetpack_social_options":{"image_generator_settings":{"template":"highway","enabled":false}}},"categories":[1],"tags":[758,759,6,760,20],"jetpack_publicize_connections":[],"jetpack_featured_media_url":"","jetpack_shortlink":"https:\/\/wp.me\/p3bBgS-1ey","jetpack_sharing_enabled":true,"jetpack_likes_enabled":true,"_links":{"self":[{"href":"http:\/\/delamanodemaria.com\/index.php?rest_route=\/wp\/v2\/posts\/4746"}],"collection":[{"href":"http:\/\/delamanodemaria.com\/index.php?rest_route=\/wp\/v2\/posts"}],"about":[{"href":"http:\/\/delamanodemaria.com\/index.php?rest_route=\/wp\/v2\/types\/post"}],"author":[{"embeddable":true,"href":"http:\/\/delamanodemaria.com\/index.php?rest_route=\/wp\/v2\/users\/1"}],"replies":[{"embeddable":true,"href":"http:\/\/delamanodemaria.com\/index.php?rest_route=%2Fwp%2Fv2%2Fcomments&post=4746"}],"version-history":[{"count":1,"href":"http:\/\/delamanodemaria.com\/index.php?rest_route=\/wp\/v2\/posts\/4746\/revisions"}],"predecessor-version":[{"id":4748,"href":"http:\/\/delamanodemaria.com\/index.php?rest_route=\/wp\/v2\/posts\/4746\/revisions\/4748"}],"wp:attachment":[{"href":"http:\/\/delamanodemaria.com\/index.php?rest_route=%2Fwp%2Fv2%2Fmedia&parent=4746"}],"wp:term":[{"taxonomy":"category","embeddable":true,"href":"http:\/\/delamanodemaria.com\/index.php?rest_route=%2Fwp%2Fv2%2Fcategories&post=4746"},{"taxonomy":"post_tag","embeddable":true,"href":"http:\/\/delamanodemaria.com\/index.php?rest_route=%2Fwp%2Fv2%2Ftags&post=4746"}],"curies":[{"name":"wp","href":"https:\/\/api.w.org\/{rel}","templated":true}]}}