{"id":4763,"date":"2015-01-09T21:16:20","date_gmt":"2015-01-10T01:16:20","guid":{"rendered":"http:\/\/delamanodemaria.com\/?p=4763"},"modified":"2015-01-09T21:16:20","modified_gmt":"2015-01-10T01:16:20","slug":"reflexion-para-el-sabado-despues-de-epifania-10-01-15","status":"publish","type":"post","link":"http:\/\/delamanodemaria.com\/?p=4763","title":{"rendered":"REFLEXI\u00d3N PARA EL S\u00c1BADO DESPU\u00c9S DE EPIFAN\u00cdA 10-01-15"},"content":{"rendered":"<p><a href=\"http:\/\/delamanodemaria.com\/wp-content\/uploads\/2013\/06\/amaras-a-tu-projimo-e1400028201860.jpg\"><img decoding=\"async\" loading=\"lazy\" class=\" size-full wp-image-1180 aligncenter\" src=\"http:\/\/delamanodemaria.com\/wp-content\/uploads\/2013\/06\/amaras-a-tu-projimo-e1400028201860.jpg\" alt=\"amaras-a-tu-projimo\" width=\"500\" height=\"406\" \/><\/a><\/p>\n<p>\u201cNosotros amamos a Dios, porque \u00e9l nos am\u00f3 primero\u201d. Con esta frase comienza el pasaje de la primera carta del ap\u00f3stol san Juan que nos presenta la liturgia para hoy (1 Jn 4,19-5,4). Deteng\u00e1monos un momento a meditar sobre el alcance y la profundidad de esa frase. Dios nos am\u00f3 primero. Esta aseveraci\u00f3n no est\u00e1 condicionada. Es absoluta. Dios nos ama, nos ha amado, antes de que le correspondi\u00e9ramos, y aunque no le correspondamos. No nos ama porque seamos buenos, o virtuosos, o piadosos, o llenos de amor. Nos ama tal y como somos: pecadores, ego\u00edstas, viciosos, con car\u00e1cter deforme. Dios no escatima en su amor. \u00c9l ama inclusive a aquellos que no creen en \u00c9l, a aquellos que le persiguen (Jn 13,34-35).<\/p>\n<p>Recuerdo haber escuchado a un sacerdote decir a un ni\u00f1o: \u201cDios ama a los ni\u00f1itos que se portan bien\u201d. Y yo me pregunt\u00e9: \u00bfes que acaso no ama a los que no se \u201cportan bien\u201d? Dios nos ama primero precisamente para capacitarnos a amar, para salvarnos; para inundar nuestro coraz\u00f3n con su Amor de manera que podamos amar a nuestros hermanos, y am\u00e1ndolos a ellos amarlo a \u00c9l. Una vez nos dejamos seducir por Su amor, amamos al pr\u00f3jimo y cumplimos los mandamientos; no por temor, sino por amor. Es la ley del amor.<\/p>\n<p>Por eso el mensaje de Jes\u00fas resultaba atractivo para el pueblo, especialmente aquellos que eran marginados de la sociedad, a quienes se les consideraba inmerecedores de la gracia y el amor de Dios. Jes\u00fas, con su carisma y sabidur\u00eda, hab\u00eda logrado cautivar las multitudes. Nos dice el Evangelio de hoy (Lc 4,14-22) que su fama se hab\u00eda extendido por toda la Galilea. Podr\u00edamos decir que se encontraba en el pin\u00e1culo de su popularidad como predicador. Se hab\u00eda convertido en lo que hoy llamar\u00edamos un <em>celebrity<\/em>. En ese momento decide regresar a su pueblo de Nazaret, pero cambiado. Ya no era aquel artesano que hab\u00eda salido de su pueblo hac\u00eda m\u00e1s de dos a\u00f1os. Imagino que todos estaban \u00e1vidos de escucharle.<\/p>\n<p>Nos dice la escritura que Jes\u00fas entr\u00f3 en la sinagoga, se puso en pie para hacer la lectura, y encontr\u00f3 el pasaje del profeta Isa\u00edas que dice: \u201cEl Esp\u00edritu del Se\u00f1or est\u00e1 sobre m\u00ed, porque \u00e9l me ha ungido. Me ha enviado para anunciar el Evangelio a los pobres, para anunciar a los cautivos la libertad, y a los ciegos, la vista. Para dar libertad a los oprimidos; para anunciar el a\u00f1o de gracia del Se\u00f1or\u201d. Y al terminar de leer, a manera de homil\u00eda, dijo a los presentes: \u201cHoy se cumple esta Escritura que acab\u00e1is de o\u00edr\u201d. Es el llamado \u201cdiscurso program\u00e1tico\u201d de Jes\u00fas, que constituye la culminaci\u00f3n de su manifestaci\u00f3n, de aquella \u201cepifan\u00eda\u201d que celebramos hace apenas cuatro d\u00edas.<\/p>\n<p>Esas palabras de Jes\u00fas constituyen una proclamaci\u00f3n del amor gratuito de Dios a toda la humanidad (incluyendo a los paganos, como vimos en la Epifan\u00eda), estableciendo su \u201copci\u00f3n preferencial\u201d por los pobres, los cautivos, los ciegos. En ese momento queda definida la misi\u00f3n de Jes\u00fas, asistido por el Esp\u00edritu Santo. Y nosotros, con la ayuda del Esp\u00edritu, estamos llamados a continuar la proclamaci\u00f3n de ese mismo Amor.<\/p>\n<p>\u00bfTe animas?<\/p>\n<div style=\"padding-bottom:20px; padding-top:10px;\" class=\"hupso-share-buttons\"><!-- Hupso Share Buttons - https:\/\/www.hupso.com\/share\/ --><a class=\"hupso_toolbar\" href=\"https:\/\/www.hupso.com\/share\/\"><img src=\"http:\/\/static.hupso.com\/share\/buttons\/lang\/es\/share-medium.png\" style=\"border:0px; padding-top: 5px; float:left;\" alt=\"Share Button\"\/><\/a><script type=\"text\/javascript\">var hupso_services_t=new Array(\"Twitter\",\"Facebook\",\"Google Plus\",\"Pinterest\",\"Linkedin\",\"Email\",\"Print\");var hupso_background_t=\"#EAF4FF\";var hupso_border_t=\"#66CCFF\";var hupso_toolbar_size_t=\"medium\";var hupso_image_folder_url = \"\";var hupso_twitter_via=\"hectorops\";var hupso_url_t=\"\";var hupso_title_t=\"REFLEXI%C3%93N%20PARA%20EL%20S%C3%81BADO%20DESPU%C3%89S%20DE%20EPIFAN%C3%8DA%2010-01-15\";<\/script><script type=\"text\/javascript\" src=\"http:\/\/static.hupso.com\/share\/js\/share_toolbar.js\"><\/script><!-- Hupso Share Buttons --><\/div>","protected":false},"excerpt":{"rendered":"<p>\u201cNosotros amamos a Dios, porque \u00e9l nos am\u00f3 primero\u201d. Con esta frase comienza el pasaje de la primera carta del ap\u00f3stol san Juan que nos presenta la liturgia para hoy (1 Jn 4,19-5,4). Deteng\u00e1monos un momento a meditar sobre el &hellip; <a href=\"http:\/\/delamanodemaria.com\/?p=4763\">Continue reading <span class=\"meta-nav\">&rarr;<\/span><\/a><\/p>\n<div style=\"padding-bottom:20px; padding-top:10px;\" class=\"hupso-share-buttons\"><!-- Hupso Share Buttons - https:\/\/www.hupso.com\/share\/ --><a class=\"hupso_toolbar\" href=\"https:\/\/www.hupso.com\/share\/\"><img src=\"http:\/\/static.hupso.com\/share\/buttons\/lang\/es\/share-medium.png\" style=\"border:0px; padding-top: 5px; float:left;\" alt=\"Share Button\"\/><\/a><script type=\"text\/javascript\">var hupso_services_t=new Array(\"Twitter\",\"Facebook\",\"Google Plus\",\"Pinterest\",\"Linkedin\",\"Email\",\"Print\");var hupso_background_t=\"#EAF4FF\";var hupso_border_t=\"#66CCFF\";var hupso_toolbar_size_t=\"medium\";var hupso_image_folder_url = \"\";var hupso_twitter_via=\"hectorops\";var hupso_url_t=\"\";var hupso_title_t=\"REFLEXI%C3%93N%20PARA%20EL%20S%C3%81BADO%20DESPU%C3%89S%20DE%20EPIFAN%C3%8DA%2010-01-15\";<\/script><script type=\"text\/javascript\" src=\"http:\/\/static.hupso.com\/share\/js\/share_toolbar.js\"><\/script><!-- Hupso Share Buttons --><\/div>","protected":false},"author":1,"featured_media":0,"comment_status":"open","ping_status":"open","sticky":false,"template":"","format":"standard","meta":{"jetpack_post_was_ever_published":false,"_jetpack_newsletter_access":"","_jetpack_newsletter_tier_id":0,"jetpack_publicize_message":"","jetpack_is_tweetstorm":false,"jetpack_publicize_feature_enabled":true,"jetpack_social_post_already_shared":true,"jetpack_social_options":{"image_generator_settings":{"template":"highway","enabled":false}}},"categories":[1],"tags":[30,534,618,413,428,327,2,394],"jetpack_publicize_connections":[],"jetpack_featured_media_url":"","jetpack_shortlink":"https:\/\/wp.me\/p3bBgS-1eP","jetpack_sharing_enabled":true,"jetpack_likes_enabled":true,"_links":{"self":[{"href":"http:\/\/delamanodemaria.com\/index.php?rest_route=\/wp\/v2\/posts\/4763"}],"collection":[{"href":"http:\/\/delamanodemaria.com\/index.php?rest_route=\/wp\/v2\/posts"}],"about":[{"href":"http:\/\/delamanodemaria.com\/index.php?rest_route=\/wp\/v2\/types\/post"}],"author":[{"embeddable":true,"href":"http:\/\/delamanodemaria.com\/index.php?rest_route=\/wp\/v2\/users\/1"}],"replies":[{"embeddable":true,"href":"http:\/\/delamanodemaria.com\/index.php?rest_route=%2Fwp%2Fv2%2Fcomments&post=4763"}],"version-history":[{"count":2,"href":"http:\/\/delamanodemaria.com\/index.php?rest_route=\/wp\/v2\/posts\/4763\/revisions"}],"predecessor-version":[{"id":4765,"href":"http:\/\/delamanodemaria.com\/index.php?rest_route=\/wp\/v2\/posts\/4763\/revisions\/4765"}],"wp:attachment":[{"href":"http:\/\/delamanodemaria.com\/index.php?rest_route=%2Fwp%2Fv2%2Fmedia&parent=4763"}],"wp:term":[{"taxonomy":"category","embeddable":true,"href":"http:\/\/delamanodemaria.com\/index.php?rest_route=%2Fwp%2Fv2%2Fcategories&post=4763"},{"taxonomy":"post_tag","embeddable":true,"href":"http:\/\/delamanodemaria.com\/index.php?rest_route=%2Fwp%2Fv2%2Ftags&post=4763"}],"curies":[{"name":"wp","href":"https:\/\/api.w.org\/{rel}","templated":true}]}}