{"id":4769,"date":"2015-01-10T17:03:54","date_gmt":"2015-01-10T21:03:54","guid":{"rendered":"http:\/\/delamanodemaria.com\/?p=4769"},"modified":"2015-01-10T17:03:54","modified_gmt":"2015-01-10T21:03:54","slug":"reflexion-para-la-fiesta-del-bautismo-del-senor-11-01-15-b","status":"publish","type":"post","link":"http:\/\/delamanodemaria.com\/?p=4769","title":{"rendered":"REFLEXI\u00d3N PARA LA FIESTA DEL BAUTISMO DEL SE\u00d1OR 11-01-15 (B)"},"content":{"rendered":"<p><a href=\"http:\/\/delamanodemaria.com\/wp-content\/uploads\/2014\/01\/Bautismo-del-Senor-med.jpg\"><img decoding=\"async\" loading=\"lazy\" class=\"alignnone size-full wp-image-2772\" src=\"http:\/\/delamanodemaria.com\/wp-content\/uploads\/2014\/01\/Bautismo-del-Senor-med.jpg\" alt=\"Bautismo del Senor med\" width=\"594\" height=\"354\" srcset=\"http:\/\/delamanodemaria.com\/wp-content\/uploads\/2014\/01\/Bautismo-del-Senor-med.jpg 594w, http:\/\/delamanodemaria.com\/wp-content\/uploads\/2014\/01\/Bautismo-del-Senor-med-300x178.jpg 300w, http:\/\/delamanodemaria.com\/wp-content\/uploads\/2014\/01\/Bautismo-del-Senor-med-500x297.jpg 500w\" sizes=\"(max-width: 594px) 100vw, 594px\" \/><\/a><\/p>\n<p>La Iglesia Universal celebra hoy la fiesta lit\u00fargica del Bautismo del Se\u00f1or, otra de las grandes epifan\u00edas (manifestaciones) de Jes\u00fas, y la liturgia nos regala como primera lectura el comienzo del primer c\u00e1ntico del Siervo de Yahv\u00e9 en el libro del profeta Isa\u00edas (42,1-4.6-7). Ese pasaje prefigura la lectura evang\u00e9lica, que para este \u201cciclo B\u201d es la versi\u00f3n de Marcos del Bautismo de Jes\u00fas (1,7-11).<\/p>\n<p>En la primera lectura el Se\u00f1or se manifiesta por boca de Isa\u00edas: \u201cMirad a mi siervo, a quien sostengo; mi elegido, a quien prefiero. Sobre \u00e9l he puesto mi esp\u00edritu\u201d. Como podemos apreciar, el paralelismo de este pasaje con el Evangelio de hoy es asombroso: \u201cApenas sali\u00f3 del agua, vio rasgarse el cielo y al Esp\u00edritu bajar hacia \u00e9l como una paloma. Se oy\u00f3 una voz del cielo: \u2018T\u00fa eres mi Hijo amado, mi predilecto\u2019\u201d.<\/p>\n<p>En la Solemnidad de la Epifan\u00eda dec\u00edamos que la Iglesia celebra tres epifan\u00edas importantes: La Epifan\u00eda ante los Reyes Magos, la Epifan\u00eda a Juan el Bautista en el R\u00edo Jord\u00e1n cuando Jes\u00fas fue bautizado, y la Epifan\u00eda a sus disc\u00edpulos en las Bodas de Can\u00e1. En la que celebramos hoy, no solo experimentamos una manifestaci\u00f3n de Jes\u00fas; tenemos una verdadera teofan\u00eda en la que se manifiestan las tres personas de la Sant\u00edsima Trinidad: Padre, Hijo y Esp\u00edritu Santo.<\/p>\n<p>Ese gesto de Jes\u00fas de bautizarse como \u201cuno m\u00e1s\u201d, junto a los pecadores, sin necesitar bautismo por estar libre de todo pecado, enfatiza el car\u00e1cter totalizante de la encarnaci\u00f3n. Jes\u00fas se hizo uno con nosotros, uno de nosotros. Pero su doble naturaleza se revela en el Esp\u00edritu que desciende sobre \u00c9l y la voz del Padre que le llama \u201cHijo\u201d (\u201cPor eso el ni\u00f1o ser\u00e1 Santo y ser\u00e1 llamado Hijo de Dios\u201d. \u2013 Lc 1,35).<\/p>\n<p>Con esa aparici\u00f3n del Esp\u00edritu seguida de la frase que acabamos de escuchar, se establece una nueva relaci\u00f3n entre Dios y la humanidad a trav\u00e9s del Ungido. As\u00ed, todos los que nacemos del agua y del Esp\u00edritu por medio del Bautismo, nos convertimos en \u201chijos amados y predilectos\u201d del Padre y, por tanto, hermanos de Jes\u00fas y coherederos de la Gloria. Por eso podemos llamar a Dios \u201cPadre\u201d, y \u00c9l puede llamarnos \u201chijos\u201d. As\u00ed se cumple la profec\u00eda: \u201cYo ser\u00e9 para \u00e9l un padre y \u00e9l ser\u00e1 para m\u00ed un hijo\u201d (2 Sam 7,14; Hb 1,5).<\/p>\n<p>La efusi\u00f3n del Esp\u00edritu Santo sobre Jes\u00fas lo lanza a comenzar su misi\u00f3n redentora y le acompa\u00f1ar\u00e1 a lo largo de toda ella. Nosotros, los que por medio del Bautismo hemos participado de la muerte, y participamos de la misma Vida y el mismo Esp\u00edritu del Se\u00f1or, estamos llamados a continuar Su obra salvadora, convirti\u00e9ndonos en \u201cEvangelios vivientes\u201d en el mundo y en la historia.<\/p>\n<p>En esta celebraci\u00f3n de la Fiesta del Bautismo del Se\u00f1or, pidamos a nuestro Padre del Cielo que haga descender sobre nosotros el mismo Esp\u00edritu que descendi\u00f3 sobre su Hijo el d\u00eda de su Bautismo, para que como lo hizo con \u00c9l, nos insufle la valent\u00eda, el arrojo y el fuego apost\u00f3lico necesarios para llevar a cabo nuestra misi\u00f3n de anunciar la Buena Nueva del Reino, para que todos se conviertan y crean en \u00c9l.<\/p>\n<div style=\"padding-bottom:20px; padding-top:10px;\" class=\"hupso-share-buttons\"><!-- Hupso Share Buttons - https:\/\/www.hupso.com\/share\/ --><a class=\"hupso_toolbar\" href=\"https:\/\/www.hupso.com\/share\/\"><img src=\"http:\/\/static.hupso.com\/share\/buttons\/lang\/es\/share-medium.png\" style=\"border:0px; padding-top: 5px; float:left;\" alt=\"Share Button\"\/><\/a><script type=\"text\/javascript\">var hupso_services_t=new Array(\"Twitter\",\"Facebook\",\"Google Plus\",\"Pinterest\",\"Linkedin\",\"Email\",\"Print\");var hupso_background_t=\"#EAF4FF\";var hupso_border_t=\"#66CCFF\";var hupso_toolbar_size_t=\"medium\";var hupso_image_folder_url = \"\";var hupso_twitter_via=\"hectorops\";var hupso_url_t=\"\";var hupso_title_t=\"REFLEXI%C3%93N%20PARA%20LA%20FIESTA%20DEL%20BAUTISMO%20DEL%20SE%C3%91OR%2011-01-15%20%28B%29\";<\/script><script type=\"text\/javascript\" src=\"http:\/\/static.hupso.com\/share\/js\/share_toolbar.js\"><\/script><!-- Hupso Share Buttons --><\/div>","protected":false},"excerpt":{"rendered":"<p>La Iglesia Universal celebra hoy la fiesta lit\u00fargica del Bautismo del Se\u00f1or, otra de las grandes epifan\u00edas (manifestaciones) de Jes\u00fas, y la liturgia nos regala como primera lectura el comienzo del primer c\u00e1ntico del Siervo de Yahv\u00e9 en el libro &hellip; <a href=\"http:\/\/delamanodemaria.com\/?p=4769\">Continue reading <span class=\"meta-nav\">&rarr;<\/span><\/a><\/p>\n<div style=\"padding-bottom:20px; padding-top:10px;\" class=\"hupso-share-buttons\"><!-- Hupso Share Buttons - https:\/\/www.hupso.com\/share\/ --><a class=\"hupso_toolbar\" href=\"https:\/\/www.hupso.com\/share\/\"><img src=\"http:\/\/static.hupso.com\/share\/buttons\/lang\/es\/share-medium.png\" style=\"border:0px; padding-top: 5px; float:left;\" alt=\"Share Button\"\/><\/a><script type=\"text\/javascript\">var hupso_services_t=new Array(\"Twitter\",\"Facebook\",\"Google Plus\",\"Pinterest\",\"Linkedin\",\"Email\",\"Print\");var hupso_background_t=\"#EAF4FF\";var hupso_border_t=\"#66CCFF\";var hupso_toolbar_size_t=\"medium\";var hupso_image_folder_url = \"\";var hupso_twitter_via=\"hectorops\";var hupso_url_t=\"\";var hupso_title_t=\"REFLEXI%C3%93N%20PARA%20LA%20FIESTA%20DEL%20BAUTISMO%20DEL%20SE%C3%91OR%2011-01-15%20%28B%29\";<\/script><script type=\"text\/javascript\" src=\"http:\/\/static.hupso.com\/share\/js\/share_toolbar.js\"><\/script><!-- Hupso Share Buttons --><\/div>","protected":false},"author":1,"featured_media":0,"comment_status":"open","ping_status":"open","sticky":false,"template":"","format":"standard","meta":{"jetpack_post_was_ever_published":false,"_jetpack_newsletter_access":"","_jetpack_newsletter_tier_id":0,"jetpack_publicize_message":"","jetpack_is_tweetstorm":false,"jetpack_publicize_feature_enabled":true,"jetpack_social_post_already_shared":true,"jetpack_social_options":{"image_generator_settings":{"template":"highway","enabled":false}}},"categories":[1],"tags":[159,762,105,724,413,29,96,371,2,97,422,421],"jetpack_publicize_connections":[],"jetpack_featured_media_url":"","jetpack_shortlink":"https:\/\/wp.me\/p3bBgS-1eV","jetpack_sharing_enabled":true,"jetpack_likes_enabled":true,"_links":{"self":[{"href":"http:\/\/delamanodemaria.com\/index.php?rest_route=\/wp\/v2\/posts\/4769"}],"collection":[{"href":"http:\/\/delamanodemaria.com\/index.php?rest_route=\/wp\/v2\/posts"}],"about":[{"href":"http:\/\/delamanodemaria.com\/index.php?rest_route=\/wp\/v2\/types\/post"}],"author":[{"embeddable":true,"href":"http:\/\/delamanodemaria.com\/index.php?rest_route=\/wp\/v2\/users\/1"}],"replies":[{"embeddable":true,"href":"http:\/\/delamanodemaria.com\/index.php?rest_route=%2Fwp%2Fv2%2Fcomments&post=4769"}],"version-history":[{"count":3,"href":"http:\/\/delamanodemaria.com\/index.php?rest_route=\/wp\/v2\/posts\/4769\/revisions"}],"predecessor-version":[{"id":14849,"href":"http:\/\/delamanodemaria.com\/index.php?rest_route=\/wp\/v2\/posts\/4769\/revisions\/14849"}],"wp:attachment":[{"href":"http:\/\/delamanodemaria.com\/index.php?rest_route=%2Fwp%2Fv2%2Fmedia&parent=4769"}],"wp:term":[{"taxonomy":"category","embeddable":true,"href":"http:\/\/delamanodemaria.com\/index.php?rest_route=%2Fwp%2Fv2%2Fcategories&post=4769"},{"taxonomy":"post_tag","embeddable":true,"href":"http:\/\/delamanodemaria.com\/index.php?rest_route=%2Fwp%2Fv2%2Ftags&post=4769"}],"curies":[{"name":"wp","href":"https:\/\/api.w.org\/{rel}","templated":true}]}}