{"id":4775,"date":"2015-01-12T22:41:04","date_gmt":"2015-01-13T02:41:04","guid":{"rendered":"http:\/\/delamanodemaria.com\/?p=4775"},"modified":"2015-01-12T22:52:43","modified_gmt":"2015-01-13T02:52:43","slug":"reflexion-para-el-martes-de-la-primera-semana-del-t-o-1-13-0-115","status":"publish","type":"post","link":"http:\/\/delamanodemaria.com\/?p=4775","title":{"rendered":"REFLEXI\u00d3N PARA EL MARTES DE LA PRIMERA SEMANA DEL T.O. (1) 13-01-15"},"content":{"rendered":"<p><a href=\"http:\/\/delamanodemaria.com\/wp-content\/uploads\/2014\/07\/PENALTY.jpg\"><img decoding=\"async\" loading=\"lazy\" class=\"alignnone size-full wp-image-3731\" src=\"http:\/\/delamanodemaria.com\/wp-content\/uploads\/2014\/07\/PENALTY.jpg\" alt=\"PENALTY\" width=\"640\" height=\"501\" srcset=\"http:\/\/delamanodemaria.com\/wp-content\/uploads\/2014\/07\/PENALTY.jpg 640w, http:\/\/delamanodemaria.com\/wp-content\/uploads\/2014\/07\/PENALTY-300x234.jpg 300w, http:\/\/delamanodemaria.com\/wp-content\/uploads\/2014\/07\/PENALTY-383x300.jpg 383w\" sizes=\"(max-width: 640px) 100vw, 640px\" \/><\/a><\/p>\n<p>Continuamos adentr\u00e1ndonos en el Tiempo ordinario. La figura de Cristo-predicador sigue tomando forma y, junto con ella, se va revelando la divinidad de Jes\u00fas. El misterio de la Encarnaci\u00f3n.<\/p>\n<p>Como primera lectura la liturgia nos sigue presentando la carta a los Hebreos (2,5-12). En este pasaje el autor de la carta enfatiza la naturaleza humana de Jes\u00fas, y c\u00f3mo al hacerse uno de nosotros al punto de llamarnos \u201chermanos\u201d, nos abri\u00f3 el camino a la gloria eterna. \u201cAl que Dios hab\u00eda hecho un poco inferior a los \u00e1ngeles, a Jes\u00fas, lo vemos ahora coronado de gloria y honor por su pasi\u00f3n y muerte. As\u00ed, por la gracia de Dios, ha padecido la muerte para bien de todos. Dios, para quien y por quien existe todo, juzg\u00f3 conveniente, para llevar a una multitud de hijos a la gloria, perfeccionar y consagrar con sufrimientos al gu\u00eda de su salvaci\u00f3n\u201d. El autor de la carta a los Hebreos nos resume en apenas tres oraciones valor redentor del sacrificio de Cristo.<\/p>\n<p>Jes\u00fas muestra su superioridad (\u201cpuesto a someterle todo, nada dej\u00f3 fuera de su dominio\u201d), pero a la misma vez muestra su solidaridad total con nosotros. Es por eso que podemos llamar a Dios <em>Abba<\/em>, Padre, al igual que Jes\u00fas. Esa filiaci\u00f3n divina que recibimos en el Bautismo que nos convierte en Hijos de Dios, hermanos de Jes\u00fas, y coherederos de la gloria.<\/p>\n<p>En la lectura evang\u00e9lica de hoy (Mc 1,21-28) vemos el comienzo de la misi\u00f3n de Jes\u00fas. Lo encontramos entrando a Cafarna\u00fan. Apenas cuenta con cuatro disc\u00edpulos, pero no espera, tiene que cumplir su misi\u00f3n y sabe que tiene poco tiempo. Lo vemos predicando en la sinagoga (algo no muy com\u00fan en Jes\u00fas, que prefer\u00eda hacerlo al descampado). Todos se maravillaban de la autoridad con que expon\u00eda su doctrina, porque lo hac\u00eda, no como lo escribas (que no aventuraban interpretar la ley a menos que su juicio estuviera avalado por las escrituras), \u201csino con autoridad\u201d. Otra muestra de la divinidad de Jes\u00fas, quien hab\u00eda venido a dar plenitud a la Ley y los profetas (Mt 5,17). Todos perciben que Jes\u00fas habla con una autoridad que viene desde el interior de s\u00ed mismo y que solo puede venir del mismo Dios. Tal vez todav\u00eda no tienen claro que \u00c9l es Dios, pero este episodio constituye el primer atisbo de esa divinidad que se seguir\u00e1 manifestando a trav\u00e9s del Evangelio.<\/p>\n<p>Y para que no quede duda sobre su \u201cautoridad\u201d y su superioridad sobre todo, la Escritura nos presenta a un hombre pose\u00eddo por un \u201cesp\u00edritu inmundo\u201d que se encuentra con Jes\u00fas en la sinagoga. El esp\u00edritu increpa a Jes\u00fas y, una vez m\u00e1s, Jes\u00fas habla con autoridad: \u201cC\u00e1llate y sal de \u00e9l\u201d. Y el esp\u00edritu \u201cdando un grito muy fuerte, sali\u00f3\u201d. Todos estaban asombrados, confundidos, y se dec\u00edan: \u201c\u00bfQu\u00e9 es esto? Este ense\u00f1ar con autoridad es nuevo\u201d. Y eso, que estamos apenas comenzando, es el primer d\u00eda de predicaci\u00f3n de Jes\u00fas. \u00a1Abr\u00f3chense los cinturones!<\/p>\n<p>Y yo, \u00bftengo claro qui\u00e9n es Jes\u00fas? \u00bfHe sido testigo de su poder? Cuando hablo de \u00c9l, \u00bfpresento una imagen \u201cde libro\u201d sobre su persona, o soy capaz de presentar mi experiencia de la divinidad de Jes\u00fas y c\u00f3mo ha obrado en m\u00ed?<\/p>\n<div style=\"padding-bottom:20px; padding-top:10px;\" class=\"hupso-share-buttons\"><!-- Hupso Share Buttons - https:\/\/www.hupso.com\/share\/ --><a class=\"hupso_toolbar\" href=\"https:\/\/www.hupso.com\/share\/\"><img src=\"http:\/\/static.hupso.com\/share\/buttons\/lang\/es\/share-medium.png\" style=\"border:0px; padding-top: 5px; float:left;\" alt=\"Share Button\"\/><\/a><script type=\"text\/javascript\">var hupso_services_t=new Array(\"Twitter\",\"Facebook\",\"Google Plus\",\"Pinterest\",\"Linkedin\",\"Email\",\"Print\");var hupso_background_t=\"#EAF4FF\";var hupso_border_t=\"#66CCFF\";var hupso_toolbar_size_t=\"medium\";var hupso_image_folder_url = \"\";var hupso_twitter_via=\"hectorops\";var hupso_url_t=\"\";var hupso_title_t=\"REFLEXI%C3%93N%20PARA%20EL%20MARTES%20DE%20LA%20PRIMERA%20SEMANA%20DEL%20T.O.%20%281%29%2013-01-15\";<\/script><script type=\"text\/javascript\" src=\"http:\/\/static.hupso.com\/share\/js\/share_toolbar.js\"><\/script><!-- Hupso Share Buttons --><\/div>","protected":false},"excerpt":{"rendered":"<p>Continuamos adentr\u00e1ndonos en el Tiempo ordinario. La figura de Cristo-predicador sigue tomando forma y, junto con ella, se va revelando la divinidad de Jes\u00fas. El misterio de la Encarnaci\u00f3n. Como primera lectura la liturgia nos sigue presentando la carta a &hellip; <a href=\"http:\/\/delamanodemaria.com\/?p=4775\">Continue reading <span class=\"meta-nav\">&rarr;<\/span><\/a><\/p>\n<div style=\"padding-bottom:20px; padding-top:10px;\" class=\"hupso-share-buttons\"><!-- Hupso Share Buttons - https:\/\/www.hupso.com\/share\/ --><a class=\"hupso_toolbar\" href=\"https:\/\/www.hupso.com\/share\/\"><img src=\"http:\/\/static.hupso.com\/share\/buttons\/lang\/es\/share-medium.png\" style=\"border:0px; padding-top: 5px; float:left;\" alt=\"Share Button\"\/><\/a><script type=\"text\/javascript\">var hupso_services_t=new Array(\"Twitter\",\"Facebook\",\"Google Plus\",\"Pinterest\",\"Linkedin\",\"Email\",\"Print\");var hupso_background_t=\"#EAF4FF\";var hupso_border_t=\"#66CCFF\";var hupso_toolbar_size_t=\"medium\";var hupso_image_folder_url = \"\";var hupso_twitter_via=\"hectorops\";var hupso_url_t=\"\";var hupso_title_t=\"REFLEXI%C3%93N%20PARA%20EL%20MARTES%20DE%20LA%20PRIMERA%20SEMANA%20DEL%20T.O.%20%281%29%2013-01-15\";<\/script><script type=\"text\/javascript\" src=\"http:\/\/static.hupso.com\/share\/js\/share_toolbar.js\"><\/script><!-- Hupso Share Buttons --><\/div>","protected":false},"author":1,"featured_media":0,"comment_status":"open","ping_status":"open","sticky":false,"template":"","format":"standard","meta":{"jetpack_post_was_ever_published":false,"_jetpack_newsletter_access":"","_jetpack_newsletter_tier_id":0,"jetpack_publicize_message":"","jetpack_is_tweetstorm":false,"jetpack_publicize_feature_enabled":true,"jetpack_social_post_already_shared":true,"jetpack_social_options":{"image_generator_settings":{"template":"highway","enabled":false}}},"categories":[1],"tags":[197,765,756,766,299,96,2,270,722],"jetpack_publicize_connections":[],"jetpack_featured_media_url":"","jetpack_shortlink":"https:\/\/wp.me\/p3bBgS-1f1","jetpack_sharing_enabled":true,"jetpack_likes_enabled":true,"_links":{"self":[{"href":"http:\/\/delamanodemaria.com\/index.php?rest_route=\/wp\/v2\/posts\/4775"}],"collection":[{"href":"http:\/\/delamanodemaria.com\/index.php?rest_route=\/wp\/v2\/posts"}],"about":[{"href":"http:\/\/delamanodemaria.com\/index.php?rest_route=\/wp\/v2\/types\/post"}],"author":[{"embeddable":true,"href":"http:\/\/delamanodemaria.com\/index.php?rest_route=\/wp\/v2\/users\/1"}],"replies":[{"embeddable":true,"href":"http:\/\/delamanodemaria.com\/index.php?rest_route=%2Fwp%2Fv2%2Fcomments&post=4775"}],"version-history":[{"count":2,"href":"http:\/\/delamanodemaria.com\/index.php?rest_route=\/wp\/v2\/posts\/4775\/revisions"}],"predecessor-version":[{"id":4782,"href":"http:\/\/delamanodemaria.com\/index.php?rest_route=\/wp\/v2\/posts\/4775\/revisions\/4782"}],"wp:attachment":[{"href":"http:\/\/delamanodemaria.com\/index.php?rest_route=%2Fwp%2Fv2%2Fmedia&parent=4775"}],"wp:term":[{"taxonomy":"category","embeddable":true,"href":"http:\/\/delamanodemaria.com\/index.php?rest_route=%2Fwp%2Fv2%2Fcategories&post=4775"},{"taxonomy":"post_tag","embeddable":true,"href":"http:\/\/delamanodemaria.com\/index.php?rest_route=%2Fwp%2Fv2%2Ftags&post=4775"}],"curies":[{"name":"wp","href":"https:\/\/api.w.org\/{rel}","templated":true}]}}