{"id":4778,"date":"2015-01-12T15:59:03","date_gmt":"2015-01-12T19:59:03","guid":{"rendered":"http:\/\/delamanodemaria.com\/?p=4778"},"modified":"2015-01-12T15:59:03","modified_gmt":"2015-01-12T19:59:03","slug":"correccion-fecha-de-matricula-y-comienzo-de-cursos-en-istepa","status":"publish","type":"post","link":"http:\/\/delamanodemaria.com\/?p=4778","title":{"rendered":"CORRECCI\u00d3N FECHA DE MATR\u00cdCULA Y COMIENZO DE CURSOS EN ISTEPA"},"content":{"rendered":"<p><a href=\"http:\/\/delamanodemaria.com\/wp-content\/uploads\/2015\/01\/istepalogo-limpio.jpg\"><img decoding=\"async\" loading=\"lazy\" class=\" size-full wp-image-4780 aligncenter\" src=\"http:\/\/delamanodemaria.com\/wp-content\/uploads\/2015\/01\/istepalogo-limpio.jpg\" alt=\"istepalogo limpio\" width=\"384\" height=\"451\" srcset=\"http:\/\/delamanodemaria.com\/wp-content\/uploads\/2015\/01\/istepalogo-limpio.jpg 384w, http:\/\/delamanodemaria.com\/wp-content\/uploads\/2015\/01\/istepalogo-limpio-255x300.jpg 255w\" sizes=\"(max-width: 384px) 100vw, 384px\" \/><\/a><\/p>\n<p>ERRATA:<\/p>\n<p>A pesar de que en el Calendario que public\u00f3\u00a0ISTEPA se dice que <strong>las matr\u00edculas<\/strong> comienzan la semana que viene, las mismas <strong>comenzaron esta semana y se extender\u00e1n hasta este s\u00e1bado, 17 de enero<\/strong>. <span style=\"text-decoration: underline;\"><strong>Ya pueden matricularse<\/strong><\/span>. <strong>Los <span style=\"text-decoration: underline;\">cursos<\/span> comienzan el <span style=\"text-decoration: underline;\">martes, 20 de enero<\/span>.<\/strong><\/p>\n<p>Les exhorto a matricularse en cualquiera de los cursos que se ofrecen. Recuerden, el cat\u00f3lico bien formado ama m\u00e1s a su Iglesia y no se deja seducir por los cantos de sirena de los que quieren enga\u00f1arnos.<\/p>\n<p>Para m\u00e1s informaci\u00f3n pueden comunicarse directamente con ISTEPA al (787) 200-6891.<\/p>\n<div style=\"padding-bottom:20px; padding-top:10px;\" class=\"hupso-share-buttons\"><!-- Hupso Share Buttons - https:\/\/www.hupso.com\/share\/ --><a class=\"hupso_toolbar\" href=\"https:\/\/www.hupso.com\/share\/\"><img src=\"http:\/\/static.hupso.com\/share\/buttons\/lang\/es\/share-medium.png\" style=\"border:0px; padding-top: 5px; float:left;\" alt=\"Share Button\"\/><\/a><script type=\"text\/javascript\">var hupso_services_t=new Array(\"Twitter\",\"Facebook\",\"Google Plus\",\"Pinterest\",\"Linkedin\",\"Email\",\"Print\");var hupso_background_t=\"#EAF4FF\";var hupso_border_t=\"#66CCFF\";var hupso_toolbar_size_t=\"medium\";var hupso_image_folder_url = \"\";var hupso_twitter_via=\"hectorops\";var hupso_url_t=\"\";var hupso_title_t=\"CORRECCI%C3%93N%20FECHA%20DE%20MATR%C3%8DCULA%20Y%20COMIENZO%20DE%20CURSOS%20EN%20ISTEPA\";<\/script><script type=\"text\/javascript\" src=\"http:\/\/static.hupso.com\/share\/js\/share_toolbar.js\"><\/script><!-- Hupso Share Buttons --><\/div>","protected":false},"excerpt":{"rendered":"<p>ERRATA: A pesar de que en el Calendario que public\u00f3\u00a0ISTEPA se dice que las matr\u00edculas comienzan la semana que viene, las mismas comenzaron esta semana y se extender\u00e1n hasta este s\u00e1bado, 17 de enero. Ya pueden matricularse. Los cursos comienzan &hellip; <a href=\"http:\/\/delamanodemaria.com\/?p=4778\">Continue reading <span class=\"meta-nav\">&rarr;<\/span><\/a><\/p>\n<div style=\"padding-bottom:20px; padding-top:10px;\" class=\"hupso-share-buttons\"><!-- Hupso Share Buttons - https:\/\/www.hupso.com\/share\/ --><a class=\"hupso_toolbar\" href=\"https:\/\/www.hupso.com\/share\/\"><img src=\"http:\/\/static.hupso.com\/share\/buttons\/lang\/es\/share-medium.png\" style=\"border:0px; padding-top: 5px; float:left;\" alt=\"Share Button\"\/><\/a><script type=\"text\/javascript\">var hupso_services_t=new Array(\"Twitter\",\"Facebook\",\"Google Plus\",\"Pinterest\",\"Linkedin\",\"Email\",\"Print\");var hupso_background_t=\"#EAF4FF\";var hupso_border_t=\"#66CCFF\";var hupso_toolbar_size_t=\"medium\";var hupso_image_folder_url = \"\";var hupso_twitter_via=\"hectorops\";var hupso_url_t=\"\";var hupso_title_t=\"CORRECCI%C3%93N%20FECHA%20DE%20MATR%C3%8DCULA%20Y%20COMIENZO%20DE%20CURSOS%20EN%20ISTEPA\";<\/script><script type=\"text\/javascript\" src=\"http:\/\/static.hupso.com\/share\/js\/share_toolbar.js\"><\/script><!-- Hupso Share Buttons --><\/div>","protected":false},"author":1,"featured_media":0,"comment_status":"open","ping_status":"open","sticky":false,"template":"","format":"standard","meta":{"jetpack_post_was_ever_published":false,"_jetpack_newsletter_access":"","_jetpack_newsletter_tier_id":0,"jetpack_publicize_message":"","jetpack_is_tweetstorm":false,"jetpack_publicize_feature_enabled":true,"jetpack_social_post_already_shared":true,"jetpack_social_options":{"image_generator_settings":{"template":"highway","enabled":false}}},"categories":[1],"tags":[244,93,245,594],"jetpack_publicize_connections":[],"jetpack_featured_media_url":"","jetpack_shortlink":"https:\/\/wp.me\/p3bBgS-1f4","jetpack_sharing_enabled":true,"jetpack_likes_enabled":true,"_links":{"self":[{"href":"http:\/\/delamanodemaria.com\/index.php?rest_route=\/wp\/v2\/posts\/4778"}],"collection":[{"href":"http:\/\/delamanodemaria.com\/index.php?rest_route=\/wp\/v2\/posts"}],"about":[{"href":"http:\/\/delamanodemaria.com\/index.php?rest_route=\/wp\/v2\/types\/post"}],"author":[{"embeddable":true,"href":"http:\/\/delamanodemaria.com\/index.php?rest_route=\/wp\/v2\/users\/1"}],"replies":[{"embeddable":true,"href":"http:\/\/delamanodemaria.com\/index.php?rest_route=%2Fwp%2Fv2%2Fcomments&post=4778"}],"version-history":[{"count":2,"href":"http:\/\/delamanodemaria.com\/index.php?rest_route=\/wp\/v2\/posts\/4778\/revisions"}],"predecessor-version":[{"id":4781,"href":"http:\/\/delamanodemaria.com\/index.php?rest_route=\/wp\/v2\/posts\/4778\/revisions\/4781"}],"wp:attachment":[{"href":"http:\/\/delamanodemaria.com\/index.php?rest_route=%2Fwp%2Fv2%2Fmedia&parent=4778"}],"wp:term":[{"taxonomy":"category","embeddable":true,"href":"http:\/\/delamanodemaria.com\/index.php?rest_route=%2Fwp%2Fv2%2Fcategories&post=4778"},{"taxonomy":"post_tag","embeddable":true,"href":"http:\/\/delamanodemaria.com\/index.php?rest_route=%2Fwp%2Fv2%2Ftags&post=4778"}],"curies":[{"name":"wp","href":"https:\/\/api.w.org\/{rel}","templated":true}]}}