{"id":4792,"date":"2015-01-15T22:02:42","date_gmt":"2015-01-16T02:02:42","guid":{"rendered":"http:\/\/delamanodemaria.com\/?p=4792"},"modified":"2015-01-15T22:02:42","modified_gmt":"2015-01-16T02:02:42","slug":"reflexion-para-el-viernes-de-la-primera-semana-del-t-o-1-16-01-15","status":"publish","type":"post","link":"http:\/\/delamanodemaria.com\/?p=4792","title":{"rendered":"REFLEXI\u00d3N PARA EL VIERNES DE LA PRIMERA SEMANA DEL T.O. (1) 16-01-15"},"content":{"rendered":"<p><a href=\"http:\/\/delamanodemaria.com\/wp-content\/uploads\/2015\/01\/Mc.-2-1-12.jpg\"><img decoding=\"async\" loading=\"lazy\" class=\"alignnone size-full wp-image-4793\" src=\"http:\/\/delamanodemaria.com\/wp-content\/uploads\/2015\/01\/Mc.-2-1-12.jpg\" alt=\"Mc. 2, 1-12\" width=\"624\" height=\"430\" srcset=\"http:\/\/delamanodemaria.com\/wp-content\/uploads\/2015\/01\/Mc.-2-1-12.jpg 624w, http:\/\/delamanodemaria.com\/wp-content\/uploads\/2015\/01\/Mc.-2-1-12-300x207.jpg 300w, http:\/\/delamanodemaria.com\/wp-content\/uploads\/2015\/01\/Mc.-2-1-12-435x300.jpg 435w\" sizes=\"(max-width: 624px) 100vw, 624px\" \/><\/a><\/p>\n<p>La lectura evang\u00e9lica (Mc 2,1-12) que nos brinda la liturgia para hoy nos presenta la continuaci\u00f3n de la misi\u00f3n de Jes\u00fas. Ya \u00c9l hab\u00eda ganado fama por los prodigios que estaba obrando, y donde quiera que fuera la gente se le acercaba para que les curara a ellos o a sus seres queridos.<\/p>\n<p>En el pasaje de hoy encontramos a Jes\u00fas regresando a Cafarna\u00fan. Tan pronto lleg\u00f3 a la casa y se corri\u00f3 la voz, lleg\u00f3 tanta gente que no cab\u00edan en el lugar. \u201cAcudieron tantos que no quedaba sitio ni a la puerta\u201d. La escritura hace \u00e9nfasis en que Jes\u00fas \u201cles propon\u00eda la palabra\u201d. El anuncio del Reino. El tema central de la predicaci\u00f3n de Jes\u00fas.<\/p>\n<p>Estando all\u00ed llegaron unos hombres que tra\u00edan a un amigo paral\u00edtico para que Jes\u00fas lo curara. \u201cLlegaron cuatro llevando un paral\u00edtico y, como no pod\u00edan meterlo, por el gent\u00edo, levantaron unas tejas encima de donde estaba Jes\u00fas, abrieron un boquete y descolgaron la camilla con el paral\u00edtico\u201d. Ellos cre\u00edan en el poder sanador de Jes\u00fas. Y esa fe les hizo actuar de conformidad con esa creencia.<\/p>\n<p>Este pasaje nos lleva a una cuesti\u00f3n fundamental de la fe. Aunque muchas veces usemos los t\u00e9rminos indistintamente, una cosa es creer y otra tener fe. Son dos cosas distintas.<\/p>\n<p>Yo puedo creer, pero si no act\u00fao de conformidad con lo que creo, no tengo fe. La fe es la que me hace actuar, y esa actuaci\u00f3n es la que hace que el poder de Dios se manifieste. La fe es el \u201cgatillo\u201d que dispara el poder de Dios. Si yo no act\u00fao conforme a lo que creo nunca ver\u00e9 el poder de Dios. Por eso la fe es algo que \u201cse ve\u201d, como lo fue la de aquellos que llevaron su amigo ante Jes\u00fas para que \u00e9ste le curara. Ellos cre\u00edan, y actuaron conforme a lo que cre\u00edan. No se limitaron a creer que Jes\u00fas pod\u00eda curar a su amigo; actuaron acorde a dicha creencia. Tan seguros estaban que llegaron al extremo de treparlo al techo, hacer un boquete que el techo, y descolgarlo hasta enfrente de Jes\u00fas. Es de notar que la escritura nos dice que \u201cViendo Jes\u00fas la fe que ten\u00edan\u201d, primero dice al paral\u00edtico: \u201cHijo, tus pecados quedan perdonados\u201d, y m\u00e1s adelante: \u201cLev\u00e1ntate, coge tu camilla y vete a tu casa\u201d.<\/p>\n<p>La frase clave es \u201cVIENDO Jes\u00fas la fe que ten\u00edan\u201d. De nada nos sirve creer en Dios si esa creencia no se convierte en un acto que demuestre lo que creemos (<em>Cfr<\/em>. Sir 38,1). Si nos limitamos a \u201ccreer\u201d y nos cruzamos de brazos, nunca veremos manifestarse la gloria de Dios. Un ejemplo lo tenemos en Zacar\u00edas, el padre de Juan en Bautista. Cuando Dios le dej\u00f3 saber que su esposa concebir\u00eda y dar\u00eda a luz un hijo a pesar de su esterilidad y avanzada edad, si \u00e9l se hubiese cruzado de brazos y no se hubiese juntado con su esposa Isabel, esta no habr\u00eda concebido y dado a luz.<\/p>\n<p>Se\u00f1or que mi fe se \u201cvea\u201d, de manera que todo el que se acerque a m\u00ed, vea la manifestaci\u00f3n de tu poder y crea. Por Jesucristo nuestro Se\u00f1or.<\/p>\n<div style=\"padding-bottom:20px; padding-top:10px;\" class=\"hupso-share-buttons\"><!-- Hupso Share Buttons - https:\/\/www.hupso.com\/share\/ --><a class=\"hupso_toolbar\" href=\"https:\/\/www.hupso.com\/share\/\"><img src=\"http:\/\/static.hupso.com\/share\/buttons\/lang\/es\/share-medium.png\" style=\"border:0px; padding-top: 5px; float:left;\" alt=\"Share Button\"\/><\/a><script type=\"text\/javascript\">var hupso_services_t=new Array(\"Twitter\",\"Facebook\",\"Google Plus\",\"Pinterest\",\"Linkedin\",\"Email\",\"Print\");var hupso_background_t=\"#EAF4FF\";var hupso_border_t=\"#66CCFF\";var hupso_toolbar_size_t=\"medium\";var hupso_image_folder_url = \"\";var hupso_twitter_via=\"hectorops\";var hupso_url_t=\"\";var hupso_title_t=\"REFLEXI%C3%93N%20PARA%20EL%20VIERNES%20DE%20LA%20PRIMERA%20SEMANA%20DEL%20T.O.%20%281%29%2016-01-15\";<\/script><script type=\"text\/javascript\" src=\"http:\/\/static.hupso.com\/share\/js\/share_toolbar.js\"><\/script><!-- Hupso Share Buttons --><\/div>","protected":false},"excerpt":{"rendered":"<p>La lectura evang\u00e9lica (Mc 2,1-12) que nos brinda la liturgia para hoy nos presenta la continuaci\u00f3n de la misi\u00f3n de Jes\u00fas. Ya \u00c9l hab\u00eda ganado fama por los prodigios que estaba obrando, y donde quiera que fuera la gente se &hellip; <a href=\"http:\/\/delamanodemaria.com\/?p=4792\">Continue reading <span class=\"meta-nav\">&rarr;<\/span><\/a><\/p>\n<div style=\"padding-bottom:20px; padding-top:10px;\" class=\"hupso-share-buttons\"><!-- Hupso Share Buttons - https:\/\/www.hupso.com\/share\/ --><a class=\"hupso_toolbar\" href=\"https:\/\/www.hupso.com\/share\/\"><img src=\"http:\/\/static.hupso.com\/share\/buttons\/lang\/es\/share-medium.png\" style=\"border:0px; padding-top: 5px; float:left;\" alt=\"Share Button\"\/><\/a><script type=\"text\/javascript\">var hupso_services_t=new Array(\"Twitter\",\"Facebook\",\"Google Plus\",\"Pinterest\",\"Linkedin\",\"Email\",\"Print\");var hupso_background_t=\"#EAF4FF\";var hupso_border_t=\"#66CCFF\";var hupso_toolbar_size_t=\"medium\";var hupso_image_folder_url = \"\";var hupso_twitter_via=\"hectorops\";var hupso_url_t=\"\";var hupso_title_t=\"REFLEXI%C3%93N%20PARA%20EL%20VIERNES%20DE%20LA%20PRIMERA%20SEMANA%20DEL%20T.O.%20%281%29%2016-01-15\";<\/script><script type=\"text\/javascript\" src=\"http:\/\/static.hupso.com\/share\/js\/share_toolbar.js\"><\/script><!-- Hupso Share Buttons --><\/div>","protected":false},"author":1,"featured_media":0,"comment_status":"open","ping_status":"open","sticky":false,"template":"","format":"standard","meta":{"jetpack_post_was_ever_published":false,"_jetpack_newsletter_access":"","_jetpack_newsletter_tier_id":0,"jetpack_publicize_message":"","jetpack_is_tweetstorm":false,"jetpack_publicize_feature_enabled":true,"jetpack_social_post_already_shared":true,"jetpack_social_options":{"image_generator_settings":{"template":"highway","enabled":false}}},"categories":[1],"tags":[765,756,423,302,96,22,738,163,138,2,389],"jetpack_publicize_connections":[],"jetpack_featured_media_url":"","jetpack_shortlink":"https:\/\/wp.me\/p3bBgS-1fi","jetpack_sharing_enabled":true,"jetpack_likes_enabled":true,"_links":{"self":[{"href":"http:\/\/delamanodemaria.com\/index.php?rest_route=\/wp\/v2\/posts\/4792"}],"collection":[{"href":"http:\/\/delamanodemaria.com\/index.php?rest_route=\/wp\/v2\/posts"}],"about":[{"href":"http:\/\/delamanodemaria.com\/index.php?rest_route=\/wp\/v2\/types\/post"}],"author":[{"embeddable":true,"href":"http:\/\/delamanodemaria.com\/index.php?rest_route=\/wp\/v2\/users\/1"}],"replies":[{"embeddable":true,"href":"http:\/\/delamanodemaria.com\/index.php?rest_route=%2Fwp%2Fv2%2Fcomments&post=4792"}],"version-history":[{"count":1,"href":"http:\/\/delamanodemaria.com\/index.php?rest_route=\/wp\/v2\/posts\/4792\/revisions"}],"predecessor-version":[{"id":4794,"href":"http:\/\/delamanodemaria.com\/index.php?rest_route=\/wp\/v2\/posts\/4792\/revisions\/4794"}],"wp:attachment":[{"href":"http:\/\/delamanodemaria.com\/index.php?rest_route=%2Fwp%2Fv2%2Fmedia&parent=4792"}],"wp:term":[{"taxonomy":"category","embeddable":true,"href":"http:\/\/delamanodemaria.com\/index.php?rest_route=%2Fwp%2Fv2%2Fcategories&post=4792"},{"taxonomy":"post_tag","embeddable":true,"href":"http:\/\/delamanodemaria.com\/index.php?rest_route=%2Fwp%2Fv2%2Ftags&post=4792"}],"curies":[{"name":"wp","href":"https:\/\/api.w.org\/{rel}","templated":true}]}}