{"id":4905,"date":"2015-02-05T21:18:59","date_gmt":"2015-02-06T01:18:59","guid":{"rendered":"http:\/\/delamanodemaria.com\/?p=4905"},"modified":"2015-02-05T21:21:54","modified_gmt":"2015-02-06T01:21:54","slug":"reflexion-para-el-viernes-de-la-cuarta-semana-del-t-o-1-06-02-15","status":"publish","type":"post","link":"http:\/\/delamanodemaria.com\/?p=4905","title":{"rendered":"REFLEXI\u00d3N PARA EL VIERNES DE LA CUARTA SEMANA DEL T.O. (1) 06-02-15"},"content":{"rendered":"<p><a href=\"http:\/\/delamanodemaria.com\/wp-content\/uploads\/2015\/02\/martirio-de-juan-bautista.jpg\"><img decoding=\"async\" loading=\"lazy\" class=\"alignnone size-full wp-image-4906\" src=\"http:\/\/delamanodemaria.com\/wp-content\/uploads\/2015\/02\/martirio-de-juan-bautista.jpg\" alt=\"martirio de juan bautista\" width=\"600\" height=\"420\" srcset=\"http:\/\/delamanodemaria.com\/wp-content\/uploads\/2015\/02\/martirio-de-juan-bautista.jpg 600w, http:\/\/delamanodemaria.com\/wp-content\/uploads\/2015\/02\/martirio-de-juan-bautista-300x210.jpg 300w, http:\/\/delamanodemaria.com\/wp-content\/uploads\/2015\/02\/martirio-de-juan-bautista-429x300.jpg 429w\" sizes=\"(max-width: 600px) 100vw, 600px\" \/><\/a><\/p>\n<p>En el relato evang\u00e9lico de ayer (Mc 6,7-13), se nos presentaba a Jes\u00fas haciendo el primer \u201cenv\u00edo\u201d de sus disc\u00edpulos. Los envi\u00f3 de dos en dos, as\u00ed que descender\u00edan sobre seis ciudades o aldeas a la vez. Pero aun as\u00ed, esa misi\u00f3n puede haber tomado meses. El evangelista no nos dice qu\u00e9 hizo Jes\u00fas durante esos meses. A m\u00ed me gusta pensar que debe haber aprovechado ese tiempo para visitar a su madre, sobre quien los evangelios guardan un silencio total durante esta etapa de su vida. Trato de imaginarme la escena, y la felicidad que se dibuj\u00f3 en el rostro de Mar\u00eda al ver a su hijo acercarse a la casa.<\/p>\n<p>De todos modos, Marcos aprovecha ese \u201cpar\u00e9ntesis\u201d en la narraci\u00f3n para intercalar el relato de la muerte de Juan el Bautista\u00a0(6,14-29). Algunos ven en este relato un anuncio por parte del evangelista de la suerte que habr\u00eda de correr Jes\u00fas a consecuencia de la radicalidad de su mensaje. Juan hab\u00eda merecido la pena de muerte por haber denunciado, como buen profeta, la vida licenciosa que viv\u00edan los de su tiempo, ejemplificada en el adulterio del Rey Herodes Antipas con Herod\u00edas, la esposa de su hermano Herodes Filipo. Jes\u00fas, al denunciar la opresi\u00f3n de los pobres y marginados, y los pecados de las clases dominantes, se ganar\u00eda el odio de los l\u00edderes pol\u00edticos y religiosos de su tiempo, quienes terminar\u00edan asesin\u00e1ndolo.<\/p>\n<p>Marcos coloca este relato con toda intenci\u00f3n despu\u00e9s del env\u00edo de los doce, para significar la suerte que pod\u00eda esperarles a ellos tambi\u00e9n, pues la predicaci\u00f3n de todo el que sigue el ejemplo del Maestro va a provocar controversia, porque va a obligar a los que lo escuchan a enfrentarse a sus pecados. De este modo, el martirio de Juan el Bautista se convierte tambi\u00e9n en un anuncio para los \u201cdoce\u201d sobre la suerte que ha de esperarles.<\/p>\n<p>Hoy nosotros estamos llamados a volver los ojos a Cristo, \u201cel mismo ayer y hoy y siempre\u201d, como termina la primera lectura de hoy, tomada del \u00faltimo cap\u00edtulo de la carta a los Hebreos (13, 1-8). El autor finaliza su carta con una serie de consejos para llevar una vida virtuosa de acuerdo con las ense\u00f1anzas de Jes\u00fas. Virtudes que cobran relevancia en la sociedad desordenada y ego\u00edsta que nos ha tocado vivir: la hospitalidad, la compasi\u00f3n por los que se ven privados de su libertad, por los enfermos y los que sufren por cualquier causa, el respeto a la santidad del matrimonio, la confianza en la Divina Providencia, y el agradecimiento a los predicadores y gobernantes.<\/p>\n<p>Esa conducta y ese mensaje pueden resultar escandalosos, especialmente para aquellos que adelantan una agenda que pretende desvirtuar la instituci\u00f3n de la familia y el matrimonio, quienes nos criticar\u00e1n e intentar\u00e1n acallarnos. El autor nos exhorta a poner toda nuestra confianza en Dios, citando el Salmo 118: \u201cEl Se\u00f1or es mi auxilio: nada temo; \u00bfqu\u00e9 podr\u00e1 hacerme el hombre?\u201d<\/p>\n<p>Esa es la confianza que debemos tener cuando llevemos a cabo nuestra misi\u00f3n prof\u00e9tica de anunciar la Buena Nueva y denunciar el pecado y la injusticia donde les veamos. Para eso fuimos ungidos en nuestro bautismo.<\/p>\n<div style=\"padding-bottom:20px; padding-top:10px;\" class=\"hupso-share-buttons\"><!-- Hupso Share Buttons - https:\/\/www.hupso.com\/share\/ --><a class=\"hupso_toolbar\" href=\"https:\/\/www.hupso.com\/share\/\"><img src=\"http:\/\/static.hupso.com\/share\/buttons\/lang\/es\/share-medium.png\" style=\"border:0px; padding-top: 5px; float:left;\" alt=\"Share Button\"\/><\/a><script type=\"text\/javascript\">var hupso_services_t=new Array(\"Twitter\",\"Facebook\",\"Google Plus\",\"Pinterest\",\"Linkedin\",\"Email\",\"Print\");var hupso_background_t=\"#EAF4FF\";var hupso_border_t=\"#66CCFF\";var hupso_toolbar_size_t=\"medium\";var hupso_image_folder_url = \"\";var hupso_twitter_via=\"hectorops\";var hupso_url_t=\"\";var hupso_title_t=\"REFLEXI%C3%93N%20PARA%20EL%20VIERNES%20DE%20LA%20CUARTA%20SEMANA%20DEL%20T.O.%20%281%29%2006-02-15\";<\/script><script type=\"text\/javascript\" src=\"http:\/\/static.hupso.com\/share\/js\/share_toolbar.js\"><\/script><!-- Hupso Share Buttons --><\/div>","protected":false},"excerpt":{"rendered":"<p>En el relato evang\u00e9lico de ayer (Mc 6,7-13), se nos presentaba a Jes\u00fas haciendo el primer \u201cenv\u00edo\u201d de sus disc\u00edpulos. Los envi\u00f3 de dos en dos, as\u00ed que descender\u00edan sobre seis ciudades o aldeas a la vez. Pero aun as\u00ed, &hellip; <a href=\"http:\/\/delamanodemaria.com\/?p=4905\">Continue reading <span class=\"meta-nav\">&rarr;<\/span><\/a><\/p>\n<div style=\"padding-bottom:20px; padding-top:10px;\" class=\"hupso-share-buttons\"><!-- Hupso Share Buttons - https:\/\/www.hupso.com\/share\/ --><a class=\"hupso_toolbar\" href=\"https:\/\/www.hupso.com\/share\/\"><img src=\"http:\/\/static.hupso.com\/share\/buttons\/lang\/es\/share-medium.png\" style=\"border:0px; padding-top: 5px; float:left;\" alt=\"Share Button\"\/><\/a><script type=\"text\/javascript\">var hupso_services_t=new Array(\"Twitter\",\"Facebook\",\"Google Plus\",\"Pinterest\",\"Linkedin\",\"Email\",\"Print\");var hupso_background_t=\"#EAF4FF\";var hupso_border_t=\"#66CCFF\";var hupso_toolbar_size_t=\"medium\";var hupso_image_folder_url = \"\";var hupso_twitter_via=\"hectorops\";var hupso_url_t=\"\";var hupso_title_t=\"REFLEXI%C3%93N%20PARA%20EL%20VIERNES%20DE%20LA%20CUARTA%20SEMANA%20DEL%20T.O.%20%281%29%2006-02-15\";<\/script><script type=\"text\/javascript\" src=\"http:\/\/static.hupso.com\/share\/js\/share_toolbar.js\"><\/script><!-- Hupso Share Buttons --><\/div>","protected":false},"author":1,"featured_media":0,"comment_status":"open","ping_status":"open","sticky":false,"template":"","format":"standard","meta":{"jetpack_post_was_ever_published":false,"_jetpack_newsletter_access":"","_jetpack_newsletter_tier_id":0,"jetpack_publicize_message":"","jetpack_is_tweetstorm":false,"jetpack_publicize_feature_enabled":true,"jetpack_social_post_already_shared":true,"jetpack_social_options":{"image_generator_settings":{"template":"highway","enabled":false}}},"categories":[1],"tags":[765,763,784,155,214,593,163,115,8,126,2],"jetpack_publicize_connections":[],"jetpack_featured_media_url":"","jetpack_shortlink":"https:\/\/wp.me\/p3bBgS-1h7","jetpack_sharing_enabled":true,"jetpack_likes_enabled":true,"_links":{"self":[{"href":"http:\/\/delamanodemaria.com\/index.php?rest_route=\/wp\/v2\/posts\/4905"}],"collection":[{"href":"http:\/\/delamanodemaria.com\/index.php?rest_route=\/wp\/v2\/posts"}],"about":[{"href":"http:\/\/delamanodemaria.com\/index.php?rest_route=\/wp\/v2\/types\/post"}],"author":[{"embeddable":true,"href":"http:\/\/delamanodemaria.com\/index.php?rest_route=\/wp\/v2\/users\/1"}],"replies":[{"embeddable":true,"href":"http:\/\/delamanodemaria.com\/index.php?rest_route=%2Fwp%2Fv2%2Fcomments&post=4905"}],"version-history":[{"count":2,"href":"http:\/\/delamanodemaria.com\/index.php?rest_route=\/wp\/v2\/posts\/4905\/revisions"}],"predecessor-version":[{"id":4908,"href":"http:\/\/delamanodemaria.com\/index.php?rest_route=\/wp\/v2\/posts\/4905\/revisions\/4908"}],"wp:attachment":[{"href":"http:\/\/delamanodemaria.com\/index.php?rest_route=%2Fwp%2Fv2%2Fmedia&parent=4905"}],"wp:term":[{"taxonomy":"category","embeddable":true,"href":"http:\/\/delamanodemaria.com\/index.php?rest_route=%2Fwp%2Fv2%2Fcategories&post=4905"},{"taxonomy":"post_tag","embeddable":true,"href":"http:\/\/delamanodemaria.com\/index.php?rest_route=%2Fwp%2Fv2%2Ftags&post=4905"}],"curies":[{"name":"wp","href":"https:\/\/api.w.org\/{rel}","templated":true}]}}