{"id":5106,"date":"2015-03-12T17:26:20","date_gmt":"2015-03-12T21:26:20","guid":{"rendered":"http:\/\/delamanodemaria.com\/?p=5106"},"modified":"2015-03-12T17:26:20","modified_gmt":"2015-03-12T21:26:20","slug":"como-celebra-el-papa-francisco-dos-anos-de-pontificado-confesando","status":"publish","type":"post","link":"http:\/\/delamanodemaria.com\/?p=5106","title":{"rendered":"\u00bfC\u00f3mo celebra el Papa Francisco dos a\u00f1os de pontificado? Confesando"},"content":{"rendered":"<div id=\"attachment_5108\" style=\"width: 665px\" class=\"wp-caption alignnone\"><a href=\"http:\/\/delamanodemaria.com\/wp-content\/uploads\/2015\/03\/Papa-confesando.jpg\"><img aria-describedby=\"caption-attachment-5108\" decoding=\"async\" loading=\"lazy\" class=\"wp-image-5108 size-full\" src=\"http:\/\/delamanodemaria.com\/wp-content\/uploads\/2015\/03\/Papa-confesando.jpg\" alt=\"Papa confesando\" width=\"655\" height=\"436\" srcset=\"http:\/\/delamanodemaria.com\/wp-content\/uploads\/2015\/03\/Papa-confesando.jpg 655w, http:\/\/delamanodemaria.com\/wp-content\/uploads\/2015\/03\/Papa-confesando-300x200.jpg 300w, http:\/\/delamanodemaria.com\/wp-content\/uploads\/2015\/03\/Papa-confesando-451x300.jpg 451w\" sizes=\"(max-width: 655px) 100vw, 655px\" \/><\/a><p id=\"caption-attachment-5108\" class=\"wp-caption-text\">\u00a9 OSSERVATORE ROMANO \/ AFP<\/p><\/div>\n<p>&nbsp;<\/p>\n<p>El Papa Francisco cumple este viernes 13 de marzo dos a\u00f1os de pontificado y lo celebra confesando en la Bas\u00edlica de San Pedro en el marco de la celebraci\u00f3n penitencial\u00a024 horas para el Se\u00f1or, iniciativa organizada por el Consejo Pontificio para la Promoci\u00f3n de la Nueva Evangelizaci\u00f3n.<\/p>\n<p>El Pont\u00edfice propone la evangelizaci\u00f3n con ejemplo antes que con las palabras; as\u00ed, ma\u00f1ana en la tarde <strong>\u00e9l mismo estar\u00e1 en el confesionario para escuchar los pecados de seis penitentes<\/strong>, escogidos entre personas de todas las edades.<\/p>\n<p>La penitencia es uno de los siete sacramentos de la Iglesia, por el que se obtiene el perd\u00f3n de los pecados, por ello el gesto de Francisco es consecuente con sus incesantes llamados a la\u00a0misericordia y el perd\u00f3n.<\/p>\n<p>Para la ocasi\u00f3n, se involucrar\u00e1 a un grupo conformado por una monja, algunos adolescentes, una pareja de abuelos y una madre de familia. No se excluye que el mismo Papa, como el a\u00f1o anterior, pida ser confesado por un sacerdote de la Bas\u00edlica.<\/p>\n<p><strong>La misericordia de una Iglesia de puertas abiertas <\/strong><\/p>\n<p>\u201cPienso que entrando en el confesionario, por un lado, <strong>el Papa quiere recordar a los sacerdotes la importancia de dedicar tiempo a este sacramento, de manera que los fieles\u00a0 puedan tener siempre acceso<\/strong>; y por el otro, nos indica tambi\u00e9n el modo como ser confesores\u201d, dijo el arzobispo Rino Fisichella al diario cat\u00f3lico italiano\u00a0<em>Avvenire<\/em>.<\/p>\n<p>Precisamente, el presidente del dicasterio para la promoci\u00f3n de la Nueva Evangelizaci\u00f3n sostuvo que <strong>Francisco ense\u00f1a a los sacerdotes a \u201cser ministros de la misericordia\u201d, a recibir a los fieles con una sonrisa y a no a ser \u201cjueces inapelables\u201d.<\/strong><\/p>\n<p>De otra manera, el confesionario puede ser visto como \u201cuna aduana\u201d (<em>Evangelii Gaudium<\/em>, 47). Monse\u00f1or Fisichella explica que el sacerdote no debe dar la impresi\u00f3n de que el penitente debe pagar \u201cquiz\u00e1 cual tributo\u201d.\u00a0 La confesi\u00f3n es un acercamiento a la \u201cternura de Dios\u201d, insisti\u00f3.<\/p>\n<p><strong>Penitentes son \u201cTierra Sagrada\u201d para cultivar con amor <\/strong><\/p>\n<p>Y ello precisamente, porque \u201ccada penitente que se acerca al confesionario es \u2018tierra sagrada\u2019 para cultivar con dedicaci\u00f3n, cuidado y atenci\u00f3n pastoral\u201d, ense\u00f1\u00f3 el Papa este jueves 12 de marzo a los nuevos sacerdotes que administran el <a href=\"http:\/\/www.aleteia.org\/es\/religion\/noticias\/papa-francisco-no-hay-pecado-que-dios-no-pueda-perdonar-5857973679161344?preview=1\" target=\"_blank\">sacramento de la Reconciliaci\u00f3n<\/a>.<\/p>\n<p>La visi\u00f3n de Francisco de una Iglesia como una \u201ccasa con las puertas abiertas\u201d ha dado resultado en el acercamiento de algunos fieles alejados. Al respecto,\u00a0 monse\u00f1or Fisichella confirma que muchos fieles, despu\u00e9s de estos dos a\u00f1os de pontificado, le dicen: \u201cHe venido a confesarme porque he escuchado que Francisco invita a no tener miedo\u201d.<\/p>\n<p><strong>Pedir perd\u00f3n como yo perdono a los dem\u00e1s <\/strong><\/p>\n<p>Durante su homil\u00eda en Santa Marta \u00a0este 10 de marzo, el Papa en la tercera semana de cuaresma, predic\u00f3 que para pedir perd\u00f3n a Dios es necesario seguir la ense\u00f1anza del \u201cPadrenuestro\u201d. Se trata de arrepentirse con sinceridad de los propios pecados, sabiendo que Dios perdona siempre, y perdonar a los dem\u00e1s con la misma amplitud del coraz\u00f3n.<\/p>\n<p><strong>J\u00f3venes alejados de la Iglesia y de la confesi\u00f3n <\/strong><\/p>\n<p>Por su parte, monse\u00f1or Krzysztof Nykiel, regente de la Sagrada Penitenciar\u00eda Apost\u00f3lica, ha alertado que &#8220;en muchos pa\u00edses europeos son pocos los fieles que participan con frecuencia del sacramento de la confesi\u00f3n&#8221;.<\/p>\n<p>El prelado polaco dijo a Radio Vaticano este 10 de marzo que cada vez hay m\u00e1s j\u00f3venes cat\u00f3licos que no se confiesan. Para Nykiel, el motivo principal es la expansi\u00f3n, &#8220;sobre todo entre los j\u00f3venes, de la <strong>p\u00e9rdida del sentido del pecado<\/strong>&#8220;.<\/p>\n<p>A este prop\u00f3sito, ha manifestado monse\u00f1or Nykiel, hay una<strong>&#8220;atm\u00f3sfera amoral&#8221;<\/strong> en la que se ha eliminado la frontera &#8220;entre vicio y virtud&#8221;, entre &#8220;el bien y el mal&#8221;. Finalmente, el jefe de la Penitenciar\u00eda Apost\u00f3lica se\u00f1ala que &#8220;la culpa m\u00e1s grande de hoy es no sentirse pecadores y no sentir la necesidad de volver a Dios&#8221;.<\/p>\n<p><strong>Papa Francisco lanza <em>24 Horas con el Se\u00f1or<\/em> en todo el mundo <\/strong><\/p>\n<p>En este contexto y en ocasi\u00f3n de su segundo a\u00f1o de Pontificado, el Papa Bergoglio presidir\u00e1 una celebraci\u00f3n penitencial este viernes en la Bas\u00edlica de San Pedro para promover la iniciativa <em>24 horas para el Se\u00f1or<\/em>, que se extender\u00e1 a iglesias de todo el mundo y que tiene por lema <strong>\u2018Dios rico en Misericordia<\/strong>\u2019.<\/p>\n<p>En la di\u00f3cesis de Roma, el consejo pontificio ha preparado algunas iglesias que tienen la caracter\u00edstica de ubicarse en zonas de alto flujo tur\u00edstico para que haya sacerdotes de diferentes lenguas confesando. Las iglesias son: \u2018Santa Maria in Trastevere\u2019, \u2018Sant\u2019Agnese in Agone\u2019 en Piazza Navona y \u2018Sacre Stimmate di S. Francesco\u2019 en Largo Argentina.<\/p>\n<p>Tomado de:\u00a0<a href=\"http:\/\/www.aleteia.org\/es\/religion\/noticias\/como-celebra-el-papa-dos-anos-de-pontificado-confesando-5775115170086912\" target=\"_blank\">http:\/\/www.aleteia.org\/es\/religion\/noticias\/como-celebra-el-papa-dos-anos-de-pontificado-confesando-5775115170086912<\/a><\/p>\n<div style=\"padding-bottom:20px; padding-top:10px;\" class=\"hupso-share-buttons\"><!-- Hupso Share Buttons - https:\/\/www.hupso.com\/share\/ --><a class=\"hupso_toolbar\" href=\"https:\/\/www.hupso.com\/share\/\"><img src=\"http:\/\/static.hupso.com\/share\/buttons\/lang\/es\/share-medium.png\" style=\"border:0px; padding-top: 5px; float:left;\" alt=\"Share Button\"\/><\/a><script type=\"text\/javascript\">var hupso_services_t=new Array(\"Twitter\",\"Facebook\",\"Google Plus\",\"Pinterest\",\"Linkedin\",\"Email\",\"Print\");var hupso_background_t=\"#EAF4FF\";var hupso_border_t=\"#66CCFF\";var hupso_toolbar_size_t=\"medium\";var hupso_image_folder_url = \"\";var hupso_twitter_via=\"hectorops\";var hupso_url_t=\"\";var hupso_title_t=\"%C2%BFC%C3%B3mo%20celebra%20el%20Papa%20Francisco%20dos%20a%C3%B1os%20de%20pontificado%3F%20Confesando\";<\/script><script type=\"text\/javascript\" src=\"http:\/\/static.hupso.com\/share\/js\/share_toolbar.js\"><\/script><!-- Hupso Share Buttons --><\/div>","protected":false},"excerpt":{"rendered":"<p>&nbsp; El Papa Francisco cumple este viernes 13 de marzo dos a\u00f1os de pontificado y lo celebra confesando en la Bas\u00edlica de San Pedro en el marco de la celebraci\u00f3n penitencial\u00a024 horas para el Se\u00f1or, iniciativa organizada por el Consejo &hellip; <a href=\"http:\/\/delamanodemaria.com\/?p=5106\">Continue reading <span class=\"meta-nav\">&rarr;<\/span><\/a><\/p>\n<div style=\"padding-bottom:20px; padding-top:10px;\" class=\"hupso-share-buttons\"><!-- Hupso Share Buttons - https:\/\/www.hupso.com\/share\/ --><a class=\"hupso_toolbar\" href=\"https:\/\/www.hupso.com\/share\/\"><img src=\"http:\/\/static.hupso.com\/share\/buttons\/lang\/es\/share-medium.png\" style=\"border:0px; padding-top: 5px; float:left;\" alt=\"Share Button\"\/><\/a><script type=\"text\/javascript\">var hupso_services_t=new Array(\"Twitter\",\"Facebook\",\"Google Plus\",\"Pinterest\",\"Linkedin\",\"Email\",\"Print\");var hupso_background_t=\"#EAF4FF\";var hupso_border_t=\"#66CCFF\";var hupso_toolbar_size_t=\"medium\";var hupso_image_folder_url = \"\";var hupso_twitter_via=\"hectorops\";var hupso_url_t=\"\";var hupso_title_t=\"%C2%BFC%C3%B3mo%20celebra%20el%20Papa%20Francisco%20dos%20a%C3%B1os%20de%20pontificado%3F%20Confesando\";<\/script><script type=\"text\/javascript\" src=\"http:\/\/static.hupso.com\/share\/js\/share_toolbar.js\"><\/script><!-- Hupso Share Buttons --><\/div>","protected":false},"author":1,"featured_media":0,"comment_status":"open","ping_status":"open","sticky":false,"template":"","format":"standard","meta":{"jetpack_post_was_ever_published":false,"_jetpack_newsletter_access":"","_jetpack_newsletter_tier_id":0,"jetpack_publicize_message":"","jetpack_is_tweetstorm":false,"jetpack_publicize_feature_enabled":true,"jetpack_social_post_already_shared":true,"jetpack_social_options":{"image_generator_settings":{"template":"highway","enabled":false}}},"categories":[1],"tags":[543,19,760,67,420,15,82],"jetpack_publicize_connections":[],"jetpack_featured_media_url":"","jetpack_shortlink":"https:\/\/wp.me\/p3bBgS-1km","jetpack_sharing_enabled":true,"jetpack_likes_enabled":true,"_links":{"self":[{"href":"http:\/\/delamanodemaria.com\/index.php?rest_route=\/wp\/v2\/posts\/5106"}],"collection":[{"href":"http:\/\/delamanodemaria.com\/index.php?rest_route=\/wp\/v2\/posts"}],"about":[{"href":"http:\/\/delamanodemaria.com\/index.php?rest_route=\/wp\/v2\/types\/post"}],"author":[{"embeddable":true,"href":"http:\/\/delamanodemaria.com\/index.php?rest_route=\/wp\/v2\/users\/1"}],"replies":[{"embeddable":true,"href":"http:\/\/delamanodemaria.com\/index.php?rest_route=%2Fwp%2Fv2%2Fcomments&post=5106"}],"version-history":[{"count":1,"href":"http:\/\/delamanodemaria.com\/index.php?rest_route=\/wp\/v2\/posts\/5106\/revisions"}],"predecessor-version":[{"id":5109,"href":"http:\/\/delamanodemaria.com\/index.php?rest_route=\/wp\/v2\/posts\/5106\/revisions\/5109"}],"wp:attachment":[{"href":"http:\/\/delamanodemaria.com\/index.php?rest_route=%2Fwp%2Fv2%2Fmedia&parent=5106"}],"wp:term":[{"taxonomy":"category","embeddable":true,"href":"http:\/\/delamanodemaria.com\/index.php?rest_route=%2Fwp%2Fv2%2Fcategories&post=5106"},{"taxonomy":"post_tag","embeddable":true,"href":"http:\/\/delamanodemaria.com\/index.php?rest_route=%2Fwp%2Fv2%2Ftags&post=5106"}],"curies":[{"name":"wp","href":"https:\/\/api.w.org\/{rel}","templated":true}]}}