{"id":5110,"date":"2015-03-13T14:48:08","date_gmt":"2015-03-13T18:48:08","guid":{"rendered":"http:\/\/delamanodemaria.com\/?p=5110"},"modified":"2015-03-13T14:48:08","modified_gmt":"2015-03-13T18:48:08","slug":"papa-francisco-anuncia-al-mundo-un-jubileo-de-la-misericordia","status":"publish","type":"post","link":"http:\/\/delamanodemaria.com\/?p=5110","title":{"rendered":"Papa Francisco anuncia al mundo un jubileo de la misericordia"},"content":{"rendered":"<p><a href=\"http:\/\/delamanodemaria.com\/wp-content\/uploads\/2013\/05\/papa-francisco1.jpg\"><img decoding=\"async\" loading=\"lazy\" class=\"alignnone size-full wp-image-961\" src=\"http:\/\/delamanodemaria.com\/wp-content\/uploads\/2013\/05\/papa-francisco1.jpg\" alt=\"papa-francisco1\" width=\"640\" height=\"480\" srcset=\"http:\/\/delamanodemaria.com\/wp-content\/uploads\/2013\/05\/papa-francisco1.jpg 640w, http:\/\/delamanodemaria.com\/wp-content\/uploads\/2013\/05\/papa-francisco1-300x225.jpg 300w, http:\/\/delamanodemaria.com\/wp-content\/uploads\/2013\/05\/papa-francisco1-400x300.jpg 400w\" sizes=\"(max-width: 640px) 100vw, 640px\" \/><\/a><\/p>\n<p>&#8220;Queridos hermanos y hermanas, he pensado a menudo c\u00f3mo la Iglesia puede hacer m\u00e1s evidente su misi\u00f3n de ser testigo de la misericordia. Es un camino que comienza con una conversi\u00f3n espiritual. Por esto he decidido convocar un Jubileo extraordinario que tenga en su centro la misericordia de Dios. Ser\u00e1 un A\u00f1o Santo de la Misericordia. Lo queremos vivir a la luz de la palabra del Se\u00f1or: \u201cSed misericordiosos come el Padre\u201d (<em>cfr<\/em> Lc 6,36).<\/p>\n<p>&#8220;Este A\u00f1o Santo comenzar\u00e1 en la pr\u00f3xima solemnidad de la Inmaculada Concepci\u00f3n y concluir\u00e1 el 20 de noviembre de 2016, Domingo de &#8230;&#8221;<\/p>\n<p>[<a href=\"http:\/\/www.aleteia.org\/es\/video\/papa-francisco-anuncia-al-mundo-un-jubileo-de-la-misericordia-5826188870156288\" target=\"_blank\">presione aqu\u00ed para el texto completo y el v\u00eddeo del anuncio<\/a>]<\/p>\n<div style=\"padding-bottom:20px; padding-top:10px;\" class=\"hupso-share-buttons\"><!-- Hupso Share Buttons - https:\/\/www.hupso.com\/share\/ --><a class=\"hupso_toolbar\" href=\"https:\/\/www.hupso.com\/share\/\"><img src=\"http:\/\/static.hupso.com\/share\/buttons\/lang\/es\/share-medium.png\" style=\"border:0px; padding-top: 5px; float:left;\" alt=\"Share Button\"\/><\/a><script type=\"text\/javascript\">var hupso_services_t=new Array(\"Twitter\",\"Facebook\",\"Google Plus\",\"Pinterest\",\"Linkedin\",\"Email\",\"Print\");var hupso_background_t=\"#EAF4FF\";var hupso_border_t=\"#66CCFF\";var hupso_toolbar_size_t=\"medium\";var hupso_image_folder_url = \"\";var hupso_twitter_via=\"hectorops\";var hupso_url_t=\"\";var hupso_title_t=\"Papa%20Francisco%20anuncia%20al%20mundo%20un%20jubileo%20de%20la%20misericordia\";<\/script><script type=\"text\/javascript\" src=\"http:\/\/static.hupso.com\/share\/js\/share_toolbar.js\"><\/script><!-- Hupso Share Buttons --><\/div>","protected":false},"excerpt":{"rendered":"<p>&#8220;Queridos hermanos y hermanas, he pensado a menudo c\u00f3mo la Iglesia puede hacer m\u00e1s evidente su misi\u00f3n de ser testigo de la misericordia. Es un camino que comienza con una conversi\u00f3n espiritual. Por esto he decidido convocar un Jubileo extraordinario &hellip; <a href=\"http:\/\/delamanodemaria.com\/?p=5110\">Continue reading <span class=\"meta-nav\">&rarr;<\/span><\/a><\/p>\n<div style=\"padding-bottom:20px; padding-top:10px;\" class=\"hupso-share-buttons\"><!-- Hupso Share Buttons - https:\/\/www.hupso.com\/share\/ --><a class=\"hupso_toolbar\" href=\"https:\/\/www.hupso.com\/share\/\"><img src=\"http:\/\/static.hupso.com\/share\/buttons\/lang\/es\/share-medium.png\" style=\"border:0px; padding-top: 5px; float:left;\" alt=\"Share Button\"\/><\/a><script type=\"text\/javascript\">var hupso_services_t=new Array(\"Twitter\",\"Facebook\",\"Google Plus\",\"Pinterest\",\"Linkedin\",\"Email\",\"Print\");var hupso_background_t=\"#EAF4FF\";var hupso_border_t=\"#66CCFF\";var hupso_toolbar_size_t=\"medium\";var hupso_image_folder_url = \"\";var hupso_twitter_via=\"hectorops\";var hupso_url_t=\"\";var hupso_title_t=\"Papa%20Francisco%20anuncia%20al%20mundo%20un%20jubileo%20de%20la%20misericordia\";<\/script><script type=\"text\/javascript\" src=\"http:\/\/static.hupso.com\/share\/js\/share_toolbar.js\"><\/script><!-- Hupso Share Buttons --><\/div>","protected":false},"author":1,"featured_media":0,"comment_status":"open","ping_status":"open","sticky":false,"template":"","format":"standard","meta":{"jetpack_post_was_ever_published":false,"_jetpack_newsletter_access":"","_jetpack_newsletter_tier_id":0,"jetpack_publicize_message":"","jetpack_is_tweetstorm":false,"jetpack_publicize_feature_enabled":true,"jetpack_social_post_already_shared":true,"jetpack_social_options":{"image_generator_settings":{"template":"highway","enabled":false}}},"categories":[1],"tags":[213,837,760],"jetpack_publicize_connections":[],"jetpack_featured_media_url":"","jetpack_shortlink":"https:\/\/wp.me\/p3bBgS-1kq","jetpack_sharing_enabled":true,"jetpack_likes_enabled":true,"_links":{"self":[{"href":"http:\/\/delamanodemaria.com\/index.php?rest_route=\/wp\/v2\/posts\/5110"}],"collection":[{"href":"http:\/\/delamanodemaria.com\/index.php?rest_route=\/wp\/v2\/posts"}],"about":[{"href":"http:\/\/delamanodemaria.com\/index.php?rest_route=\/wp\/v2\/types\/post"}],"author":[{"embeddable":true,"href":"http:\/\/delamanodemaria.com\/index.php?rest_route=\/wp\/v2\/users\/1"}],"replies":[{"embeddable":true,"href":"http:\/\/delamanodemaria.com\/index.php?rest_route=%2Fwp%2Fv2%2Fcomments&post=5110"}],"version-history":[{"count":1,"href":"http:\/\/delamanodemaria.com\/index.php?rest_route=\/wp\/v2\/posts\/5110\/revisions"}],"predecessor-version":[{"id":5111,"href":"http:\/\/delamanodemaria.com\/index.php?rest_route=\/wp\/v2\/posts\/5110\/revisions\/5111"}],"wp:attachment":[{"href":"http:\/\/delamanodemaria.com\/index.php?rest_route=%2Fwp%2Fv2%2Fmedia&parent=5110"}],"wp:term":[{"taxonomy":"category","embeddable":true,"href":"http:\/\/delamanodemaria.com\/index.php?rest_route=%2Fwp%2Fv2%2Fcategories&post=5110"},{"taxonomy":"post_tag","embeddable":true,"href":"http:\/\/delamanodemaria.com\/index.php?rest_route=%2Fwp%2Fv2%2Ftags&post=5110"}],"curies":[{"name":"wp","href":"https:\/\/api.w.org\/{rel}","templated":true}]}}