{"id":5124,"date":"2015-03-17T09:49:34","date_gmt":"2015-03-17T13:49:34","guid":{"rendered":"http:\/\/delamanodemaria.com\/?p=5124"},"modified":"2015-03-17T09:53:28","modified_gmt":"2015-03-17T13:53:28","slug":"papa-francisco-sed-misericordiosos-no-cerreis-las-puertas-de-la-iglesia","status":"publish","type":"post","link":"http:\/\/delamanodemaria.com\/?p=5124","title":{"rendered":"Papa Francisco: sed misericordiosos, no cerr\u00e9is las puertas de la Iglesia"},"content":{"rendered":"<p><a href=\"http:\/\/delamanodemaria.com\/wp-content\/uploads\/2015\/03\/Papa-Francisco-con-ni\u00f1o.jpg\"><img decoding=\"async\" loading=\"lazy\" class=\"alignnone size-full wp-image-5125\" src=\"http:\/\/delamanodemaria.com\/wp-content\/uploads\/2015\/03\/Papa-Francisco-con-ni\u00f1o.jpg\" alt=\"Papa Francisco con ni\u00f1o\" width=\"818\" height=\"545\" srcset=\"http:\/\/delamanodemaria.com\/wp-content\/uploads\/2015\/03\/Papa-Francisco-con-ni\u00f1o.jpg 818w, http:\/\/delamanodemaria.com\/wp-content\/uploads\/2015\/03\/Papa-Francisco-con-ni\u00f1o-300x200.jpg 300w, http:\/\/delamanodemaria.com\/wp-content\/uploads\/2015\/03\/Papa-Francisco-con-ni\u00f1o-450x300.jpg 450w\" sizes=\"(max-width: 818px) 100vw, 818px\" \/><\/a><\/p>\n<p>&#8220;La Iglesia &#8216;es la casa de Jes\u00fas&#8217;, una casa de misericordia que acoge a todos, y por tanto no un lugar del que los cristianos puedan cerrar las puertas. Este fue el centro de la homil\u00eda que el Papa Francisco pronunci\u00f3 hoy durante la misa de la ma\u00f1ana en Santa Marta.<\/p>\n<p>&#8220;Es un conflicto que Francisco ha sacado de la sombra ya desde hace mucho tiempo: el que hay entre Jes\u00fas que abre las puertas a quien lo busca, especialmente si est\u00e1 alejado de \u00c9l, y los cristianos que muchas veces cierran esas puertas en la cara a quienes llaman a la puerta de la Iglesia. Un conflicto entre la misericordia total de Cristo y la poca que a veces demuestran los que creen en \u00c9l.<\/p>\n<p>&#8220;La reflexi\u00f3n del Papa parte del agua, protagonista de las lecturas lit\u00fargicas del d\u00eda. &#8216;El agua que cura&#8217;, la llama Francisco, comentando la descripci\u00f3n que el Profeta Ezequiel hace del manantial surgido en el umbral del templo, que se convierte fuera en un torrente impetuoso y en cuyas aguas ricas de peces todos pueden curarse.<\/p>\n<p>&#8220;Y el agua\u00a0de la piscina de Betesda, descrita en el Evangelio, en cuyos alrededores yace desde hace 38 a\u00f1os un paral\u00edtico entristecido \u2013 y para Francisco, tambi\u00e9n un poco &#8216;perezoso&#8217; \u2013 que nunca encuentra la forma de hacerse sumergir cuando las aguas se mueven y as\u00ed buscar la curaci\u00f3n.<\/p>\n<p>&#8220;Jes\u00fas en cambio le cura y le anima a &#8216;seguir adelante&#8217;, pero esto desencadena la\u00a0cr\u00edtica de los doctores de la ley porque la curaci\u00f3n tuvo lugar en s\u00e1bado. Una &#8216;historia&#8217;, observa el Papa, que tiene lugar &#8220;muchas veces&#8221; tambi\u00e9n hoy.<\/p>\n<p>\u201cUn hombre &#8211; una mujer &#8211; que se siente enfermo en el alma, triste, que ha cometido tantos errores en la vida, en cierto momento siente que las aguas se mueven, est\u00e1 el Esp\u00edritu Santo que mueve algo, o oye una palabra, o\u2026 \u2018Ah, \u00a1yo quisiera ir!\u2019\u2026 Y junta coraje y va. Y cu\u00e1ntas veces hoy en las comunidades cristianas encuentra las puertas cerradas: \u2018Tu no puedes, no, tu no puedes. Te has equivocado, y no puedes. Si quieres venir, ven a la misa el domingo, pero te quedas all\u00ed, no hagas nada m\u00e1s\u2019. Y lo que hace el Esp\u00edritu Santo en el coraz\u00f3n de las personas, los cristianos con psicolog\u00eda de doctores de la ley lo destruyen\u201d.<\/p>\n<p>\u201c&#8217;A mi esto me disgusta&#8217;\u201d, afirma inmediatamente Francisco. Que reafirma: &#8216;la Iglesia siempre tiene las puertas abiertas&#8217;.<\/p>\n<p>\u201cEs la casa de Jes\u00fas y Jes\u00fas acoge. Pero no solo acoge, va a buscar a la gente como fue a buscar a este. Y si la gente est\u00e1 herida, \u00bfqu\u00e9 hace Jes\u00fas? \u00bfLa ri\u00f1e porque est\u00e1 herida? No, viene y se la carga a los hombros. Y esta se llama misericordia. Y cuando Dios ri\u00f1e a su pueblo \u00a0\u2013 \u2018Misericordia quiero, no sacrificios\u2019 &#8211; habla de esto&#8217;.<\/p>\n<p>\u201c&#8217;\u00bfT\u00fa quien eres \u00a0\u2013 dice el Papa \u2013 que cierras la puerta de tu coraz\u00f3n a un hombre, a una mujer que quiere mejorar, que quiere volver al pueblo de Dios, porque el Esp\u00edritu Santo ha movido su coraz\u00f3n?&#8217;\u201d. La Cuaresma, concluye Francisco, debe ayudar a no cometer el error de quien despreci\u00f3 el amor de Jes\u00fas hacia el paral\u00edtico s\u00f3lo porque era contrario a la ley.<\/p>\n<p>\u201c&#8217;Pidamos hoy al Se\u00f1or en la Misa por nosotros, por cada uno de nosotros y por toda la Iglesia, una conversi\u00f3n hacia Jes\u00fas, una conversi\u00f3n a Jes\u00fas, una conversi\u00f3n a la misericordia de Jes\u00fas. Y as\u00ed la Ley ser\u00e1 plenamente cumplida, porque \u00a0la Ley es amar a Dios y al pr\u00f3jimo, como a nosotros mismos\u201d&#8217;.<\/p>\n<p><em><strong>Traducci\u00f3n del original italiano realizada por Aleteia<\/strong><\/em><\/p>\n<div class=\"row-fluid\">\n<div class=\"span12\">\n<div class=\"sources-cont\">\n<div class=\"pull-$floatSide2\">\n<div>sources: <a href=\"http:\/\/es.radiovaticana.va\/index.asp\" target=\"_blank\" data-position=\"Source\">RADIO VATICANO<\/a><\/div>\n<div><\/div>\n<div><a href=\"TOMADO%20DE:\u00a0http:\/\/www.aleteia.org\/es\/religion\/articulo\/papa-francisco-sed-misericordiosos-no-cerreis-las-puertas-de-la-iglesia-5821985342881792\" target=\"_blank\">TOMADO DE:\u00a0http:\/\/www.aleteia.org\/es\/religion\/articulo\/papa-francisco-sed-misericordiosos-no-cerreis-las-puertas-de-la-iglesia-5821985342881792<\/a><\/div>\n<\/div>\n<\/div>\n<\/div>\n<\/div>\n<div style=\"padding-bottom:20px; padding-top:10px;\" class=\"hupso-share-buttons\"><!-- Hupso Share Buttons - https:\/\/www.hupso.com\/share\/ --><a class=\"hupso_toolbar\" href=\"https:\/\/www.hupso.com\/share\/\"><img src=\"http:\/\/static.hupso.com\/share\/buttons\/lang\/es\/share-medium.png\" style=\"border:0px; padding-top: 5px; float:left;\" alt=\"Share Button\"\/><\/a><script type=\"text\/javascript\">var hupso_services_t=new Array(\"Twitter\",\"Facebook\",\"Google Plus\",\"Pinterest\",\"Linkedin\",\"Email\",\"Print\");var hupso_background_t=\"#EAF4FF\";var hupso_border_t=\"#66CCFF\";var hupso_toolbar_size_t=\"medium\";var hupso_image_folder_url = \"\";var hupso_twitter_via=\"hectorops\";var hupso_url_t=\"\";var hupso_title_t=\"Papa%20Francisco%3A%20sed%20misericordiosos%2C%20no%20cerr%C3%A9is%20las%20puertas%20de%20la%20Iglesia\";<\/script><script type=\"text\/javascript\" src=\"http:\/\/static.hupso.com\/share\/js\/share_toolbar.js\"><\/script><!-- Hupso Share Buttons --><\/div>","protected":false},"excerpt":{"rendered":"<p>&#8220;La Iglesia &#8216;es la casa de Jes\u00fas&#8217;, una casa de misericordia que acoge a todos, y por tanto no un lugar del que los cristianos puedan cerrar las puertas. Este fue el centro de la homil\u00eda que el Papa Francisco &hellip; <a href=\"http:\/\/delamanodemaria.com\/?p=5124\">Continue reading <span class=\"meta-nav\">&rarr;<\/span><\/a><\/p>\n<div style=\"padding-bottom:20px; padding-top:10px;\" class=\"hupso-share-buttons\"><!-- Hupso Share Buttons - https:\/\/www.hupso.com\/share\/ --><a class=\"hupso_toolbar\" href=\"https:\/\/www.hupso.com\/share\/\"><img src=\"http:\/\/static.hupso.com\/share\/buttons\/lang\/es\/share-medium.png\" style=\"border:0px; padding-top: 5px; float:left;\" alt=\"Share Button\"\/><\/a><script type=\"text\/javascript\">var hupso_services_t=new Array(\"Twitter\",\"Facebook\",\"Google Plus\",\"Pinterest\",\"Linkedin\",\"Email\",\"Print\");var hupso_background_t=\"#EAF4FF\";var hupso_border_t=\"#66CCFF\";var hupso_toolbar_size_t=\"medium\";var hupso_image_folder_url = \"\";var hupso_twitter_via=\"hectorops\";var hupso_url_t=\"\";var hupso_title_t=\"Papa%20Francisco%3A%20sed%20misericordiosos%2C%20no%20cerr%C3%A9is%20las%20puertas%20de%20la%20Iglesia\";<\/script><script type=\"text\/javascript\" src=\"http:\/\/static.hupso.com\/share\/js\/share_toolbar.js\"><\/script><!-- Hupso Share Buttons --><\/div>","protected":false},"author":1,"featured_media":0,"comment_status":"open","ping_status":"open","sticky":false,"template":"","format":"standard","meta":{"jetpack_post_was_ever_published":false,"_jetpack_newsletter_access":"","_jetpack_newsletter_tier_id":0,"jetpack_publicize_message":"","jetpack_is_tweetstorm":false,"jetpack_publicize_feature_enabled":true,"jetpack_social_post_already_shared":true,"jetpack_social_options":{"image_generator_settings":{"template":"highway","enabled":false}}},"categories":[1],"tags":[839,12,4,302,49,139,19,760,840],"jetpack_publicize_connections":[],"jetpack_featured_media_url":"","jetpack_shortlink":"https:\/\/wp.me\/p3bBgS-1kE","jetpack_sharing_enabled":true,"jetpack_likes_enabled":true,"_links":{"self":[{"href":"http:\/\/delamanodemaria.com\/index.php?rest_route=\/wp\/v2\/posts\/5124"}],"collection":[{"href":"http:\/\/delamanodemaria.com\/index.php?rest_route=\/wp\/v2\/posts"}],"about":[{"href":"http:\/\/delamanodemaria.com\/index.php?rest_route=\/wp\/v2\/types\/post"}],"author":[{"embeddable":true,"href":"http:\/\/delamanodemaria.com\/index.php?rest_route=\/wp\/v2\/users\/1"}],"replies":[{"embeddable":true,"href":"http:\/\/delamanodemaria.com\/index.php?rest_route=%2Fwp%2Fv2%2Fcomments&post=5124"}],"version-history":[{"count":2,"href":"http:\/\/delamanodemaria.com\/index.php?rest_route=\/wp\/v2\/posts\/5124\/revisions"}],"predecessor-version":[{"id":5127,"href":"http:\/\/delamanodemaria.com\/index.php?rest_route=\/wp\/v2\/posts\/5124\/revisions\/5127"}],"wp:attachment":[{"href":"http:\/\/delamanodemaria.com\/index.php?rest_route=%2Fwp%2Fv2%2Fmedia&parent=5124"}],"wp:term":[{"taxonomy":"category","embeddable":true,"href":"http:\/\/delamanodemaria.com\/index.php?rest_route=%2Fwp%2Fv2%2Fcategories&post=5124"},{"taxonomy":"post_tag","embeddable":true,"href":"http:\/\/delamanodemaria.com\/index.php?rest_route=%2Fwp%2Fv2%2Ftags&post=5124"}],"curies":[{"name":"wp","href":"https:\/\/api.w.org\/{rel}","templated":true}]}}