{"id":5135,"date":"2015-03-18T14:25:56","date_gmt":"2015-03-18T18:25:56","guid":{"rendered":"http:\/\/delamanodemaria.com\/?p=5135"},"modified":"2015-03-18T14:25:56","modified_gmt":"2015-03-18T18:25:56","slug":"vaticano-lanza-libro-digital-por-el-segundo-aniversario-del-papa-francisco","status":"publish","type":"post","link":"http:\/\/delamanodemaria.com\/?p=5135","title":{"rendered":"Vaticano lanza libro digital por el segundo aniversario del Papa Francisco"},"content":{"rendered":"<p><a href=\"http:\/\/delamanodemaria.com\/wp-content\/uploads\/2015\/03\/Francisco_Libro2Pontificado.jpg\"><img decoding=\"async\" loading=\"lazy\" class=\"alignnone size-full wp-image-5136\" src=\"http:\/\/delamanodemaria.com\/wp-content\/uploads\/2015\/03\/Francisco_Libro2Pontificado.jpg\" alt=\"Francisco_Libro2Pontificado\" width=\"680\" height=\"378\" srcset=\"http:\/\/delamanodemaria.com\/wp-content\/uploads\/2015\/03\/Francisco_Libro2Pontificado.jpg 680w, http:\/\/delamanodemaria.com\/wp-content\/uploads\/2015\/03\/Francisco_Libro2Pontificado-300x167.jpg 300w, http:\/\/delamanodemaria.com\/wp-content\/uploads\/2015\/03\/Francisco_Libro2Pontificado-500x278.jpg 500w\" sizes=\"(max-width: 680px) 100vw, 680px\" \/><\/a><\/p>\n<p>VATICANO, 17 Mar. 15 \/ 10:05 pm (<a href=\"http:\/\/www.aciprensa.com\/\" target=\"_self\"><b>ACI<\/b><\/a>).- El Vaticano ha publicado recientemente un libro digital con ocasi\u00f3n del segundo aniversario de Pontificado del Papa Francisco: toda una colecci\u00f3n de im\u00e1genes a color de las diferentes actividades del Pont\u00edfice con sus frases m\u00e1s relevantes. Algo que los cat\u00f3licos no deben dejar de ver.<\/p>\n<p>\u201cPor favor, no se olviden de rezar por m\u00ed\u201d, con esta s\u00faplica que el Sucesor de San Pedro realiza constantemente inicia el compendio de 58 fotos y frases en 60 p\u00e1ginas, realizado por el Servicio de Internet del Vaticano &#8211; Direcci\u00f3n de las Telecomunicaciones.<\/p>\n<p>Dentro de las im\u00e1genes seleccionadas est\u00e1n las del viaje del Santo Padre a Turqu\u00eda, Corea y Filipinas, as\u00ed como el encuentro que ha tenido el Papa con diversos fieles en la Plaza San Pedro o audiencias.<\/p>\n<p>No es la primera vez que el Vaticano pone a disposici\u00f3n de los usuarios este tipo de material. El a\u00f1o pasado tambi\u00e9n comparti\u00f3 otro <a href=\"https:\/\/www.aciprensa.com\/noticias\/santa-sede-celebra-primer-aniversario-del-papa-francisco-con-e-book-97627\/\" target=\"_blank\">libro virtual por el primer aniversario del Papa Francisco<\/a> como Vicario de Cristo, desde la elecci\u00f3n del Pont\u00edfice el 13 de marzo de 2013.<\/p>\n<p>El libro est\u00e1 disponible en:<a href=\"http:\/\/w2.vatican.va\/content\/vatican\/it\/special\/2015\/2-anniversary.html#\/page\/1\" target=\"_blank\"> http:\/\/w2.vatican.va\/content\/vatican\/it\/special\/2015\/2-anniversary.html#\/page\/1<\/a><\/p>\n<p>Tomado de:\u00a0https:\/\/www.aciprensa.com\/noticias\/web-vaticano-lanza-libro-digital-por-el-segundo-aniversario-del-papa-francisco-48172\/<\/p>\n<div style=\"padding-bottom:20px; padding-top:10px;\" class=\"hupso-share-buttons\"><!-- Hupso Share Buttons - https:\/\/www.hupso.com\/share\/ --><a class=\"hupso_toolbar\" href=\"https:\/\/www.hupso.com\/share\/\"><img src=\"http:\/\/static.hupso.com\/share\/buttons\/lang\/es\/share-medium.png\" style=\"border:0px; padding-top: 5px; float:left;\" alt=\"Share Button\"\/><\/a><script type=\"text\/javascript\">var hupso_services_t=new Array(\"Twitter\",\"Facebook\",\"Google Plus\",\"Pinterest\",\"Linkedin\",\"Email\",\"Print\");var hupso_background_t=\"#EAF4FF\";var hupso_border_t=\"#66CCFF\";var hupso_toolbar_size_t=\"medium\";var hupso_image_folder_url = \"\";var hupso_twitter_via=\"hectorops\";var hupso_url_t=\"\";var hupso_title_t=\"Vaticano%20lanza%20libro%20digital%20por%20el%20segundo%20aniversario%20del%20Papa%20Francisco\";<\/script><script type=\"text\/javascript\" src=\"http:\/\/static.hupso.com\/share\/js\/share_toolbar.js\"><\/script><!-- Hupso Share Buttons --><\/div>","protected":false},"excerpt":{"rendered":"<p>VATICANO, 17 Mar. 15 \/ 10:05 pm (ACI).- El Vaticano ha publicado recientemente un libro digital con ocasi\u00f3n del segundo aniversario de Pontificado del Papa Francisco: toda una colecci\u00f3n de im\u00e1genes a color de las diferentes actividades del Pont\u00edfice con &hellip; <a href=\"http:\/\/delamanodemaria.com\/?p=5135\">Continue reading <span class=\"meta-nav\">&rarr;<\/span><\/a><\/p>\n<div style=\"padding-bottom:20px; padding-top:10px;\" class=\"hupso-share-buttons\"><!-- Hupso Share Buttons - https:\/\/www.hupso.com\/share\/ --><a class=\"hupso_toolbar\" href=\"https:\/\/www.hupso.com\/share\/\"><img src=\"http:\/\/static.hupso.com\/share\/buttons\/lang\/es\/share-medium.png\" style=\"border:0px; padding-top: 5px; float:left;\" alt=\"Share Button\"\/><\/a><script type=\"text\/javascript\">var hupso_services_t=new Array(\"Twitter\",\"Facebook\",\"Google Plus\",\"Pinterest\",\"Linkedin\",\"Email\",\"Print\");var hupso_background_t=\"#EAF4FF\";var hupso_border_t=\"#66CCFF\";var hupso_toolbar_size_t=\"medium\";var hupso_image_folder_url = \"\";var hupso_twitter_via=\"hectorops\";var hupso_url_t=\"\";var hupso_title_t=\"Vaticano%20lanza%20libro%20digital%20por%20el%20segundo%20aniversario%20del%20Papa%20Francisco\";<\/script><script type=\"text\/javascript\" src=\"http:\/\/static.hupso.com\/share\/js\/share_toolbar.js\"><\/script><!-- Hupso Share Buttons --><\/div>","protected":false},"author":1,"featured_media":0,"comment_status":"open","ping_status":"open","sticky":false,"template":"","format":"standard","meta":{"jetpack_post_was_ever_published":false,"_jetpack_newsletter_access":"","_jetpack_newsletter_tier_id":0,"jetpack_publicize_message":"","jetpack_is_tweetstorm":false,"jetpack_publicize_feature_enabled":true,"jetpack_social_post_already_shared":true,"jetpack_social_options":{"image_generator_settings":{"template":"highway","enabled":false}}},"categories":[1],"tags":[543,147,760,842,20],"jetpack_publicize_connections":[],"jetpack_featured_media_url":"","jetpack_shortlink":"https:\/\/wp.me\/p3bBgS-1kP","jetpack_sharing_enabled":true,"jetpack_likes_enabled":true,"_links":{"self":[{"href":"http:\/\/delamanodemaria.com\/index.php?rest_route=\/wp\/v2\/posts\/5135"}],"collection":[{"href":"http:\/\/delamanodemaria.com\/index.php?rest_route=\/wp\/v2\/posts"}],"about":[{"href":"http:\/\/delamanodemaria.com\/index.php?rest_route=\/wp\/v2\/types\/post"}],"author":[{"embeddable":true,"href":"http:\/\/delamanodemaria.com\/index.php?rest_route=\/wp\/v2\/users\/1"}],"replies":[{"embeddable":true,"href":"http:\/\/delamanodemaria.com\/index.php?rest_route=%2Fwp%2Fv2%2Fcomments&post=5135"}],"version-history":[{"count":2,"href":"http:\/\/delamanodemaria.com\/index.php?rest_route=\/wp\/v2\/posts\/5135\/revisions"}],"predecessor-version":[{"id":5138,"href":"http:\/\/delamanodemaria.com\/index.php?rest_route=\/wp\/v2\/posts\/5135\/revisions\/5138"}],"wp:attachment":[{"href":"http:\/\/delamanodemaria.com\/index.php?rest_route=%2Fwp%2Fv2%2Fmedia&parent=5135"}],"wp:term":[{"taxonomy":"category","embeddable":true,"href":"http:\/\/delamanodemaria.com\/index.php?rest_route=%2Fwp%2Fv2%2Fcategories&post=5135"},{"taxonomy":"post_tag","embeddable":true,"href":"http:\/\/delamanodemaria.com\/index.php?rest_route=%2Fwp%2Fv2%2Ftags&post=5135"}],"curies":[{"name":"wp","href":"https:\/\/api.w.org\/{rel}","templated":true}]}}