{"id":5143,"date":"2015-03-18T16:38:40","date_gmt":"2015-03-18T20:38:40","guid":{"rendered":"http:\/\/delamanodemaria.com\/?p=5143"},"modified":"2015-03-18T16:38:40","modified_gmt":"2015-03-18T20:38:40","slug":"que-normas-debe-respetar-un-fotografo-durante-la-santa-misa","status":"publish","type":"post","link":"http:\/\/delamanodemaria.com\/?p=5143","title":{"rendered":"\u00bfQu\u00e9 normas debe respetar un fot\u00f3grafo durante la santa Misa?"},"content":{"rendered":"<div id=\"attachment_5144\" style=\"width: 828px\" class=\"wp-caption alignnone\"><a href=\"http:\/\/delamanodemaria.com\/wp-content\/uploads\/2015\/03\/fot\u00f3grafo.jpg\"><img aria-describedby=\"caption-attachment-5144\" decoding=\"async\" loading=\"lazy\" class=\"size-full wp-image-5144\" src=\"http:\/\/delamanodemaria.com\/wp-content\/uploads\/2015\/03\/fot\u00f3grafo.jpg\" alt=\"\u00a9 Flickr\/Romain Ballez\/Creative Commons\" width=\"818\" height=\"545\" srcset=\"http:\/\/delamanodemaria.com\/wp-content\/uploads\/2015\/03\/fot\u00f3grafo.jpg 818w, http:\/\/delamanodemaria.com\/wp-content\/uploads\/2015\/03\/fot\u00f3grafo-300x200.jpg 300w, http:\/\/delamanodemaria.com\/wp-content\/uploads\/2015\/03\/fot\u00f3grafo-450x300.jpg 450w\" sizes=\"(max-width: 818px) 100vw, 818px\" \/><\/a><p id=\"caption-attachment-5144\" class=\"wp-caption-text\">\u00a9 Flickr\/Romain Ballez\/Creative Commons<\/p><\/div>\n<p>Interesant\u00edsimo art\u00edculo sobre un tema pocas veces abordado. Les invito a seguir el enlace y leerlo en su totalidad.<\/p>\n<p>&#8220;Un lector de Aleteia pregunta: \u00bfc\u00f3mo hay que comportarse en la iglesia cuando se deben hacer fotograf\u00edas o grabaciones en v\u00eddeo durante una liturgia? \u00bfHay normas particulares que respetar?<\/p>\n<p>&#8220;Habr\u00eda que tener presentes tres aspectos, explica Enrico Finotti, liturgista y coordinador de la revista italiana <em>Liturgia &#8220;Culmen et Fons&#8221;. &#8230;\u00a0<\/em>[<a href=\"http:\/\/www.aleteia.org\/es\/religion\/articulo\/que-normas-debe-respetar-un-fotografo-durante-la-santa-misa-5207380623097856\" target=\"_blank\">continuar leyendo<\/a>]<\/p>\n<div style=\"padding-bottom:20px; padding-top:10px;\" class=\"hupso-share-buttons\"><!-- Hupso Share Buttons - https:\/\/www.hupso.com\/share\/ --><a class=\"hupso_toolbar\" href=\"https:\/\/www.hupso.com\/share\/\"><img src=\"http:\/\/static.hupso.com\/share\/buttons\/lang\/es\/share-medium.png\" style=\"border:0px; padding-top: 5px; float:left;\" alt=\"Share Button\"\/><\/a><script type=\"text\/javascript\">var hupso_services_t=new Array(\"Twitter\",\"Facebook\",\"Google Plus\",\"Pinterest\",\"Linkedin\",\"Email\",\"Print\");var hupso_background_t=\"#EAF4FF\";var hupso_border_t=\"#66CCFF\";var hupso_toolbar_size_t=\"medium\";var hupso_image_folder_url = \"\";var hupso_twitter_via=\"hectorops\";var hupso_url_t=\"\";var hupso_title_t=\"%C2%BFQu%C3%A9%20normas%20debe%20respetar%20un%20fot%C3%B3grafo%20durante%20la%20santa%20Misa%3F\";<\/script><script type=\"text\/javascript\" src=\"http:\/\/static.hupso.com\/share\/js\/share_toolbar.js\"><\/script><!-- Hupso Share Buttons --><\/div>","protected":false},"excerpt":{"rendered":"<p>Interesant\u00edsimo art\u00edculo sobre un tema pocas veces abordado. Les invito a seguir el enlace y leerlo en su totalidad. &#8220;Un lector de Aleteia pregunta: \u00bfc\u00f3mo hay que comportarse en la iglesia cuando se deben hacer fotograf\u00edas o grabaciones en v\u00eddeo &hellip; <a href=\"http:\/\/delamanodemaria.com\/?p=5143\">Continue reading <span class=\"meta-nav\">&rarr;<\/span><\/a><\/p>\n<div style=\"padding-bottom:20px; padding-top:10px;\" class=\"hupso-share-buttons\"><!-- Hupso Share Buttons - https:\/\/www.hupso.com\/share\/ --><a class=\"hupso_toolbar\" href=\"https:\/\/www.hupso.com\/share\/\"><img src=\"http:\/\/static.hupso.com\/share\/buttons\/lang\/es\/share-medium.png\" style=\"border:0px; padding-top: 5px; float:left;\" alt=\"Share Button\"\/><\/a><script type=\"text\/javascript\">var hupso_services_t=new Array(\"Twitter\",\"Facebook\",\"Google Plus\",\"Pinterest\",\"Linkedin\",\"Email\",\"Print\");var hupso_background_t=\"#EAF4FF\";var hupso_border_t=\"#66CCFF\";var hupso_toolbar_size_t=\"medium\";var hupso_image_folder_url = \"\";var hupso_twitter_via=\"hectorops\";var hupso_url_t=\"\";var hupso_title_t=\"%C2%BFQu%C3%A9%20normas%20debe%20respetar%20un%20fot%C3%B3grafo%20durante%20la%20santa%20Misa%3F\";<\/script><script type=\"text\/javascript\" src=\"http:\/\/static.hupso.com\/share\/js\/share_toolbar.js\"><\/script><!-- Hupso Share Buttons --><\/div>","protected":false},"author":1,"featured_media":0,"comment_status":"open","ping_status":"open","sticky":false,"template":"","format":"standard","meta":{"jetpack_post_was_ever_published":false,"_jetpack_newsletter_access":"","_jetpack_newsletter_tier_id":0,"jetpack_publicize_message":"","jetpack_is_tweetstorm":false,"jetpack_publicize_feature_enabled":true,"jetpack_social_post_already_shared":true,"jetpack_social_options":{"image_generator_settings":{"template":"highway","enabled":false}}},"categories":[1],"tags":[101,844,56,91,845],"jetpack_publicize_connections":[],"jetpack_featured_media_url":"","jetpack_shortlink":"https:\/\/wp.me\/p3bBgS-1kX","jetpack_sharing_enabled":true,"jetpack_likes_enabled":true,"_links":{"self":[{"href":"http:\/\/delamanodemaria.com\/index.php?rest_route=\/wp\/v2\/posts\/5143"}],"collection":[{"href":"http:\/\/delamanodemaria.com\/index.php?rest_route=\/wp\/v2\/posts"}],"about":[{"href":"http:\/\/delamanodemaria.com\/index.php?rest_route=\/wp\/v2\/types\/post"}],"author":[{"embeddable":true,"href":"http:\/\/delamanodemaria.com\/index.php?rest_route=\/wp\/v2\/users\/1"}],"replies":[{"embeddable":true,"href":"http:\/\/delamanodemaria.com\/index.php?rest_route=%2Fwp%2Fv2%2Fcomments&post=5143"}],"version-history":[{"count":1,"href":"http:\/\/delamanodemaria.com\/index.php?rest_route=\/wp\/v2\/posts\/5143\/revisions"}],"predecessor-version":[{"id":5145,"href":"http:\/\/delamanodemaria.com\/index.php?rest_route=\/wp\/v2\/posts\/5143\/revisions\/5145"}],"wp:attachment":[{"href":"http:\/\/delamanodemaria.com\/index.php?rest_route=%2Fwp%2Fv2%2Fmedia&parent=5143"}],"wp:term":[{"taxonomy":"category","embeddable":true,"href":"http:\/\/delamanodemaria.com\/index.php?rest_route=%2Fwp%2Fv2%2Fcategories&post=5143"},{"taxonomy":"post_tag","embeddable":true,"href":"http:\/\/delamanodemaria.com\/index.php?rest_route=%2Fwp%2Fv2%2Ftags&post=5143"}],"curies":[{"name":"wp","href":"https:\/\/api.w.org\/{rel}","templated":true}]}}