{"id":5152,"date":"2015-03-19T18:55:02","date_gmt":"2015-03-19T22:55:02","guid":{"rendered":"http:\/\/delamanodemaria.com\/?p=5152"},"modified":"2015-03-19T18:55:02","modified_gmt":"2015-03-19T22:55:02","slug":"reflexion-para-el-viernes-de-la-cuarta-semana-de-cuaresma-20-03-15","status":"publish","type":"post","link":"http:\/\/delamanodemaria.com\/?p=5152","title":{"rendered":"REFLEXI\u00d3N PARA EL VIERNES DE LA CUARTA SEMANA DE CUARESMA 20-03-15"},"content":{"rendered":"<p><a href=\"http:\/\/delamanodemaria.com\/wp-content\/uploads\/2015\/03\/lo-someteremos-a-la-prueba-de-la-afrenta.1.jpg\"><img decoding=\"async\" loading=\"lazy\" class=\"alignnone size-full wp-image-5156\" src=\"http:\/\/delamanodemaria.com\/wp-content\/uploads\/2015\/03\/lo-someteremos-a-la-prueba-de-la-afrenta.1.jpg\" alt=\"lo someteremos a la prueba de la afrenta.\" width=\"600\" height=\"397\" srcset=\"http:\/\/delamanodemaria.com\/wp-content\/uploads\/2015\/03\/lo-someteremos-a-la-prueba-de-la-afrenta.1.jpg 600w, http:\/\/delamanodemaria.com\/wp-content\/uploads\/2015\/03\/lo-someteremos-a-la-prueba-de-la-afrenta.1-300x199.jpg 300w, http:\/\/delamanodemaria.com\/wp-content\/uploads\/2015\/03\/lo-someteremos-a-la-prueba-de-la-afrenta.1-453x300.jpg 453w\" sizes=\"(max-width: 600px) 100vw, 600px\" \/><\/a><\/p>\n<p>El pasaje que nos presenta la liturgia de hoy como primera lectura (Sab 2,1a.12-22) parece un adelanto (como esos que nos dan en el cine) del drama de la Pasi\u00f3n que vamos a contemplar al final de la Cuaresma. El libro de la Sabidur\u00eda es uno de los llamados \u201cdeuterocan\u00f3nicos\u201d que no forman parte de la Biblia protestante. Fue escrito durante la era de la restauraci\u00f3n, luego del destierro en Babilonia. Sin este libro la Biblia se quedar\u00eda \u201ccoja\u201d, pues el mismo sirve como una especie de \u201cpuente\u201d entre el Antiguo Testamento y el Nuevo Testamento.<\/p>\n<p>Cuando leemos este pasaje nos parece estar escuchando a los perseguidores de Jes\u00fas. Luego de reprochar su conducta, enfatizando su osad\u00eda al llamarse \u201cHijo del Se\u00f1or\u201d, deciden acabar con \u00c9l: \u201cVeamos si sus palabras son verdaderas, comprobando el desenlace de su vida. Si es el justo hijo de Dios, lo auxiliar\u00e1 y lo librar\u00e1 del poder de sus enemigos; lo someteremos a la prueba de la afrenta y la tortura, para comprobar su moderaci\u00f3n y apreciar su paciencia; lo condenaremos a muerte ignominiosa, pues dice que hay quien se ocupa de \u00e9l\u201d.<\/p>\n<p>Esta lectura nos sirve de pre\u00e1mbulo al pasaje del Evangelio seg\u00fan san Juan que contemplamos hoy (Jn 7,1-2.10.25-30). Este es uno de esos pasajes que la liturgia nos presenta fragmentados, por lo que es recomendable leerlo en su totalidad (los vers\u00edculos 1-30), para poder entenderlo.<\/p>\n<p>Juan nos reafirma la persona de Jes\u00fas como enviado del Padre, el \u00fanico que le conoce y, por tanto, el \u00fanico veh\u00edculo para conocer al Padre. \u201cA m\u00ed me conoc\u00e9is, y conoc\u00e9is de d\u00f3nde vengo. Sin embargo, yo no vengo por mi cuenta, sino enviado por el que es veraz; a \u00e9se vosotros no lo conoc\u00e9is; yo lo conozco, porque procedo de \u00e9l, y \u00e9l me ha enviado\u201d.<\/p>\n<p>Pero la trama sigue complic\u00e1ndose. Vemos c\u00f3mo el cerco va cerr\u00e1ndose cada vez m\u00e1s alrededor de la persona de Jes\u00fas, c\u00f3mo va desarroll\u00e1ndose la conspiraci\u00f3n que dentro de unos d\u00edas se concretizar\u00e1. \u00c9l est\u00e1 viviendo la experiencia de sentirse acorralado, rodeado de odio. Ve acercarse el fin\u2026 Tiene que ser cuidadoso, mide sus actuaciones, porque \u201ctodav\u00eda no ha llegado su hora\u201d.<\/p>\n<p>Dentro de todo este drama, Jes\u00fas se mantiene cauteloso pero sereno. Sabe qui\u00e9n le ha enviado y para qu\u00e9 ha sido enviado. Tiene que cumplir su misi\u00f3n salvadora. Se siente amado por el Padre y conoce sus secretos. Todo est\u00e1 en manos de Padre.<\/p>\n<p>Jes\u00fas nos revela que Dios es nuestro Padre (Mt 6,9, Lc 11,2), por eso, al igual que \u00c9l, somos hijos de Dios (Jn 1,12; Rm 8,15-30) y coherederos de la gloria.<\/p>\n<p>Contemplamos la serenidad, la paz de Jes\u00fas en medio de la persecuci\u00f3n y el odio que le rodeaba, y sabemos que esa paz es producto de saberse amado por el Padre. Ese amor que le permite sentirse acompa\u00f1ando en medio del desierto. Viv\u00eda esa intimidad con el Padre, que se nutr\u00eda de la oraci\u00f3n constante.<\/p>\n<p>Hoy, pidamos al Se\u00f1or que nos conceda la gracia de vivir como \u00c9l esa intimidad con el Padre, para que seamos reconfortados por Su presencia en medio de la tribulaci\u00f3n. Abandonarnos a Su misericordia, como un ni\u00f1o en brazos de su padre o, mejor a\u00fan, su madre. Ese es el secreto.<\/p>\n<div style=\"padding-bottom:20px; padding-top:10px;\" class=\"hupso-share-buttons\"><!-- Hupso Share Buttons - https:\/\/www.hupso.com\/share\/ --><a class=\"hupso_toolbar\" href=\"https:\/\/www.hupso.com\/share\/\"><img src=\"http:\/\/static.hupso.com\/share\/buttons\/lang\/es\/share-medium.png\" style=\"border:0px; padding-top: 5px; float:left;\" alt=\"Share Button\"\/><\/a><script type=\"text\/javascript\">var hupso_services_t=new Array(\"Twitter\",\"Facebook\",\"Google Plus\",\"Pinterest\",\"Linkedin\",\"Email\",\"Print\");var hupso_background_t=\"#EAF4FF\";var hupso_border_t=\"#66CCFF\";var hupso_toolbar_size_t=\"medium\";var hupso_image_folder_url = \"\";var hupso_twitter_via=\"hectorops\";var hupso_url_t=\"\";var hupso_title_t=\"REFLEXI%C3%93N%20PARA%20EL%20VIERNES%20DE%20LA%20CUARTA%20SEMANA%20DE%20CUARESMA%2020-03-15\";<\/script><script type=\"text\/javascript\" src=\"http:\/\/static.hupso.com\/share\/js\/share_toolbar.js\"><\/script><!-- Hupso Share Buttons --><\/div>","protected":false},"excerpt":{"rendered":"<p>El pasaje que nos presenta la liturgia de hoy como primera lectura (Sab 2,1a.12-22) parece un adelanto (como esos que nos dan en el cine) del drama de la Pasi\u00f3n que vamos a contemplar al final de la Cuaresma. El &hellip; <a href=\"http:\/\/delamanodemaria.com\/?p=5152\">Continue reading <span class=\"meta-nav\">&rarr;<\/span><\/a><\/p>\n<div style=\"padding-bottom:20px; padding-top:10px;\" class=\"hupso-share-buttons\"><!-- Hupso Share Buttons - https:\/\/www.hupso.com\/share\/ --><a class=\"hupso_toolbar\" href=\"https:\/\/www.hupso.com\/share\/\"><img src=\"http:\/\/static.hupso.com\/share\/buttons\/lang\/es\/share-medium.png\" style=\"border:0px; padding-top: 5px; float:left;\" alt=\"Share Button\"\/><\/a><script type=\"text\/javascript\">var hupso_services_t=new Array(\"Twitter\",\"Facebook\",\"Google Plus\",\"Pinterest\",\"Linkedin\",\"Email\",\"Print\");var hupso_background_t=\"#EAF4FF\";var hupso_border_t=\"#66CCFF\";var hupso_toolbar_size_t=\"medium\";var hupso_image_folder_url = \"\";var hupso_twitter_via=\"hectorops\";var hupso_url_t=\"\";var hupso_title_t=\"REFLEXI%C3%93N%20PARA%20EL%20VIERNES%20DE%20LA%20CUARTA%20SEMANA%20DE%20CUARESMA%2020-03-15\";<\/script><script type=\"text\/javascript\" src=\"http:\/\/static.hupso.com\/share\/js\/share_toolbar.js\"><\/script><!-- Hupso Share Buttons --><\/div>","protected":false},"author":1,"featured_media":0,"comment_status":"open","ping_status":"open","sticky":false,"template":"","format":"standard","meta":{"jetpack_post_was_ever_published":false,"_jetpack_newsletter_access":"","_jetpack_newsletter_tier_id":0,"jetpack_publicize_message":"","jetpack_is_tweetstorm":false,"jetpack_publicize_feature_enabled":true,"jetpack_social_post_already_shared":true,"jetpack_social_options":{"image_generator_settings":{"template":"highway","enabled":false}}},"categories":[1],"tags":[],"jetpack_publicize_connections":[],"jetpack_featured_media_url":"","jetpack_shortlink":"https:\/\/wp.me\/p3bBgS-1l6","jetpack_sharing_enabled":true,"jetpack_likes_enabled":true,"_links":{"self":[{"href":"http:\/\/delamanodemaria.com\/index.php?rest_route=\/wp\/v2\/posts\/5152"}],"collection":[{"href":"http:\/\/delamanodemaria.com\/index.php?rest_route=\/wp\/v2\/posts"}],"about":[{"href":"http:\/\/delamanodemaria.com\/index.php?rest_route=\/wp\/v2\/types\/post"}],"author":[{"embeddable":true,"href":"http:\/\/delamanodemaria.com\/index.php?rest_route=\/wp\/v2\/users\/1"}],"replies":[{"embeddable":true,"href":"http:\/\/delamanodemaria.com\/index.php?rest_route=%2Fwp%2Fv2%2Fcomments&post=5152"}],"version-history":[{"count":2,"href":"http:\/\/delamanodemaria.com\/index.php?rest_route=\/wp\/v2\/posts\/5152\/revisions"}],"predecessor-version":[{"id":5157,"href":"http:\/\/delamanodemaria.com\/index.php?rest_route=\/wp\/v2\/posts\/5152\/revisions\/5157"}],"wp:attachment":[{"href":"http:\/\/delamanodemaria.com\/index.php?rest_route=%2Fwp%2Fv2%2Fmedia&parent=5152"}],"wp:term":[{"taxonomy":"category","embeddable":true,"href":"http:\/\/delamanodemaria.com\/index.php?rest_route=%2Fwp%2Fv2%2Fcategories&post=5152"},{"taxonomy":"post_tag","embeddable":true,"href":"http:\/\/delamanodemaria.com\/index.php?rest_route=%2Fwp%2Fv2%2Ftags&post=5152"}],"curies":[{"name":"wp","href":"https:\/\/api.w.org\/{rel}","templated":true}]}}