{"id":5172,"date":"2015-03-23T19:32:40","date_gmt":"2015-03-23T23:32:40","guid":{"rendered":"http:\/\/delamanodemaria.com\/?p=5172"},"modified":"2015-03-23T19:32:40","modified_gmt":"2015-03-23T23:32:40","slug":"reflexion-para-el-martes-de-la-quinta-semana-de-cuaresma-24-03-15","status":"publish","type":"post","link":"http:\/\/delamanodemaria.com\/?p=5172","title":{"rendered":"REFLEXI\u00d3N PARA EL MARTES DE LA QUINTA SEMANA DE CUARESMA 24-03-15"},"content":{"rendered":"<p><a href=\"http:\/\/delamanodemaria.com\/wp-content\/uploads\/2014\/04\/crucificado.jpeg\"><img decoding=\"async\" loading=\"lazy\" class=\"alignnone size-full wp-image-3323\" src=\"http:\/\/delamanodemaria.com\/wp-content\/uploads\/2014\/04\/crucificado.jpeg\" alt=\"crucificado\" width=\"580\" height=\"399\" srcset=\"http:\/\/delamanodemaria.com\/wp-content\/uploads\/2014\/04\/crucificado.jpeg 580w, http:\/\/delamanodemaria.com\/wp-content\/uploads\/2014\/04\/crucificado-300x206.jpeg 300w, http:\/\/delamanodemaria.com\/wp-content\/uploads\/2014\/04\/crucificado-436x300.jpeg 436w\" sizes=\"(max-width: 580px) 100vw, 580px\" \/><\/a><\/p>\n<p>En la lectura evang\u00e9lica que nos presenta la liturgia para este martes de la quinta semana de cuaresma (Jn 8,21-30), san Juan vuelve a poner en boca de Jes\u00fas la frase \u201cyo soy\u201d; el nombre que Dios le revela a Mois\u00e9s en el pasaje de la zarza ardiendo, cuando al preguntarle su nombre \u00c9l le responde: \u201cAs\u00ed dir\u00e1s a los Israelitas: <strong><em>Yo soy<\/em><\/strong> (\u05d9\u05d4\u05d5\u05d4 \u2013 <em>Yahv\u00e9<\/em>) me ha enviado a vosotros\u201d (Ex 3,14).<\/p>\n<p>En el pasaje que contemplamos hoy, Jes\u00fas primeramente nos remite a la necesidad de creer en \u00c9l para salvarnos (<em>Cfr<\/em>. Mc 16,16): \u201c\u2026si no cre\u00e9is que <em>yo soy<\/em>, morir\u00e9is por vuestros pecados\u201d. Luego repite la frase para significar c\u00f3mo en su \u201clevantamiento\u201d (su muerte y exaltaci\u00f3n en la Cruz) es que se ha de revelar qui\u00e9n es \u00c9l y cu\u00e1l es su verdadera misi\u00f3n: \u201cCuando levant\u00e9is al Hijo del hombre, sabr\u00e9is que <em>yo soy<\/em>\u201d. Este vers\u00edculo guarda un paralelismo con la primera lectura (N\u00fam 21,4-9), en la que muchos ven una prefiguraci\u00f3n de la cruz y c\u00f3mo por ella nos vendr\u00eda la salvaci\u00f3n.<\/p>\n<p>La primera lectura nos relata c\u00f3mo durante su camino a trav\u00e9s del desierto (en la Biblia el desierto es siempre lugar de tentaci\u00f3n y de prueba), el pueblo de Israel hab\u00eda comenzado a dudar de la Providencia de Dios, y a murmurar contra \u00c9l y contra Mois\u00e9s: \u201c\u00bfPor qu\u00e9 nos has sacado de Egipto para morir en el desierto? No tenemos ni pan ni agua, y nos da n\u00e1usea ese pan sin cuerpo (refiri\u00e9ndose al man\u00e1)\u201d. Entonces aparecieron unas serpientes venenosas que ellos interpretaron como un castigo de Dios.<\/p>\n<p>Tal como nos sucede a nosotros cuando nos hemos alejado de Dios y nos sentimos acosados por diversas circunstancias, los israelitas, al verse acosados por las serpientes venenosas, reconocieron su culpa y recurrieron a Mois\u00e9s para que intercediera por ellos ante Yahv\u00e9. Como dice el refr\u00e1n popular: \u201cNos acordamos de santa B\u00e1rbara cuando truena\u201d.<\/p>\n<p>Entonces Yahv\u00e9 instruy\u00f3 a Mois\u00e9s construir una imagen de una serpiente venenosa y colocarla en un estandarte (la figura resultante ser\u00eda similar a una cruz), para que todo el que hubiese sido mordido por una serpiente venenosa quedara sano al mirarla. \u00bfQui\u00e9n curaba a los Israelitas, el poder de aquella serpiente de bronce? \u00a1Por supuesto que no! Los curaba el poder de Dios, cuya promesa ellos recordaban, y a quien invocaban al mirar la imagen. Recuerden este pasaje cuando alguien les acuse de \u201cadorar im\u00e1genes\u201d\u2026<\/p>\n<p>Del mismo modo, con el <em>Yo soy <\/em>de Jes\u00fas en el Evangelio de hoy, unido a la alusi\u00f3n a su \u201clevantamiento\u201d, Jes\u00fas nos exhorta a buscar la presencia salvadora de Dios en su persona, unida al sacrificio de la Cruz. En Jes\u00fas tenemos a Dios mismo que puede decir: \u201c<strong><em>Yo soy<\/em> <\/strong>entre ustedes\u201d. De ese modo el nombre de Dios se convierte en una realidad. Ya no se trata de un Dios distante, terrible, cuyo nombre no se pod\u00eda ni tan siquiera pronunciar. Ahora Dios \u201ces\u201d entre nosotros (<em>Cfr<\/em>. Jn 1,14; Mt 28,20).<\/p>\n<p>Al igual que los israelitas en el desierto eran sanados al mirar el estandarte con la serpiente, nosotros, los cristianos, somos sanados de nuestros pecados cuando fijamos nuestra vista en la Cruz, que nos remite al Crucificado, y al \u00fanico y eterno sacrificio ofrecido de una vez y por todas para nuestra salvaci\u00f3n. Si no lo has hecho a\u00fan, todav\u00eda est\u00e1s a tiempo. \u00a1Reconc\u00edliate! Para eso Jes\u00fas nos dej\u00f3 el Sacramento\u2026<\/p>\n<div style=\"padding-bottom:20px; padding-top:10px;\" class=\"hupso-share-buttons\"><!-- Hupso Share Buttons - https:\/\/www.hupso.com\/share\/ --><a class=\"hupso_toolbar\" href=\"https:\/\/www.hupso.com\/share\/\"><img src=\"http:\/\/static.hupso.com\/share\/buttons\/lang\/es\/share-medium.png\" style=\"border:0px; padding-top: 5px; float:left;\" alt=\"Share Button\"\/><\/a><script type=\"text\/javascript\">var hupso_services_t=new Array(\"Twitter\",\"Facebook\",\"Google Plus\",\"Pinterest\",\"Linkedin\",\"Email\",\"Print\");var hupso_background_t=\"#EAF4FF\";var hupso_border_t=\"#66CCFF\";var hupso_toolbar_size_t=\"medium\";var hupso_image_folder_url = \"\";var hupso_twitter_via=\"hectorops\";var hupso_url_t=\"\";var hupso_title_t=\"REFLEXI%C3%93N%20PARA%20EL%20MARTES%20DE%20LA%20QUINTA%20SEMANA%20DE%20CUARESMA%2024-03-15\";<\/script><script type=\"text\/javascript\" src=\"http:\/\/static.hupso.com\/share\/js\/share_toolbar.js\"><\/script><!-- Hupso Share Buttons --><\/div>","protected":false},"excerpt":{"rendered":"<p>En la lectura evang\u00e9lica que nos presenta la liturgia para este martes de la quinta semana de cuaresma (Jn 8,21-30), san Juan vuelve a poner en boca de Jes\u00fas la frase \u201cyo soy\u201d; el nombre que Dios le revela a &hellip; <a href=\"http:\/\/delamanodemaria.com\/?p=5172\">Continue reading <span class=\"meta-nav\">&rarr;<\/span><\/a><\/p>\n<div style=\"padding-bottom:20px; padding-top:10px;\" class=\"hupso-share-buttons\"><!-- Hupso Share Buttons - https:\/\/www.hupso.com\/share\/ --><a class=\"hupso_toolbar\" href=\"https:\/\/www.hupso.com\/share\/\"><img src=\"http:\/\/static.hupso.com\/share\/buttons\/lang\/es\/share-medium.png\" style=\"border:0px; padding-top: 5px; float:left;\" alt=\"Share Button\"\/><\/a><script type=\"text\/javascript\">var hupso_services_t=new Array(\"Twitter\",\"Facebook\",\"Google Plus\",\"Pinterest\",\"Linkedin\",\"Email\",\"Print\");var hupso_background_t=\"#EAF4FF\";var hupso_border_t=\"#66CCFF\";var hupso_toolbar_size_t=\"medium\";var hupso_image_folder_url = \"\";var hupso_twitter_via=\"hectorops\";var hupso_url_t=\"\";var hupso_title_t=\"REFLEXI%C3%93N%20PARA%20EL%20MARTES%20DE%20LA%20QUINTA%20SEMANA%20DE%20CUARESMA%2024-03-15\";<\/script><script type=\"text\/javascript\" src=\"http:\/\/static.hupso.com\/share\/js\/share_toolbar.js\"><\/script><!-- Hupso Share Buttons --><\/div>","protected":false},"author":1,"featured_media":0,"comment_status":"open","ping_status":"open","sticky":false,"template":"","format":"standard","meta":{"jetpack_post_was_ever_published":false,"_jetpack_newsletter_access":"","_jetpack_newsletter_tier_id":0,"jetpack_publicize_message":"","jetpack_is_tweetstorm":false,"jetpack_publicize_feature_enabled":true,"jetpack_social_post_already_shared":true,"jetpack_social_options":{"image_generator_settings":{"template":"highway","enabled":false}}},"categories":[1],"tags":[518,57,4,777,96,90,26,18,82,394,506,536],"jetpack_publicize_connections":[],"jetpack_featured_media_url":"","jetpack_shortlink":"https:\/\/wp.me\/p3bBgS-1lq","jetpack_sharing_enabled":true,"jetpack_likes_enabled":true,"_links":{"self":[{"href":"http:\/\/delamanodemaria.com\/index.php?rest_route=\/wp\/v2\/posts\/5172"}],"collection":[{"href":"http:\/\/delamanodemaria.com\/index.php?rest_route=\/wp\/v2\/posts"}],"about":[{"href":"http:\/\/delamanodemaria.com\/index.php?rest_route=\/wp\/v2\/types\/post"}],"author":[{"embeddable":true,"href":"http:\/\/delamanodemaria.com\/index.php?rest_route=\/wp\/v2\/users\/1"}],"replies":[{"embeddable":true,"href":"http:\/\/delamanodemaria.com\/index.php?rest_route=%2Fwp%2Fv2%2Fcomments&post=5172"}],"version-history":[{"count":2,"href":"http:\/\/delamanodemaria.com\/index.php?rest_route=\/wp\/v2\/posts\/5172\/revisions"}],"predecessor-version":[{"id":5174,"href":"http:\/\/delamanodemaria.com\/index.php?rest_route=\/wp\/v2\/posts\/5172\/revisions\/5174"}],"wp:attachment":[{"href":"http:\/\/delamanodemaria.com\/index.php?rest_route=%2Fwp%2Fv2%2Fmedia&parent=5172"}],"wp:term":[{"taxonomy":"category","embeddable":true,"href":"http:\/\/delamanodemaria.com\/index.php?rest_route=%2Fwp%2Fv2%2Fcategories&post=5172"},{"taxonomy":"post_tag","embeddable":true,"href":"http:\/\/delamanodemaria.com\/index.php?rest_route=%2Fwp%2Fv2%2Ftags&post=5172"}],"curies":[{"name":"wp","href":"https:\/\/api.w.org\/{rel}","templated":true}]}}