{"id":5180,"date":"2015-03-25T22:33:12","date_gmt":"2015-03-26T02:33:12","guid":{"rendered":"http:\/\/delamanodemaria.com\/?p=5180"},"modified":"2015-03-25T22:34:12","modified_gmt":"2015-03-26T02:34:12","slug":"reflexion-para-el-jueves-de-la-quinta-semana-de-cuaresma-26-03-15","status":"publish","type":"post","link":"http:\/\/delamanodemaria.com\/?p=5180","title":{"rendered":"REFLEXI\u00d3N PARA EL JUEVES DE LA QUINTA SEMANA DE CUARESMA 26-03-15"},"content":{"rendered":"<p><a href=\"http:\/\/delamanodemaria.com\/wp-content\/uploads\/2014\/04\/Quien-guarda-mi-palabra.jpg\"><img decoding=\"async\" loading=\"lazy\" class=\"alignnone size-full wp-image-3330\" src=\"http:\/\/delamanodemaria.com\/wp-content\/uploads\/2014\/04\/Quien-guarda-mi-palabra.jpg\" alt=\"Quien guarda mi palabra\" width=\"576\" height=\"484\" srcset=\"http:\/\/delamanodemaria.com\/wp-content\/uploads\/2014\/04\/Quien-guarda-mi-palabra.jpg 576w, http:\/\/delamanodemaria.com\/wp-content\/uploads\/2014\/04\/Quien-guarda-mi-palabra-300x252.jpg 300w, http:\/\/delamanodemaria.com\/wp-content\/uploads\/2014\/04\/Quien-guarda-mi-palabra-357x300.jpg 357w\" sizes=\"(max-width: 576px) 100vw, 576px\" \/><\/a><\/p>\n<p>Cuando celebramos la solemnidad de San Jos\u00e9, esposo de la Virgen Mar\u00eda, alud\u00edamos al evangelio seg\u00fan san Mateo, que en su cap\u00edtulo 1 nos rese\u00f1a la genealog\u00eda de Jes\u00fas desde Abraham hasta Jes\u00fas (1-17).<\/p>\n<p>La primera lectura de hoy (Gn 17,3-9) nos presenta la alianza que Yahv\u00e9 Dios pacta con Abraham. Una alianza que por sus propios t\u00e9rminos iba a ser perpetua. Una alianza que se trasmitir\u00eda por la carne (por herencia), por eso Dios utiliza un signo carnal para sellar la misma: la circuncisi\u00f3n. Dios le cambia el nombre a Abr\u00e1n para significar su cambio de misi\u00f3n, y le llama Abraham, que quiere decir padre de muchedumbre de pueblos (\u201cAb\u201d = Padre, y \u201cham\u201d = muchedumbre). Pero m\u00e1s all\u00e1 de la herencia carnal, Abraham se convierte en \u201cpadre de la fe\u201d para todos los que creen en las promesas de Dios.<\/p>\n<p>En la lectura evang\u00e9lica (Jn 8,51-59), Jes\u00fas alude a esa genealog\u00eda que comienza con Abraham: \u201cAbrah\u00e1n, vuestro padre, saltaba de gozo pensando ver mi d\u00eda; lo vio, y se llen\u00f3 de alegr\u00eda\u201d.<\/p>\n<p>En ocasiones anteriores hemos se\u00f1alado que Juan resalta la divinidad de Jes\u00fas, ya que el objetivo principal de su evangelio es combatir una herej\u00eda (los \u201cebionistas\u201d) que negaba la divinidad de Jesucristo (Cfr. Jn 20,30-31). De ah\u00ed que cuando \u00c9l aludi\u00f3 a Abraham de esa manera los jud\u00edos le dijeron: \u201cNo tienes todav\u00eda cincuenta a\u00f1os, \u00bfy has visto a Abrah\u00e1n?\u201d A lo que Jes\u00fas respondi\u00f3: \u201cOs aseguro que antes que naciera Abrah\u00e1n, existo yo\u201d. Jes\u00fas est\u00e1 diciendo que \u00c9l \u201ces\u201d antes de Abraham y \u201ces\u201d ahora, es eterno, por lo tanto es Dios. \u201cAl principio exist\u00eda la Palabra, y la Palabra estaba junto a Dios, y la Palabra era Dios\u201d (Jn 1,1). De igual modo fue presentado por Juan el Bautista: \u201cA \u00e9l me refer\u00eda, cuando dije: Despu\u00e9s de m\u00ed viene un hombre que me precede, porque exist\u00eda antes que yo\u201d (Jn 1,30).<\/p>\n<p>Pero Jes\u00fas va m\u00e1s all\u00e1: \u201cOs aseguro: quien guarda mi palabra no sabr\u00e1 lo que es morir para siempre\u201d. Eso resultaba inaceptable para los jud\u00edos que le escuchaban, quienes lo tildaron de endemoniado, dici\u00e9ndole: \u201c\u00bfy t\u00fa dices: \u2018Quien guarde mi palabra no conocer\u00e1 lo que es morir para siempre?\u2019 \u00bfEres t\u00fa m\u00e1s que nuestro padre Abrah\u00e1n, que muri\u00f3? Tambi\u00e9n los profetas murieron, \u00bfpor qui\u00e9n te tienes?\u201d<\/p>\n<p>La actuaci\u00f3n de Jes\u00fas sigue incomodando cada vez m\u00e1s al poder pol\u00edtico-religioso de su \u00e9poca. El complot para eliminarlo se acrecienta. El cerco sigue cerr\u00e1ndose, pero todav\u00eda no ha llegado su hora. \u201cEntonces cogieron piedras para tir\u00e1rselas, pero Jes\u00fas se escondi\u00f3 y sali\u00f3 del templo\u201d.<\/p>\n<p>La liturgia contin\u00faa acerc\u00e1ndonos al Misterio Pascual de Jes\u00fas. Ya pasado ma\u00f1ana es la v\u00edspera del domingo de Ramos. Ayer nos dec\u00eda que en \u00c9l encontrar\u00edamos la Verdad y que esa Verdad nos har\u00eda libres. Hoy ha a\u00f1adido: \u201cQuien guarde mi palabra no conocer\u00e1 lo que es morir para siempre\u201d. Es decir, que adem\u00e1s de ser libres, tendremos vida en plenitud, y vida eterna.<\/p>\n<p>El llamado a la conversi\u00f3n est\u00e1 vigente. Todav\u00eda estamos a tiempo. Si creemos en \u00c9l y \u201cle creemos\u201d (tenemos fe), tendremos Vida. Anda, \u00a1atr\u00e9vete!<\/p>\n<div style=\"padding-bottom:20px; padding-top:10px;\" class=\"hupso-share-buttons\"><!-- Hupso Share Buttons - https:\/\/www.hupso.com\/share\/ --><a class=\"hupso_toolbar\" href=\"https:\/\/www.hupso.com\/share\/\"><img src=\"http:\/\/static.hupso.com\/share\/buttons\/lang\/es\/share-medium.png\" style=\"border:0px; padding-top: 5px; float:left;\" alt=\"Share Button\"\/><\/a><script type=\"text\/javascript\">var hupso_services_t=new Array(\"Twitter\",\"Facebook\",\"Google Plus\",\"Pinterest\",\"Linkedin\",\"Email\",\"Print\");var hupso_background_t=\"#EAF4FF\";var hupso_border_t=\"#66CCFF\";var hupso_toolbar_size_t=\"medium\";var hupso_image_folder_url = \"\";var hupso_twitter_via=\"hectorops\";var hupso_url_t=\"\";var hupso_title_t=\"REFLEXI%C3%93N%20PARA%20EL%20JUEVES%20DE%20LA%20QUINTA%20SEMANA%20DE%20CUARESMA%2026-03-15\";<\/script><script type=\"text\/javascript\" src=\"http:\/\/static.hupso.com\/share\/js\/share_toolbar.js\"><\/script><!-- Hupso Share Buttons --><\/div>","protected":false},"excerpt":{"rendered":"<p>Cuando celebramos la solemnidad de San Jos\u00e9, esposo de la Virgen Mar\u00eda, alud\u00edamos al evangelio seg\u00fan san Mateo, que en su cap\u00edtulo 1 nos rese\u00f1a la genealog\u00eda de Jes\u00fas desde Abraham hasta Jes\u00fas (1-17). La primera lectura de hoy (Gn &hellip; <a href=\"http:\/\/delamanodemaria.com\/?p=5180\">Continue reading <span class=\"meta-nav\">&rarr;<\/span><\/a><\/p>\n<div style=\"padding-bottom:20px; padding-top:10px;\" class=\"hupso-share-buttons\"><!-- Hupso Share Buttons - https:\/\/www.hupso.com\/share\/ --><a class=\"hupso_toolbar\" href=\"https:\/\/www.hupso.com\/share\/\"><img src=\"http:\/\/static.hupso.com\/share\/buttons\/lang\/es\/share-medium.png\" style=\"border:0px; padding-top: 5px; float:left;\" alt=\"Share Button\"\/><\/a><script type=\"text\/javascript\">var hupso_services_t=new Array(\"Twitter\",\"Facebook\",\"Google Plus\",\"Pinterest\",\"Linkedin\",\"Email\",\"Print\");var hupso_background_t=\"#EAF4FF\";var hupso_border_t=\"#66CCFF\";var hupso_toolbar_size_t=\"medium\";var hupso_image_folder_url = \"\";var hupso_twitter_via=\"hectorops\";var hupso_url_t=\"\";var hupso_title_t=\"REFLEXI%C3%93N%20PARA%20EL%20JUEVES%20DE%20LA%20QUINTA%20SEMANA%20DE%20CUARESMA%2026-03-15\";<\/script><script type=\"text\/javascript\" src=\"http:\/\/static.hupso.com\/share\/js\/share_toolbar.js\"><\/script><!-- Hupso Share Buttons --><\/div>","protected":false},"author":1,"featured_media":0,"comment_status":"open","ping_status":"open","sticky":false,"template":"","format":"standard","meta":{"jetpack_post_was_ever_published":false,"_jetpack_newsletter_access":"","_jetpack_newsletter_tier_id":0,"jetpack_publicize_message":"","jetpack_is_tweetstorm":false,"jetpack_publicize_feature_enabled":true,"jetpack_social_post_already_shared":true,"jetpack_social_options":{"image_generator_settings":{"template":"highway","enabled":false}}},"categories":[1],"tags":[109,204,4,854,96,22,55,138,2,394],"jetpack_publicize_connections":[],"jetpack_featured_media_url":"","jetpack_shortlink":"https:\/\/wp.me\/p3bBgS-1ly","jetpack_sharing_enabled":true,"jetpack_likes_enabled":true,"_links":{"self":[{"href":"http:\/\/delamanodemaria.com\/index.php?rest_route=\/wp\/v2\/posts\/5180"}],"collection":[{"href":"http:\/\/delamanodemaria.com\/index.php?rest_route=\/wp\/v2\/posts"}],"about":[{"href":"http:\/\/delamanodemaria.com\/index.php?rest_route=\/wp\/v2\/types\/post"}],"author":[{"embeddable":true,"href":"http:\/\/delamanodemaria.com\/index.php?rest_route=\/wp\/v2\/users\/1"}],"replies":[{"embeddable":true,"href":"http:\/\/delamanodemaria.com\/index.php?rest_route=%2Fwp%2Fv2%2Fcomments&post=5180"}],"version-history":[{"count":3,"href":"http:\/\/delamanodemaria.com\/index.php?rest_route=\/wp\/v2\/posts\/5180\/revisions"}],"predecessor-version":[{"id":5184,"href":"http:\/\/delamanodemaria.com\/index.php?rest_route=\/wp\/v2\/posts\/5180\/revisions\/5184"}],"wp:attachment":[{"href":"http:\/\/delamanodemaria.com\/index.php?rest_route=%2Fwp%2Fv2%2Fmedia&parent=5180"}],"wp:term":[{"taxonomy":"category","embeddable":true,"href":"http:\/\/delamanodemaria.com\/index.php?rest_route=%2Fwp%2Fv2%2Fcategories&post=5180"},{"taxonomy":"post_tag","embeddable":true,"href":"http:\/\/delamanodemaria.com\/index.php?rest_route=%2Fwp%2Fv2%2Ftags&post=5180"}],"curies":[{"name":"wp","href":"https:\/\/api.w.org\/{rel}","templated":true}]}}