{"id":5203,"date":"2015-04-02T23:09:42","date_gmt":"2015-04-03T03:09:42","guid":{"rendered":"http:\/\/delamanodemaria.com\/?p=5203"},"modified":"2015-04-02T23:38:07","modified_gmt":"2015-04-03T03:38:07","slug":"reflexion-para-el-viernes-santo-03-04-15","status":"publish","type":"post","link":"http:\/\/delamanodemaria.com\/?p=5203","title":{"rendered":"REFLEXI\u00d3N PARA EL VIERNES SANTO 03-04-15"},"content":{"rendered":"<p><a href=\"http:\/\/delamanodemaria.com\/wp-content\/uploads\/2015\/04\/Papa-Francisco-adorando-la-santa-cruz.jpg\"><img decoding=\"async\" loading=\"lazy\" class=\"alignnone size-full wp-image-5205\" src=\"http:\/\/delamanodemaria.com\/wp-content\/uploads\/2015\/04\/Papa-Francisco-adorando-la-santa-cruz.jpg\" alt=\"Papa Francisco adorando la santa cruz\" width=\"700\" height=\"464\" srcset=\"http:\/\/delamanodemaria.com\/wp-content\/uploads\/2015\/04\/Papa-Francisco-adorando-la-santa-cruz.jpg 700w, http:\/\/delamanodemaria.com\/wp-content\/uploads\/2015\/04\/Papa-Francisco-adorando-la-santa-cruz-300x199.jpg 300w, http:\/\/delamanodemaria.com\/wp-content\/uploads\/2015\/04\/Papa-Francisco-adorando-la-santa-cruz-453x300.jpg 453w\" sizes=\"(max-width: 700px) 100vw, 700px\" \/><\/a><\/p>\n<p>Hoy es el \u00fanico d\u00eda del a\u00f1o en que no se celebra la Santa Misa. En su lugar, a la \u201chora nona\u201d (las tres de la tarde), se celebra la Pasi\u00f3n del Se\u00f1or con la Liturgia de la Palabra y la Adoraci\u00f3n de la Cruz. Luego de la Adoraci\u00f3n de la Santa Cruz, se distribuye la comuni\u00f3n con el pan consagrado el d\u00eda anterior durante la Misa de la Cena del Se\u00f1or. Es d\u00eda de ayuno y abstinencia. Tambi\u00e9n en este d\u00eda se meditan las \u201csiete palabras\u201d de Jes\u00fas en la cruz. El prop\u00f3sito es recordar la crucifixi\u00f3n de Jes\u00fas y acompa\u00f1arlo en su sufrimiento.<\/p>\n<p>La Liturgia de la Palabra para este d\u00eda consta de la lectura del cuarto \u201cC\u00e1ntico del Siervo de Yahv\u00e9\u201d (Is 52,13-53,12) &#8211; profec\u00eda del Mes\u00edas en su Misterio Pascual, el Salmo 30 (2.6.12-13.15-16.17.25) &#8211; con la invocaci\u00f3n de Jes\u00fas en la cruz: \u201cPadre, a tus manos encomiendo mi esp\u00edritu\u201d, el pasaje de la Carta a los Hebreos donde se proclama el sentido sacerdotal de la vida de Jes\u00fas y especialmente en la Pasi\u00f3n (Hb 4,14-16;5,7-9) y, finalmente, el relato de esta seg\u00fan san Juan (18,1\u201319,42).<\/p>\n<p>La primera lectura, que a m\u00ed siempre me conmueve, no solo profetiza, sino que explica el verdadero sentido de la Pasi\u00f3n redentora de Jes\u00fas: \u201c\u00c9l soport\u00f3 nuestros sufrimientos y aguant\u00f3 nuestros dolores; nosotros lo estimamos leproso, herido de Dios y humillado, pero \u00e9l fue traspasado por nuestras rebeliones, triturado por nuestros cr\u00edmenes. Nuestro castigo saludable cay\u00f3 sobre \u00e9l, sus cicatrices nos curaron. Todos err\u00e1bamos como ovejas, cada uno siguiendo su camino; y el Se\u00f1or carg\u00f3 sobre \u00e9l todos nuestros cr\u00edmenes. Maltratado, voluntariamente se humillaba y no abr\u00eda la boca; como cordero llevado al matadero, como oveja ante el esquilador, enmudec\u00eda y no abr\u00eda la boca. Sin defensa, sin justicia, se lo llevaron, \u00bfqui\u00e9n medit\u00f3 en su destino?&#8230; El Se\u00f1or quiso triturarlo con el sufrimiento, y entregar su vida como expiaci\u00f3n\u2026 Mi siervo justificar\u00e1 a muchos, porque carg\u00f3 con los cr\u00edmenes de ellos. Le dar\u00e9 una multitud como parte, y tendr\u00e1 como despojo una muchedumbre. Porque expuso su vida a la muerte y fue contado entre los pecadores, \u00e9l tom\u00f3 el pecado de muchos e intercedi\u00f3 por los pecadores\u201d.<\/p>\n<p>Y todo fue por amor\u2026<\/p>\n<p>El salmo nos presenta la \u00faltima de las siete palabras de Jes\u00fas en la cruz: \u201cPadre, a tus manos encomiendo mi esp\u00edritu\u201d. En la sexta palabra Jes\u00fas anuncia al Padre que la misi\u00f3n que \u00c9l le hab\u00eda encomendado estaba cumplida (Jn 19,30). Ahora reclina la cabeza sobre su pecho y, estando ya pr\u00f3ximo el s\u00e1bado, lleg\u00f3 la hora de descansar, como lo hizo el Padre al concluir la creaci\u00f3n (<em>Cfr<\/em>. Gn 1,31.2,2).<\/p>\n<p>No s\u00e9 exactamente qu\u00e9 pasar\u00eda por su mente en esos momentos, pero prefiero creer que su \u00faltimo pensamiento humano fue para su Madre bendita. Eso le hizo recordar aquellas palabras que hab\u00eda aprendido de ni\u00f1o en el regazo de su Madre, las palabras con que todos los ni\u00f1os jud\u00edos encomendaban su alma a Dios al acostarse: \u201cPadre, a tus manos encomiendo mi esp\u00edritu\u201d.<\/p>\n<p>Se\u00f1or, ay\u00fadame a comprender y apreciar el sacrificio supremo de la Cruz, ofrecido por Ti inmerecidamente para nuestra salvaci\u00f3n. Am\u00e9n.<\/p>\n<div style=\"padding-bottom:20px; padding-top:10px;\" class=\"hupso-share-buttons\"><!-- Hupso Share Buttons - https:\/\/www.hupso.com\/share\/ --><a class=\"hupso_toolbar\" href=\"https:\/\/www.hupso.com\/share\/\"><img src=\"http:\/\/static.hupso.com\/share\/buttons\/lang\/es\/share-medium.png\" style=\"border:0px; padding-top: 5px; float:left;\" alt=\"Share Button\"\/><\/a><script type=\"text\/javascript\">var hupso_services_t=new Array(\"Twitter\",\"Facebook\",\"Google Plus\",\"Pinterest\",\"Linkedin\",\"Email\",\"Print\");var hupso_background_t=\"#EAF4FF\";var hupso_border_t=\"#66CCFF\";var hupso_toolbar_size_t=\"medium\";var hupso_image_folder_url = \"\";var hupso_twitter_via=\"hectorops\";var hupso_url_t=\"\";var hupso_title_t=\"REFLEXI%C3%93N%20PARA%20EL%20VIERNES%20SANTO%2003-04-15\";<\/script><script type=\"text\/javascript\" src=\"http:\/\/static.hupso.com\/share\/js\/share_toolbar.js\"><\/script><!-- Hupso Share Buttons --><\/div>","protected":false},"excerpt":{"rendered":"<p>Hoy es el \u00fanico d\u00eda del a\u00f1o en que no se celebra la Santa Misa. En su lugar, a la \u201chora nona\u201d (las tres de la tarde), se celebra la Pasi\u00f3n del Se\u00f1or con la Liturgia de la Palabra y &hellip; <a href=\"http:\/\/delamanodemaria.com\/?p=5203\">Continue reading <span class=\"meta-nav\">&rarr;<\/span><\/a><\/p>\n<div style=\"padding-bottom:20px; padding-top:10px;\" class=\"hupso-share-buttons\"><!-- Hupso Share Buttons - https:\/\/www.hupso.com\/share\/ --><a class=\"hupso_toolbar\" href=\"https:\/\/www.hupso.com\/share\/\"><img src=\"http:\/\/static.hupso.com\/share\/buttons\/lang\/es\/share-medium.png\" style=\"border:0px; padding-top: 5px; float:left;\" alt=\"Share Button\"\/><\/a><script type=\"text\/javascript\">var hupso_services_t=new Array(\"Twitter\",\"Facebook\",\"Google Plus\",\"Pinterest\",\"Linkedin\",\"Email\",\"Print\");var hupso_background_t=\"#EAF4FF\";var hupso_border_t=\"#66CCFF\";var hupso_toolbar_size_t=\"medium\";var hupso_image_folder_url = \"\";var hupso_twitter_via=\"hectorops\";var hupso_url_t=\"\";var hupso_title_t=\"REFLEXI%C3%93N%20PARA%20EL%20VIERNES%20SANTO%2003-04-15\";<\/script><script type=\"text\/javascript\" src=\"http:\/\/static.hupso.com\/share\/js\/share_toolbar.js\"><\/script><!-- Hupso Share Buttons --><\/div>","protected":false},"author":1,"featured_media":0,"comment_status":"open","ping_status":"open","sticky":false,"template":"","format":"standard","meta":{"jetpack_post_was_ever_published":false,"_jetpack_newsletter_access":"","_jetpack_newsletter_tier_id":0,"jetpack_publicize_message":"","jetpack_is_tweetstorm":false,"jetpack_publicize_feature_enabled":true,"jetpack_social_post_already_shared":true,"jetpack_social_options":{"image_generator_settings":{"template":"highway","enabled":false}}},"categories":[1],"tags":[52,30,33,371,760,40,491,39,422,861,51],"jetpack_publicize_connections":[],"jetpack_featured_media_url":"","jetpack_shortlink":"https:\/\/wp.me\/p3bBgS-1lV","jetpack_sharing_enabled":true,"jetpack_likes_enabled":true,"_links":{"self":[{"href":"http:\/\/delamanodemaria.com\/index.php?rest_route=\/wp\/v2\/posts\/5203"}],"collection":[{"href":"http:\/\/delamanodemaria.com\/index.php?rest_route=\/wp\/v2\/posts"}],"about":[{"href":"http:\/\/delamanodemaria.com\/index.php?rest_route=\/wp\/v2\/types\/post"}],"author":[{"embeddable":true,"href":"http:\/\/delamanodemaria.com\/index.php?rest_route=\/wp\/v2\/users\/1"}],"replies":[{"embeddable":true,"href":"http:\/\/delamanodemaria.com\/index.php?rest_route=%2Fwp%2Fv2%2Fcomments&post=5203"}],"version-history":[{"count":3,"href":"http:\/\/delamanodemaria.com\/index.php?rest_route=\/wp\/v2\/posts\/5203\/revisions"}],"predecessor-version":[{"id":5207,"href":"http:\/\/delamanodemaria.com\/index.php?rest_route=\/wp\/v2\/posts\/5203\/revisions\/5207"}],"wp:attachment":[{"href":"http:\/\/delamanodemaria.com\/index.php?rest_route=%2Fwp%2Fv2%2Fmedia&parent=5203"}],"wp:term":[{"taxonomy":"category","embeddable":true,"href":"http:\/\/delamanodemaria.com\/index.php?rest_route=%2Fwp%2Fv2%2Fcategories&post=5203"},{"taxonomy":"post_tag","embeddable":true,"href":"http:\/\/delamanodemaria.com\/index.php?rest_route=%2Fwp%2Fv2%2Ftags&post=5203"}],"curies":[{"name":"wp","href":"https:\/\/api.w.org\/{rel}","templated":true}]}}