{"id":5213,"date":"2015-04-03T18:48:49","date_gmt":"2015-04-03T22:48:49","guid":{"rendered":"http:\/\/delamanodemaria.com\/?p=5213"},"modified":"2015-04-03T18:48:49","modified_gmt":"2015-04-03T22:48:49","slug":"como-nacio-el-precepto-de-abstenerse-de-carne-en-los-viernes-de-cuaresma","status":"publish","type":"post","link":"http:\/\/delamanodemaria.com\/?p=5213","title":{"rendered":"\u00bfC\u00f3mo naci\u00f3 el precepto de abstenerse de carne en los Viernes de Cuaresma?"},"content":{"rendered":"<p><a href=\"http:\/\/delamanodemaria.com\/wp-content\/uploads\/2015\/04\/Pan-y-Agua.png\"><img decoding=\"async\" loading=\"lazy\" class=\"alignnone size-full wp-image-5214\" src=\"http:\/\/delamanodemaria.com\/wp-content\/uploads\/2015\/04\/Pan-y-Agua.png\" alt=\"Pan y Agua\" width=\"655\" height=\"450\" srcset=\"http:\/\/delamanodemaria.com\/wp-content\/uploads\/2015\/04\/Pan-y-Agua.png 655w, http:\/\/delamanodemaria.com\/wp-content\/uploads\/2015\/04\/Pan-y-Agua-300x206.png 300w, http:\/\/delamanodemaria.com\/wp-content\/uploads\/2015\/04\/Pan-y-Agua-437x300.png 437w\" sizes=\"(max-width: 655px) 100vw, 655px\" \/><\/a><\/p>\n<p><em>En la Cuaresma, el ayuno es uno de los temas recurrentes. Nos escribe una lectora: \u201c\u00bfAlguien me sabe explicar el motivo de la abstinencia de carne? Pero no documentando la respuesta con escritos oficiales eclesiales (que se encuentran f\u00e1cilmente en internet)&#8230; sino explic\u00e1ndome el por qu\u00e9 de esta prohibici\u00f3n. C\u00f3mo naci\u00f3. El motivo inicial\u201d. <\/em><\/p>\n<p>El ayuno existe desde tiempos inmemorables en todas las tradiciones, como principal instrumento para acompa\u00f1ar a la oraci\u00f3n. En todo tiempo y lugar el ser humano ha adoptado el ayuno como arte religioso, para purificarse a nivel f\u00edsico, mental y espiritual.<\/p>\n<p>Y desde bien pronto, se advierte tambi\u00e9n que la alimentaci\u00f3n influye en esta purificaci\u00f3n. De hecho, la medicina desde la Antig\u00fcedad relacionaba el consumo de determinados alimentos con los problemas de salud: en especial, la de carne. \u00a0Lo cierto es que ambos preceptos, el del ayuno y el de la abstinencia de la carne, han ido siempre de la mano.<\/p>\n<p>Ya en la Grecia antigua se atribu\u00eda al ayuno y la abstinencia de ciertos alimentos el valor de purificaci\u00f3n de las cosas terrenas. Una herencia cultural de la que participar\u00edan los cristianos. Para los sabios de la Antig\u00fcedad, la alimentaci\u00f3n deb\u00eda ser sobria y de alimentos secos (xerofagia), y se relacionaba el consumo de carne con el libertinaje.<\/p>\n<p>El ayuno cuaresmal como tal se instituy\u00f3 en el siglo IV, pero ya era practicado con anterioridad, como afirma el propio Pablo en sus cartas. En los primeros siglos de la cristiandad no hab\u00eda uniformidad en las prescripciones cuaresmales. Por ejemplo, en Siria estaba prohibido tambi\u00e9n el pescado. En otras iglesias, incluso los derivados animales: leche, huevos, queso\u2026. Incluso todo tipo de grasa, por ejemplo el aceite.<\/p>\n<p>Seg\u00fan algunos autores antiguos, como san Juan Cl\u00edmaco, hab\u00eda que evitar los alimentos que tienen grasa y que dan calor\u00edas, y consumir s\u00f3lo aquellos que sacian y que facilitan la digesti\u00f3n. \u00bfPor qu\u00e9? El padre Bormolini explica que la digesti\u00f3n de los alimentos grasos es m\u00e1s dif\u00edcil para el cuerpo y afecta tambi\u00e9n a nivel ps\u00edquico, aumentando la agitaci\u00f3n de la mente y la producci\u00f3n incontrolada de pensamientos que impiden a la mente \u201cconcentrarse\u201d en la oraci\u00f3n.<\/p>\n<p>Otra raz\u00f3n, aducida por Antonio Gentili, autor de un estudio sobre el ayuno religioso, es que matar a los animales \u201ccomporta un acto de violencia, que las diferentes culturas tend\u00edan a disciplinar\u201d.<\/p>\n<p>Otros muchos expertos aducen razones de higiene alimentaria, pues los alimentos de origen animal son m\u00e1s susceptibles (sobre todo antiguamente) de contaminaci\u00f3n, enfermedad y toxicidad.<\/p>\n<p>Cabe decir adem\u00e1s que la abstinencia de carne no es algo propio de la religi\u00f3n cristiana: Las culturas orientales, como por ejemplo la india, suelen ser m\u00e1s r\u00edgidas a\u00fan en cuanto a este tipo de prohibiciones, respecto de los cristianos.<\/p>\n<div class=\"row-fluid\">\n<div class=\"span12\">\n<div class=\"sources-cont\">\n<div class=\"pull-$floatSide2\">\n<div>sources: <a href=\"http:\/\/www.aleteia.org\/\" target=\"_blank\" data-position=\"Source\">ALETEIA<\/a><\/div>\n<\/div>\n<\/div>\n<\/div>\n<\/div>\n<p><a href=\"http:\/\/www.aleteia.org\/es\/religion\/articulo\/como-nacio-el-precepto-de-abstenerse-de-carne-en-los-viernes-de-cuaresma-5891943716356096\" target=\"_blank\">http:\/\/www.aleteia.org\/es\/religion\/articulo\/como-nacio-el-precepto-de-abstenerse-de-carne-en-los-viernes-de-cuaresma-5891943716356096<\/a><\/p>\n<div style=\"padding-bottom:20px; padding-top:10px;\" class=\"hupso-share-buttons\"><!-- Hupso Share Buttons - https:\/\/www.hupso.com\/share\/ --><a class=\"hupso_toolbar\" href=\"https:\/\/www.hupso.com\/share\/\"><img src=\"http:\/\/static.hupso.com\/share\/buttons\/lang\/es\/share-medium.png\" style=\"border:0px; padding-top: 5px; float:left;\" alt=\"Share Button\"\/><\/a><script type=\"text\/javascript\">var hupso_services_t=new Array(\"Twitter\",\"Facebook\",\"Google Plus\",\"Pinterest\",\"Linkedin\",\"Email\",\"Print\");var hupso_background_t=\"#EAF4FF\";var hupso_border_t=\"#66CCFF\";var hupso_toolbar_size_t=\"medium\";var hupso_image_folder_url = \"\";var hupso_twitter_via=\"hectorops\";var hupso_url_t=\"\";var hupso_title_t=\"%C2%BFC%C3%B3mo%20naci%C3%B3%20el%20precepto%20de%20abstenerse%20de%20carne%20en%20los%20Viernes%20de%20Cuaresma%3F\";<\/script><script type=\"text\/javascript\" src=\"http:\/\/static.hupso.com\/share\/js\/share_toolbar.js\"><\/script><!-- Hupso Share Buttons --><\/div>","protected":false},"excerpt":{"rendered":"<p>En la Cuaresma, el ayuno es uno de los temas recurrentes. Nos escribe una lectora: \u201c\u00bfAlguien me sabe explicar el motivo de la abstinencia de carne? Pero no documentando la respuesta con escritos oficiales eclesiales (que se encuentran f\u00e1cilmente en &hellip; <a href=\"http:\/\/delamanodemaria.com\/?p=5213\">Continue reading <span class=\"meta-nav\">&rarr;<\/span><\/a><\/p>\n<div style=\"padding-bottom:20px; padding-top:10px;\" class=\"hupso-share-buttons\"><!-- Hupso Share Buttons - https:\/\/www.hupso.com\/share\/ --><a class=\"hupso_toolbar\" href=\"https:\/\/www.hupso.com\/share\/\"><img src=\"http:\/\/static.hupso.com\/share\/buttons\/lang\/es\/share-medium.png\" style=\"border:0px; padding-top: 5px; float:left;\" alt=\"Share Button\"\/><\/a><script type=\"text\/javascript\">var hupso_services_t=new Array(\"Twitter\",\"Facebook\",\"Google Plus\",\"Pinterest\",\"Linkedin\",\"Email\",\"Print\");var hupso_background_t=\"#EAF4FF\";var hupso_border_t=\"#66CCFF\";var hupso_toolbar_size_t=\"medium\";var hupso_image_folder_url = \"\";var hupso_twitter_via=\"hectorops\";var hupso_url_t=\"\";var hupso_title_t=\"%C2%BFC%C3%B3mo%20naci%C3%B3%20el%20precepto%20de%20abstenerse%20de%20carne%20en%20los%20Viernes%20de%20Cuaresma%3F\";<\/script><script type=\"text\/javascript\" src=\"http:\/\/static.hupso.com\/share\/js\/share_toolbar.js\"><\/script><!-- Hupso Share Buttons --><\/div>","protected":false},"author":1,"featured_media":0,"comment_status":"open","ping_status":"open","sticky":false,"template":"","format":"standard","meta":{"jetpack_post_was_ever_published":false,"_jetpack_newsletter_access":"","_jetpack_newsletter_tier_id":0,"jetpack_publicize_message":"","jetpack_is_tweetstorm":false,"jetpack_publicize_feature_enabled":true,"jetpack_social_post_already_shared":true,"jetpack_social_options":{"image_generator_settings":{"template":"highway","enabled":false}}},"categories":[1],"tags":[476,192,4],"jetpack_publicize_connections":[],"jetpack_featured_media_url":"","jetpack_shortlink":"https:\/\/wp.me\/p3bBgS-1m5","jetpack_sharing_enabled":true,"jetpack_likes_enabled":true,"_links":{"self":[{"href":"http:\/\/delamanodemaria.com\/index.php?rest_route=\/wp\/v2\/posts\/5213"}],"collection":[{"href":"http:\/\/delamanodemaria.com\/index.php?rest_route=\/wp\/v2\/posts"}],"about":[{"href":"http:\/\/delamanodemaria.com\/index.php?rest_route=\/wp\/v2\/types\/post"}],"author":[{"embeddable":true,"href":"http:\/\/delamanodemaria.com\/index.php?rest_route=\/wp\/v2\/users\/1"}],"replies":[{"embeddable":true,"href":"http:\/\/delamanodemaria.com\/index.php?rest_route=%2Fwp%2Fv2%2Fcomments&post=5213"}],"version-history":[{"count":1,"href":"http:\/\/delamanodemaria.com\/index.php?rest_route=\/wp\/v2\/posts\/5213\/revisions"}],"predecessor-version":[{"id":5215,"href":"http:\/\/delamanodemaria.com\/index.php?rest_route=\/wp\/v2\/posts\/5213\/revisions\/5215"}],"wp:attachment":[{"href":"http:\/\/delamanodemaria.com\/index.php?rest_route=%2Fwp%2Fv2%2Fmedia&parent=5213"}],"wp:term":[{"taxonomy":"category","embeddable":true,"href":"http:\/\/delamanodemaria.com\/index.php?rest_route=%2Fwp%2Fv2%2Fcategories&post=5213"},{"taxonomy":"post_tag","embeddable":true,"href":"http:\/\/delamanodemaria.com\/index.php?rest_route=%2Fwp%2Fv2%2Ftags&post=5213"}],"curies":[{"name":"wp","href":"https:\/\/api.w.org\/{rel}","templated":true}]}}