{"id":5220,"date":"2015-04-05T15:04:33","date_gmt":"2015-04-05T19:04:33","guid":{"rendered":"http:\/\/delamanodemaria.com\/?p=5220"},"modified":"2015-04-05T15:04:33","modified_gmt":"2015-04-05T19:04:33","slug":"texto-del-mensaje-pascual-del-papa-francisco-y-bendicion-urbi-et-orbi-2015","status":"publish","type":"post","link":"http:\/\/delamanodemaria.com\/?p=5220","title":{"rendered":"Texto del Mensaje Pascual del Papa Francisco y bendici\u00f3n urbi et orbi 2015"},"content":{"rendered":"<div id=\"attachment_5221\" style=\"width: 690px\" class=\"wp-caption alignnone\"><a href=\"http:\/\/delamanodemaria.com\/wp-content\/uploads\/2015\/04\/PAPA-URBI-ET-ORBI.jpg\"><img aria-describedby=\"caption-attachment-5221\" decoding=\"async\" loading=\"lazy\" class=\"wp-image-5221 size-full\" src=\"http:\/\/delamanodemaria.com\/wp-content\/uploads\/2015\/04\/PAPA-URBI-ET-ORBI.jpg\" alt=\"PAPA URBI ET ORBI\" width=\"680\" height=\"454\" srcset=\"http:\/\/delamanodemaria.com\/wp-content\/uploads\/2015\/04\/PAPA-URBI-ET-ORBI.jpg 680w, http:\/\/delamanodemaria.com\/wp-content\/uploads\/2015\/04\/PAPA-URBI-ET-ORBI-300x200.jpg 300w, http:\/\/delamanodemaria.com\/wp-content\/uploads\/2015\/04\/PAPA-URBI-ET-ORBI-449x300.jpg 449w\" sizes=\"(max-width: 680px) 100vw, 680px\" \/><\/a><p id=\"caption-attachment-5221\" class=\"wp-caption-text\">Foto: Bohumil Petrik \/ ACI Prensa<\/p><\/div>\n<p>&nbsp;<\/p>\n<p>VATICANO, 05 Abr. 15 \/ 06:18 am (<b>ACI\/EWTN Noticias<\/b>).- El Papa Francisco presidi\u00f3 esta ma\u00f1ana\u00a0la Misa de la Pascua de Resurrecci\u00f3n \u00a0en la Plaza de San Pedro. El Pont\u00edfice no tuvo homil\u00eda puesto que despu\u00e9s ley\u00f3 su Mensaje Pascual e imparti\u00f3 la tradicional bendici\u00f3n Urbi et Orbi (a la ciudad y al mundo).<\/p>\n<p>En \u00e9l, el Santo Padre, reconoci\u00f3 que \u201ccon su muerte y resurrecci\u00f3n, Jes\u00fas muestra a todos la v\u00eda de la vida y la felicidad: esta v\u00eda es la humildad, que comporta la humillaci\u00f3n\u201d.<\/p>\n<p>A su vez asegur\u00f3 que los cristianos \u201ctratamos de vivir al servicio de los dem\u00e1s, de no ser altivos, sino disponibles y respetuosos. Esto no es debilidad, sino autentica fuerza\u201d.<\/p>\n<p>Por otra parte se\u00f1al\u00f3 que \u201cqui\u00e9n lleva en s\u00ed el poder de Dios, de su amor y su justicia, no necesita usar violencia, sino que habla y act\u00faa con la fuerza de la verdad, de la belleza y del amor. Imploremos al Se\u00f1or resucitado la gracia de no ceder al orgullo que fomenta la violencia y las guerras, sino que tengamos el valor humilde del perd\u00f3n y de la paz\u201d.<\/p>\n<p>Por ello pidi\u00f3 que Cristo \u201calivie el sufrimiento de tantos hermanos nuestros perseguidos a causa de su nombre\u201d, en especial en Irak y Siria. Pidi\u00f3 la paz tambi\u00e9n para palestinos e israel\u00edes y el fin de los conflictos en Libia, Yemen, Nigeria, Sud\u00e1n del Sur y diversas regiones del Sud\u00e1n y la Rep\u00fablica Democr\u00e1tica del Congo. Se acord\u00f3 en especial de los 147 universitarios asesinados el pasado mi\u00e9rcoles por terroristas yihadistas en Kenia y pidi\u00f3 tambi\u00e9n el fin del conflicto en Ucrania.<\/p>\n<p>Despu\u00e9s del Mensaje, el Papa despidi\u00f3 a los fieles dese\u00e1ndoles una feliz Pascua. \u201cLleven a vuestras casas y a los que os encontr\u00e9is el jubiloso anuncio de que el Se\u00f1or ha resucitado, de que es el Se\u00f1or de la vida\u201d.<\/p>\n<p>A continuaci\u00f3n, ACI Prensa comparte con sus lectores el texto completo del mensaje pascual 2015:<\/p>\n<p>Para leer el texto completo ir a:\u00a0<a href=\"https:\/\/www.aciprensa.com\/noticias\/texto-completo-mensaje-urbi-et-orbi-del-papa-francisco-en-pascua-de-resurreccion-2015-69179\/\" target=\"_blank\">https:\/\/www.aciprensa.com\/noticias\/texto-completo-mensaje-urbi-et-orbi-del-papa-francisco-en-pascua-de-resurreccion-2015-69179\/<\/a><\/p>\n<div style=\"padding-bottom:20px; padding-top:10px;\" class=\"hupso-share-buttons\"><!-- Hupso Share Buttons - https:\/\/www.hupso.com\/share\/ --><a class=\"hupso_toolbar\" href=\"https:\/\/www.hupso.com\/share\/\"><img src=\"http:\/\/static.hupso.com\/share\/buttons\/lang\/es\/share-medium.png\" style=\"border:0px; padding-top: 5px; float:left;\" alt=\"Share Button\"\/><\/a><script type=\"text\/javascript\">var hupso_services_t=new Array(\"Twitter\",\"Facebook\",\"Google Plus\",\"Pinterest\",\"Linkedin\",\"Email\",\"Print\");var hupso_background_t=\"#EAF4FF\";var hupso_border_t=\"#66CCFF\";var hupso_toolbar_size_t=\"medium\";var hupso_image_folder_url = \"\";var hupso_twitter_via=\"hectorops\";var hupso_url_t=\"\";var hupso_title_t=\"Texto%20del%20Mensaje%20Pascual%20del%20Papa%20Francisco%20y%20bendici%C3%B3n%20urbi%20et%20orbi%202015\";<\/script><script type=\"text\/javascript\" src=\"http:\/\/static.hupso.com\/share\/js\/share_toolbar.js\"><\/script><!-- Hupso Share Buttons --><\/div>","protected":false},"excerpt":{"rendered":"<p>&nbsp; VATICANO, 05 Abr. 15 \/ 06:18 am (ACI\/EWTN Noticias).- El Papa Francisco presidi\u00f3 esta ma\u00f1ana\u00a0la Misa de la Pascua de Resurrecci\u00f3n \u00a0en la Plaza de San Pedro. El Pont\u00edfice no tuvo homil\u00eda puesto que despu\u00e9s ley\u00f3 su Mensaje Pascual &hellip; <a href=\"http:\/\/delamanodemaria.com\/?p=5220\">Continue reading <span class=\"meta-nav\">&rarr;<\/span><\/a><\/p>\n<div style=\"padding-bottom:20px; padding-top:10px;\" class=\"hupso-share-buttons\"><!-- Hupso Share Buttons - https:\/\/www.hupso.com\/share\/ --><a class=\"hupso_toolbar\" href=\"https:\/\/www.hupso.com\/share\/\"><img src=\"http:\/\/static.hupso.com\/share\/buttons\/lang\/es\/share-medium.png\" style=\"border:0px; padding-top: 5px; float:left;\" alt=\"Share Button\"\/><\/a><script type=\"text\/javascript\">var hupso_services_t=new Array(\"Twitter\",\"Facebook\",\"Google Plus\",\"Pinterest\",\"Linkedin\",\"Email\",\"Print\");var hupso_background_t=\"#EAF4FF\";var hupso_border_t=\"#66CCFF\";var hupso_toolbar_size_t=\"medium\";var hupso_image_folder_url = \"\";var hupso_twitter_via=\"hectorops\";var hupso_url_t=\"\";var hupso_title_t=\"Texto%20del%20Mensaje%20Pascual%20del%20Papa%20Francisco%20y%20bendici%C3%B3n%20urbi%20et%20orbi%202015\";<\/script><script type=\"text\/javascript\" src=\"http:\/\/static.hupso.com\/share\/js\/share_toolbar.js\"><\/script><!-- Hupso Share Buttons --><\/div>","protected":false},"author":1,"featured_media":0,"comment_status":"open","ping_status":"open","sticky":false,"template":"","format":"standard","meta":{"jetpack_post_was_ever_published":false,"_jetpack_newsletter_access":"","_jetpack_newsletter_tier_id":0,"jetpack_publicize_message":"","jetpack_is_tweetstorm":false,"jetpack_publicize_feature_enabled":true,"jetpack_social_post_already_shared":true,"jetpack_social_options":{"image_generator_settings":{"template":"highway","enabled":false}}},"categories":[1],"tags":[753,448,760,63,20],"jetpack_publicize_connections":[],"jetpack_featured_media_url":"","jetpack_shortlink":"https:\/\/wp.me\/p3bBgS-1mc","jetpack_sharing_enabled":true,"jetpack_likes_enabled":true,"_links":{"self":[{"href":"http:\/\/delamanodemaria.com\/index.php?rest_route=\/wp\/v2\/posts\/5220"}],"collection":[{"href":"http:\/\/delamanodemaria.com\/index.php?rest_route=\/wp\/v2\/posts"}],"about":[{"href":"http:\/\/delamanodemaria.com\/index.php?rest_route=\/wp\/v2\/types\/post"}],"author":[{"embeddable":true,"href":"http:\/\/delamanodemaria.com\/index.php?rest_route=\/wp\/v2\/users\/1"}],"replies":[{"embeddable":true,"href":"http:\/\/delamanodemaria.com\/index.php?rest_route=%2Fwp%2Fv2%2Fcomments&post=5220"}],"version-history":[{"count":2,"href":"http:\/\/delamanodemaria.com\/index.php?rest_route=\/wp\/v2\/posts\/5220\/revisions"}],"predecessor-version":[{"id":5223,"href":"http:\/\/delamanodemaria.com\/index.php?rest_route=\/wp\/v2\/posts\/5220\/revisions\/5223"}],"wp:attachment":[{"href":"http:\/\/delamanodemaria.com\/index.php?rest_route=%2Fwp%2Fv2%2Fmedia&parent=5220"}],"wp:term":[{"taxonomy":"category","embeddable":true,"href":"http:\/\/delamanodemaria.com\/index.php?rest_route=%2Fwp%2Fv2%2Fcategories&post=5220"},{"taxonomy":"post_tag","embeddable":true,"href":"http:\/\/delamanodemaria.com\/index.php?rest_route=%2Fwp%2Fv2%2Ftags&post=5220"}],"curies":[{"name":"wp","href":"https:\/\/api.w.org\/{rel}","templated":true}]}}