{"id":5224,"date":"2015-04-05T20:54:35","date_gmt":"2015-04-06T00:54:35","guid":{"rendered":"http:\/\/delamanodemaria.com\/?p=5224"},"modified":"2015-04-05T20:54:35","modified_gmt":"2015-04-06T00:54:35","slug":"reflexion-para-el-lunes-de-la-octava-de-pascua-06-04-15","status":"publish","type":"post","link":"http:\/\/delamanodemaria.com\/?p=5224","title":{"rendered":"REFLEXI\u00d3N PARA EL LUNES DE LA OCTAVA DE PASCUA 06-04-15"},"content":{"rendered":"<p><a href=\"http:\/\/delamanodemaria.com\/wp-content\/uploads\/2014\/05\/discurso-de-pedro-en-pentecostes.jpeg\"><img decoding=\"async\" loading=\"lazy\" class=\"alignnone size-full wp-image-3489\" src=\"http:\/\/delamanodemaria.com\/wp-content\/uploads\/2014\/05\/discurso-de-pedro-en-pentecostes.jpeg\" alt=\"discurso de pedro en pentecostes\" width=\"600\" height=\"324\" srcset=\"http:\/\/delamanodemaria.com\/wp-content\/uploads\/2014\/05\/discurso-de-pedro-en-pentecostes.jpeg 600w, http:\/\/delamanodemaria.com\/wp-content\/uploads\/2014\/05\/discurso-de-pedro-en-pentecostes-300x162.jpeg 300w, http:\/\/delamanodemaria.com\/wp-content\/uploads\/2014\/05\/discurso-de-pedro-en-pentecostes-500x270.jpeg 500w\" sizes=\"(max-width: 600px) 100vw, 600px\" \/><\/a><\/p>\n<p>Con el Domingo de Resurrecci\u00f3n comenzamos la <em>cincuentena del tiempo pascual<\/em> que culmina con la solemnidad de Pentecost\u00e9s. Llamamos Octava de Pascua a la primera semana de la cincuentena. Es como si se tratara de un solo d\u00eda, o sea, que la celebraci\u00f3n, la alegr\u00eda del domingo de Pascua se prolonga por ocho d\u00edas seguidos. Aunque a trav\u00e9s de la historia de la Iglesia se han reconocido varias \u201coctavas\u201d, en la actualidad se reconocen solo dos: la de <em>Navidad<\/em> y la de <em>Pascua<\/em>.<\/p>\n<p>Esta idea de celebrar octavas para las grandes solemnidades la encontramos enraizada tanto en la cultura helen\u00edstica (griega) como en la jud\u00eda. Para los griegos el n\u00famero ocho representaba la perfecci\u00f3n definitiva, pues el alma hab\u00eda \u201cviajado\u201d por siete esferas y al llegar a la octava encontrar\u00eda la eterna bienaventuranza. La liturgia jud\u00eda, por su parte, celebraba durante ocho d\u00edas sus grandes fiestas (Pascua, \u00c1zimos y Pentecost\u00e9s), siendo el octavo el que se celebraba con mayor solemnidad, pues recapitulaba los siete anteriores.<\/p>\n<p>Para nosotros los cristianos, que reconocemos una semana de siete d\u00edas, el \u201coctavo d\u00eda\u201d es a la vez el primero (si comenzamos a contar incluyendo el primer d\u00eda \u2013 por eso al domingo se le llama <em>octava dies<\/em>), el que est\u00e1 \u201cm\u00e1s all\u00e1 de todo d\u00eda\u201d, que a su vez nos remite a la eternidad; a ese Dios eterno, que est\u00e1 por encima del tiempo.<\/p>\n<p>Durante la Octava de Pascua, las lecturas que nos brinda la liturgia se concentran en el signo \u201cpositivo\u201d de la resurrecci\u00f3n, las apariciones de Jes\u00fas, que junto al signo \u201cnegativo\u201d (el sepulcro vac\u00edo), conforman los hechos que demuestran sin lugar a dudas que \u00a1Jes\u00fas ha resucitado! Estas lecturas nos transmitir\u00e1n fielmente las experiencias de los ap\u00f3stoles y otros con el Resucitado.<\/p>\n<p>La lectura de hoy (Mt 28,8-15) nos presenta a Mar\u00eda Magdalena y \u201cla otra Mar\u00eda\u201d (Mar\u00eda la de Santiago) march\u00e1ndose a toda prisa del sepulcro despu\u00e9s de haber presenciado al \u201c\u00c1ngel del Se\u00f1or\u201d bajar del cielo en medio de un terremoto y rodar la piedra que serv\u00eda de l\u00e1pida. Ya el a\u00f1o pasado hab\u00edamos comentado sobre esa lectura, por lo que <a href=\"http:\/\/delamanodemaria.com\/?p=3402\" target=\"_blank\">les remitimos a nuestra reflexi\u00f3n para esa fecha<\/a>.<\/p>\n<p>La primera lectura de hoy (Hc 2,14.22-33) nos presenta fragmentos del <em>discurso de Pedro a la gente<\/em> en Pentecost\u00e9s, en el que dio testimonio de la Resurrecci\u00f3n de Jes\u00fas y del Esp\u00edritu Santo que acababa de derramarse sobre los que estaban junto a \u00e9l: \u201cPues bien, Dios resucit\u00f3 a este Jes\u00fas, de lo cual todos nosotros somos testigos. Ahora, exaltado por la diestra de Dios, ha recibido del Padre el Esp\u00edritu Santo que estaba prometido, y lo ha derramado. Esto es lo que est\u00e1is viendo y oyendo\u201d.<\/p>\n<p>Pedro hab\u00eda tenido un encuentro con el Resucitado y hab\u00eda sido arropado por el poder del Esp\u00edritu Santo. Por eso su testimonio fue tan poderoso y elocuente al punto que, como veremos en la primera lectura de ma\u00f1ana, \u201caquel d\u00eda se les agregaron unos tres mil\u201d.<\/p>\n<p>Pidamos al Resucitado nos conceda la fe para tener un verdadero encuentro con el Resucitado y poder anunciar a todos la gran noticia:<\/p>\n<p style=\"text-align: center;\"><em><strong>\u00a1Verdaderamente ha resucitado!<\/strong><\/em><\/p>\n<div style=\"padding-bottom:20px; padding-top:10px;\" class=\"hupso-share-buttons\"><!-- Hupso Share Buttons - https:\/\/www.hupso.com\/share\/ --><a class=\"hupso_toolbar\" href=\"https:\/\/www.hupso.com\/share\/\"><img src=\"http:\/\/static.hupso.com\/share\/buttons\/lang\/es\/share-medium.png\" style=\"border:0px; padding-top: 5px; float:left;\" alt=\"Share Button\"\/><\/a><script type=\"text\/javascript\">var hupso_services_t=new Array(\"Twitter\",\"Facebook\",\"Google Plus\",\"Pinterest\",\"Linkedin\",\"Email\",\"Print\");var hupso_background_t=\"#EAF4FF\";var hupso_border_t=\"#66CCFF\";var hupso_toolbar_size_t=\"medium\";var hupso_image_folder_url = \"\";var hupso_twitter_via=\"hectorops\";var hupso_url_t=\"\";var hupso_title_t=\"REFLEXI%C3%93N%20PARA%20EL%20LUNES%20DE%20LA%20OCTAVA%20DE%20PASCUA%2006-04-15\";<\/script><script type=\"text\/javascript\" src=\"http:\/\/static.hupso.com\/share\/js\/share_toolbar.js\"><\/script><!-- Hupso Share Buttons --><\/div>","protected":false},"excerpt":{"rendered":"<p>Con el Domingo de Resurrecci\u00f3n comenzamos la cincuentena del tiempo pascual que culmina con la solemnidad de Pentecost\u00e9s. Llamamos Octava de Pascua a la primera semana de la cincuentena. Es como si se tratara de un solo d\u00eda, o sea, &hellip; <a href=\"http:\/\/delamanodemaria.com\/?p=5224\">Continue reading <span class=\"meta-nav\">&rarr;<\/span><\/a><\/p>\n<div style=\"padding-bottom:20px; padding-top:10px;\" class=\"hupso-share-buttons\"><!-- Hupso Share Buttons - https:\/\/www.hupso.com\/share\/ --><a class=\"hupso_toolbar\" href=\"https:\/\/www.hupso.com\/share\/\"><img src=\"http:\/\/static.hupso.com\/share\/buttons\/lang\/es\/share-medium.png\" style=\"border:0px; padding-top: 5px; float:left;\" alt=\"Share Button\"\/><\/a><script type=\"text\/javascript\">var hupso_services_t=new Array(\"Twitter\",\"Facebook\",\"Google Plus\",\"Pinterest\",\"Linkedin\",\"Email\",\"Print\");var hupso_background_t=\"#EAF4FF\";var hupso_border_t=\"#66CCFF\";var hupso_toolbar_size_t=\"medium\";var hupso_image_folder_url = \"\";var hupso_twitter_via=\"hectorops\";var hupso_url_t=\"\";var hupso_title_t=\"REFLEXI%C3%93N%20PARA%20EL%20LUNES%20DE%20LA%20OCTAVA%20DE%20PASCUA%2006-04-15\";<\/script><script type=\"text\/javascript\" src=\"http:\/\/static.hupso.com\/share\/js\/share_toolbar.js\"><\/script><!-- Hupso Share Buttons --><\/div>","protected":false},"author":1,"featured_media":0,"comment_status":"open","ping_status":"open","sticky":false,"template":"","format":"standard","meta":{"jetpack_post_was_ever_published":false,"_jetpack_newsletter_access":"","_jetpack_newsletter_tier_id":0,"jetpack_publicize_message":"","jetpack_is_tweetstorm":false,"jetpack_publicize_feature_enabled":true,"jetpack_social_post_already_shared":true,"jetpack_social_options":{"image_generator_settings":{"template":"highway","enabled":false}}},"categories":[1],"tags":[66,864,616,137,867,62,64,71,2,519,54,558,516,868,866,865],"jetpack_publicize_connections":[],"jetpack_featured_media_url":"","jetpack_shortlink":"https:\/\/wp.me\/p3bBgS-1mg","jetpack_sharing_enabled":true,"jetpack_likes_enabled":true,"_links":{"self":[{"href":"http:\/\/delamanodemaria.com\/index.php?rest_route=\/wp\/v2\/posts\/5224"}],"collection":[{"href":"http:\/\/delamanodemaria.com\/index.php?rest_route=\/wp\/v2\/posts"}],"about":[{"href":"http:\/\/delamanodemaria.com\/index.php?rest_route=\/wp\/v2\/types\/post"}],"author":[{"embeddable":true,"href":"http:\/\/delamanodemaria.com\/index.php?rest_route=\/wp\/v2\/users\/1"}],"replies":[{"embeddable":true,"href":"http:\/\/delamanodemaria.com\/index.php?rest_route=%2Fwp%2Fv2%2Fcomments&post=5224"}],"version-history":[{"count":4,"href":"http:\/\/delamanodemaria.com\/index.php?rest_route=\/wp\/v2\/posts\/5224\/revisions"}],"predecessor-version":[{"id":5228,"href":"http:\/\/delamanodemaria.com\/index.php?rest_route=\/wp\/v2\/posts\/5224\/revisions\/5228"}],"wp:attachment":[{"href":"http:\/\/delamanodemaria.com\/index.php?rest_route=%2Fwp%2Fv2%2Fmedia&parent=5224"}],"wp:term":[{"taxonomy":"category","embeddable":true,"href":"http:\/\/delamanodemaria.com\/index.php?rest_route=%2Fwp%2Fv2%2Fcategories&post=5224"},{"taxonomy":"post_tag","embeddable":true,"href":"http:\/\/delamanodemaria.com\/index.php?rest_route=%2Fwp%2Fv2%2Ftags&post=5224"}],"curies":[{"name":"wp","href":"https:\/\/api.w.org\/{rel}","templated":true}]}}