{"id":5235,"date":"2015-04-07T22:22:58","date_gmt":"2015-04-08T02:22:58","guid":{"rendered":"http:\/\/delamanodemaria.com\/?p=5235"},"modified":"2015-04-07T22:31:37","modified_gmt":"2015-04-08T02:31:37","slug":"reflexion-para-el-miercoles-de-la-octava-de-pascua-07-04-15","status":"publish","type":"post","link":"http:\/\/delamanodemaria.com\/?p=5235","title":{"rendered":"REFLEXI\u00d3N PARA EL MI\u00c9RCOLES DE LA OCTAVA DE PASCUA 08-04-15"},"content":{"rendered":"<p>&nbsp;<\/p>\n<p><a href=\"http:\/\/delamanodemaria.com\/wp-content\/uploads\/2015\/04\/camino-de-emaus.jpg\"><img decoding=\"async\" loading=\"lazy\" class=\" size-full wp-image-5237 aligncenter\" src=\"http:\/\/delamanodemaria.com\/wp-content\/uploads\/2015\/04\/camino-de-emaus.jpg\" alt=\"camino de emaus\" width=\"556\" height=\"484\" srcset=\"http:\/\/delamanodemaria.com\/wp-content\/uploads\/2015\/04\/camino-de-emaus.jpg 556w, http:\/\/delamanodemaria.com\/wp-content\/uploads\/2015\/04\/camino-de-emaus-300x261.jpg 300w, http:\/\/delamanodemaria.com\/wp-content\/uploads\/2015\/04\/camino-de-emaus-345x300.jpg 345w\" sizes=\"(max-width: 556px) 100vw, 556px\" \/><\/a><\/p>\n<p>Continuamos nuestro camino en la Octava de Pascua con las apariciones del Resucitado a sus disc\u00edpulos. Hoy la liturgia nos brinda la narraci\u00f3n de los disc\u00edpulos de Ema\u00fas (Lc 24,13-35).<\/p>\n<p>El relato nos presenta a dos disc\u00edpulos que sal\u00edan de Jerusal\u00e9n rumbo a una aldea llamada Ema\u00fas. Iban decepcionados, alica\u00eddos. El Mes\u00edas en quien hab\u00edan puesto todas sus esperanzas hab\u00eda muerto. Hab\u00edan o\u00eddo decir que estaba vivo, pero no parec\u00edan estar muy convencidos. En otras palabras, les faltaba fe o, al menos, esta se hab\u00eda debilitado con la experiencia traum\u00e1tica de la Pasi\u00f3n y muerte de Jes\u00fas.<\/p>\n<p>Jes\u00fas sabe lo que van hablando; \u00c9l conoce nuestros corazones. Aun as\u00ed, se acerca a ellos y les pregunta. Ellos no le reconocen, sus ojos est\u00e1n cegados por los acontecimientos. Le relatan sus experiencias y comparten con \u00c9l su tristeza y desilusi\u00f3n. Jes\u00fas los confronta con las Escrituras: \u201c\u00a1Qu\u00e9 necios y torpes sois para creer lo que anunciaron los profetas! \u00bfNo era necesario que el Mes\u00edas padeciera esto para entrar en su gloria?\u201d Pero no se limit\u00f3 a eso. Con toda su paciencia se sent\u00f3 a explicarles lo que de \u00c9l dec\u00edan las Escrituras, \u201ccomenzando por Mois\u00e9s y siguiendo por los profetas\u201d.<\/p>\n<p>Ellos se interesan por lo que est\u00e1 dici\u00e9ndoles aqu\u00e9l \u201cforastero\u201d que encontraron en el camino. No quieren que se marche. Se sienten atra\u00eddos hacia \u00c9l, pero todav\u00eda no le reconocen. M\u00e1s adelante, luego de reconocerle, dir\u00e1n c\u00f3mo les \u201card\u00eda el coraz\u00f3n\u201d cuando les hablaba y les explicaba las Escrituras.<\/p>\n<p>Le invitan a compartir la cena con ellos. All\u00ed, \u201csentado a la mesa con ellos, tom\u00f3 el pan, pronunci\u00f3 la bendici\u00f3n, lo parti\u00f3 y se lo dio. A ellos se les abrieron los ojos y lo reconocieron\u201d. Ese gesto de Jes\u00fas, el mismo que comparti\u00f3 con sus disc\u00edpulos en la \u00faltima cena, hizo que se les abrieran los ojos de la fe. El relato contin\u00faa dici\u00e9ndonos que tan pronto le reconocieron, Jes\u00fas \u201cdesapareci\u00f3\u201d. Desapareci\u00f3 de su vista f\u00edsica, pero hab\u00edan tenido la oportunidad de ver el cuerpo glorificado del Resucitado, y esa \u201cpresencia\u201d permaneci\u00f3 con ellos, al punto que regresaron a Jerusal\u00e9n a informar lo ocurrido a los \u201conce\u201d y sus compa\u00f1eros, quienes ya estaban diciendo \u201cEra verdad, ha resucitado el Se\u00f1or y se ha aparecido a Sim\u00f3n\u201d.<\/p>\n<p>Este pasaje est\u00e1 tan lleno de s\u00edmbolos, que resulta imposible abordarlos todos en este espacio limitado. Nos limitaremos a comparar el camino de Ema\u00fas con nuestra propia vida, y el encuentro de estos con Jes\u00fas, con la Eucarist\u00eda.<\/p>\n<p>Durante nuestro diario vivir, nos enfrentamos a los avatares que la vida nos lanza, ilusiones, decepciones, alegr\u00edas, fracasos. Y nuestra vista se va nublando al punto que nos imposibilita ver a Jes\u00fas que camina a nuestro lado.<\/p>\n<p>Llegado el domingo, nos congregamos para la celebraci\u00f3n eucar\u00edstica y, al igual que los disc\u00edpulos de Ema\u00fas, primero escuchamos las Escrituras y se nos explican. Eso hace que \u201carda nuestro coraz\u00f3n\u201d. Finalmente, en la liturgia eucar\u00edstica que culmina la celebraci\u00f3n, nuestros ojos se abren y reconocemos al Resucitado. Es entonces que exclamamos: \u201cAnunciamos tu muerte, proclamamos tu resurrecci\u00f3n\u201d. Y al igual que ocurri\u00f3 a aquellos disc\u00edpulos, Jes\u00fas \u201cdesaparece\u201d de nuestra vista, pero su presencia, y el gozo que esta produce, permanecen en nuestros corazones. De ah\u00ed salimos con j\u00fabilo a enfrentar la aventura de la vida con nuevos br\u00edos, y a proclamar: <strong>\u201c\u00a1\u00c9l vive!\u201d<\/strong><\/p>\n<div style=\"padding-bottom:20px; padding-top:10px;\" class=\"hupso-share-buttons\"><!-- Hupso Share Buttons - https:\/\/www.hupso.com\/share\/ --><a class=\"hupso_toolbar\" href=\"https:\/\/www.hupso.com\/share\/\"><img src=\"http:\/\/static.hupso.com\/share\/buttons\/lang\/es\/share-medium.png\" style=\"border:0px; padding-top: 5px; float:left;\" alt=\"Share Button\"\/><\/a><script type=\"text\/javascript\">var hupso_services_t=new Array(\"Twitter\",\"Facebook\",\"Google Plus\",\"Pinterest\",\"Linkedin\",\"Email\",\"Print\");var hupso_background_t=\"#EAF4FF\";var hupso_border_t=\"#66CCFF\";var hupso_toolbar_size_t=\"medium\";var hupso_image_folder_url = \"\";var hupso_twitter_via=\"hectorops\";var hupso_url_t=\"\";var hupso_title_t=\"REFLEXI%C3%93N%20PARA%20EL%20MI%C3%89RCOLES%20DE%20LA%20OCTAVA%20DE%20PASCUA%2008-04-15\";<\/script><script type=\"text\/javascript\" src=\"http:\/\/static.hupso.com\/share\/js\/share_toolbar.js\"><\/script><!-- Hupso Share Buttons --><\/div>","protected":false},"excerpt":{"rendered":"<p>&nbsp; Continuamos nuestro camino en la Octava de Pascua con las apariciones del Resucitado a sus disc\u00edpulos. Hoy la liturgia nos brinda la narraci\u00f3n de los disc\u00edpulos de Ema\u00fas (Lc 24,13-35). El relato nos presenta a dos disc\u00edpulos que sal\u00edan &hellip; <a href=\"http:\/\/delamanodemaria.com\/?p=5235\">Continue reading <span class=\"meta-nav\">&rarr;<\/span><\/a><\/p>\n<div style=\"padding-bottom:20px; padding-top:10px;\" class=\"hupso-share-buttons\"><!-- Hupso Share Buttons - https:\/\/www.hupso.com\/share\/ --><a class=\"hupso_toolbar\" href=\"https:\/\/www.hupso.com\/share\/\"><img src=\"http:\/\/static.hupso.com\/share\/buttons\/lang\/es\/share-medium.png\" style=\"border:0px; padding-top: 5px; float:left;\" alt=\"Share Button\"\/><\/a><script type=\"text\/javascript\">var hupso_services_t=new Array(\"Twitter\",\"Facebook\",\"Google Plus\",\"Pinterest\",\"Linkedin\",\"Email\",\"Print\");var hupso_background_t=\"#EAF4FF\";var hupso_border_t=\"#66CCFF\";var hupso_toolbar_size_t=\"medium\";var hupso_image_folder_url = \"\";var hupso_twitter_via=\"hectorops\";var hupso_url_t=\"\";var hupso_title_t=\"REFLEXI%C3%93N%20PARA%20EL%20MI%C3%89RCOLES%20DE%20LA%20OCTAVA%20DE%20PASCUA%2008-04-15\";<\/script><script type=\"text\/javascript\" src=\"http:\/\/static.hupso.com\/share\/js\/share_toolbar.js\"><\/script><!-- Hupso Share Buttons --><\/div>","protected":false},"author":1,"featured_media":0,"comment_status":"open","ping_status":"open","sticky":false,"template":"","format":"standard","meta":{"jetpack_post_was_ever_published":false,"_jetpack_newsletter_access":"","_jetpack_newsletter_tier_id":0,"jetpack_publicize_message":"","jetpack_is_tweetstorm":false,"jetpack_publicize_feature_enabled":true,"jetpack_social_post_already_shared":true,"jetpack_social_options":{"image_generator_settings":{"template":"highway","enabled":false}}},"categories":[1],"tags":[66,524,68,45,96,64,40,2,519,190],"jetpack_publicize_connections":[],"jetpack_featured_media_url":"","jetpack_shortlink":"https:\/\/wp.me\/p3bBgS-1mr","jetpack_sharing_enabled":true,"jetpack_likes_enabled":true,"_links":{"self":[{"href":"http:\/\/delamanodemaria.com\/index.php?rest_route=\/wp\/v2\/posts\/5235"}],"collection":[{"href":"http:\/\/delamanodemaria.com\/index.php?rest_route=\/wp\/v2\/posts"}],"about":[{"href":"http:\/\/delamanodemaria.com\/index.php?rest_route=\/wp\/v2\/types\/post"}],"author":[{"embeddable":true,"href":"http:\/\/delamanodemaria.com\/index.php?rest_route=\/wp\/v2\/users\/1"}],"replies":[{"embeddable":true,"href":"http:\/\/delamanodemaria.com\/index.php?rest_route=%2Fwp%2Fv2%2Fcomments&post=5235"}],"version-history":[{"count":3,"href":"http:\/\/delamanodemaria.com\/index.php?rest_route=\/wp\/v2\/posts\/5235\/revisions"}],"predecessor-version":[{"id":5239,"href":"http:\/\/delamanodemaria.com\/index.php?rest_route=\/wp\/v2\/posts\/5235\/revisions\/5239"}],"wp:attachment":[{"href":"http:\/\/delamanodemaria.com\/index.php?rest_route=%2Fwp%2Fv2%2Fmedia&parent=5235"}],"wp:term":[{"taxonomy":"category","embeddable":true,"href":"http:\/\/delamanodemaria.com\/index.php?rest_route=%2Fwp%2Fv2%2Fcategories&post=5235"},{"taxonomy":"post_tag","embeddable":true,"href":"http:\/\/delamanodemaria.com\/index.php?rest_route=%2Fwp%2Fv2%2Ftags&post=5235"}],"curies":[{"name":"wp","href":"https:\/\/api.w.org\/{rel}","templated":true}]}}