{"id":5285,"date":"2015-04-16T21:58:04","date_gmt":"2015-04-17T01:58:04","guid":{"rendered":"http:\/\/delamanodemaria.com\/?p=5285"},"modified":"2016-04-17T23:48:01","modified_gmt":"2016-04-18T03:48:01","slug":"el-vaticano-pide-que-al-dar-la-paz-ni-el-sacerdote-abandone-el-altar-ni-los-fieles-se-desplacen","status":"publish","type":"post","link":"http:\/\/delamanodemaria.com\/?p=5285","title":{"rendered":"El Vaticano pide que, al dar la Paz, ni el sacerdote abandone el altar ni los fieles se desplacen."},"content":{"rendered":"<p><a href=\"http:\/\/delamanodemaria.com\/wp-content\/uploads\/2015\/04\/rito-de-la-paz.jpg\"><img decoding=\"async\" loading=\"lazy\" class=\"alignnone size-full wp-image-5287\" src=\"http:\/\/delamanodemaria.com\/wp-content\/uploads\/2015\/04\/rito-de-la-paz.jpg\" alt=\"rito de la paz\" width=\"819\" height=\"545\" srcset=\"http:\/\/delamanodemaria.com\/wp-content\/uploads\/2015\/04\/rito-de-la-paz.jpg 819w, http:\/\/delamanodemaria.com\/wp-content\/uploads\/2015\/04\/rito-de-la-paz-300x200.jpg 300w, http:\/\/delamanodemaria.com\/wp-content\/uploads\/2015\/04\/rito-de-la-paz-451x300.jpg 451w\" sizes=\"(max-width: 819px) 100vw, 819px\" \/><\/a><\/p>\n<p>El prefecto para la Congregaci\u00f3n del Culto Divino y la Disciplina de los Sacramentos, el cardenal Antonio Ca\u00f1izares Llovera, ha dirigido un documento al presidente de la Conferencia Episcopal Espa\u00f1ola donde se recogen las conclusiones del debate abierto sobre la oportunidad o no de mantener el signo de la Paz en la forma y el momento que est\u00e1 teniendo lugar durante la Misa.<\/p>\n<p>Este debate se abri\u00f3 a ra\u00edz del S\u00ednodo de los Obispos sobre la Eucarist\u00eda (2005, Propositio 23) y de la invitaci\u00f3n del papa Benedicto XVI en su exhortaci\u00f3n apost\u00f3lica Sacramentum caritatis (2007), donde invitaba a las congregaciones competentes a estudiar el tema. <strong>La Congregaci\u00f3n del Culto Divino y la Disciplina de los Sacramentos inici\u00f3 la tarea de tomar en consideraci\u00f3n las opiniones de las diferentes conferencias episcopales del mundo<\/strong>, fruto que ha dado como resultado el documento que adjuntamos donde, mayoritariamente hay una propuesta de mantener el \u2018rito\u2019 y \u2018signo\u2019 de la Paz en el lugar y forma que tiene en el Ordinario de la Misa, al considerarlo una caracter\u00edstica del rito romano y al no creer conveniente para los fieles introducir cambios estructurales en la celebraci\u00f3n eucar\u00edstica en estos momentos.<\/p>\n<p>A la vez, el mismo documento hace unas observaciones y apunta unas consideraciones pr\u00e1cticas para expresar mejor el contenido del signo de la paz y <strong>para moderar los excesos\u00a0<\/strong>que generan confusi\u00f3n en la asamblea lit\u00fargica momentos antes de la Comuni\u00f3n. En este sentido, la Congregaci\u00f3n del Culto Divino dice que, si los fieles no comprenden o demuestran no entender el significado de este signo, se debilita el concepto cristiano de la Paz y resulta infructuoso este gesto. Por todo ello, invita a aprovechar la oportunidad de hacer catequesis, ofreciendo unas l\u00edneas orientativas.<\/p>\n<p>Una de las recomendaciones es aclarar que el rito de la Paz llega a su significado m\u00e1s profundo con la oraci\u00f3n y el contexto mismo de la Eucarist\u00eda, por lo cual darse la paz correctamente entre los participantes de la Misa enriquece su significado. Ahora bien, tambi\u00e9n apunta el documento que por eso mismo <strong>no es necesario invitar \u201cmec\u00e1nicamente\u201d a darse la paz<\/strong>, si se prev\u00e9 que tal intercambio no se producir\u00e1 de una manera adecuada. Entonces se invita a omitirlo.<\/p>\n<p>En este sentido, <strong>la Congregaci\u00f3n del Culto Divino recomienda evitar abusos como la introducci\u00f3n de un canto por la Paz, inexistente en el rito romano; desaconsejar el desplazamiento de los fieles para intercambiarse la Paz, o que el sacerdote abandone el altar<\/strong> para darla a algunos fieles.<\/p>\n<p>Para leer el documento completo de la\u00a0<strong><em>Congregaci\u00f3n para el culto divino y la disciplina de los Sacramentos<\/em><\/strong>, ir a: \u00a0<a href=\"http:\/\/religionenlibertad.com\/imagenes\/fotosdeldia\/18447_documento_de_la_congregacion_para_el_culto_divino_sobre_el_rito_de_la_paz_.pdf\" target=\"_blank\">http:\/\/religionenlibertad.com\/imagenes\/fotosdeldia\/18447_documento_de_la_congregacion_para_el_culto_divino_sobre_el_rito_de_la_paz_.pdf<\/a><\/p>\n<p>Tomado de:\u00a0<a href=\"http:\/\/www.pildorasdefe.net\/post\/noticias\/IHS.php?id2=El-Vaticano-pide-que-al-dar-la-Paz-ni-el-sacerdote-abandone-el-altar-ni-los-fieles-se-desplacen\" target=\"_blank\">http:\/\/www.pildorasdefe.net\/post\/noticias\/IHS.php?id2=El-Vaticano-pide-que-al-dar-la-Paz-ni-el-sacerdote-abandone-el-altar-ni-los-fieles-se-desplacen<\/a><\/p>\n<div style=\"padding-bottom:20px; padding-top:10px;\" class=\"hupso-share-buttons\"><!-- Hupso Share Buttons - https:\/\/www.hupso.com\/share\/ --><a class=\"hupso_toolbar\" href=\"https:\/\/www.hupso.com\/share\/\"><img src=\"http:\/\/static.hupso.com\/share\/buttons\/lang\/es\/share-medium.png\" style=\"border:0px; padding-top: 5px; float:left;\" alt=\"Share Button\"\/><\/a><script type=\"text\/javascript\">var hupso_services_t=new Array(\"Twitter\",\"Facebook\",\"Google Plus\",\"Pinterest\",\"Linkedin\",\"Email\",\"Print\");var hupso_background_t=\"#EAF4FF\";var hupso_border_t=\"#66CCFF\";var hupso_toolbar_size_t=\"medium\";var hupso_image_folder_url = \"\";var hupso_twitter_via=\"hectorops\";var hupso_url_t=\"\";var hupso_title_t=\"El%20Vaticano%20pide%20que%2C%20al%20dar%20la%20Paz%2C%20ni%20el%20sacerdote%20abandone%20el%20altar%20ni%20los%20fieles%20se%20desplacen.\";<\/script><script type=\"text\/javascript\" src=\"http:\/\/static.hupso.com\/share\/js\/share_toolbar.js\"><\/script><!-- Hupso Share Buttons --><\/div>","protected":false},"excerpt":{"rendered":"<p>El prefecto para la Congregaci\u00f3n del Culto Divino y la Disciplina de los Sacramentos, el cardenal Antonio Ca\u00f1izares Llovera, ha dirigido un documento al presidente de la Conferencia Episcopal Espa\u00f1ola donde se recogen las conclusiones del debate abierto sobre la &hellip; <a href=\"http:\/\/delamanodemaria.com\/?p=5285\">Continue reading <span class=\"meta-nav\">&rarr;<\/span><\/a><\/p>\n<div style=\"padding-bottom:20px; padding-top:10px;\" class=\"hupso-share-buttons\"><!-- Hupso Share Buttons - https:\/\/www.hupso.com\/share\/ --><a class=\"hupso_toolbar\" href=\"https:\/\/www.hupso.com\/share\/\"><img src=\"http:\/\/static.hupso.com\/share\/buttons\/lang\/es\/share-medium.png\" style=\"border:0px; padding-top: 5px; float:left;\" alt=\"Share Button\"\/><\/a><script type=\"text\/javascript\">var hupso_services_t=new Array(\"Twitter\",\"Facebook\",\"Google Plus\",\"Pinterest\",\"Linkedin\",\"Email\",\"Print\");var hupso_background_t=\"#EAF4FF\";var hupso_border_t=\"#66CCFF\";var hupso_toolbar_size_t=\"medium\";var hupso_image_folder_url = \"\";var hupso_twitter_via=\"hectorops\";var hupso_url_t=\"\";var hupso_title_t=\"El%20Vaticano%20pide%20que%2C%20al%20dar%20la%20Paz%2C%20ni%20el%20sacerdote%20abandone%20el%20altar%20ni%20los%20fieles%20se%20desplacen.\";<\/script><script type=\"text\/javascript\" src=\"http:\/\/static.hupso.com\/share\/js\/share_toolbar.js\"><\/script><!-- Hupso Share Buttons --><\/div>","protected":false},"author":1,"featured_media":0,"comment_status":"open","ping_status":"open","sticky":false,"template":"","format":"standard","meta":{"jetpack_post_was_ever_published":false,"_jetpack_newsletter_access":"","_jetpack_newsletter_tier_id":0,"jetpack_publicize_message":"","jetpack_is_tweetstorm":false,"jetpack_publicize_feature_enabled":true,"jetpack_social_post_already_shared":true,"jetpack_social_options":{"image_generator_settings":{"template":"highway","enabled":false}}},"categories":[1],"tags":[878,56,879,20],"jetpack_publicize_connections":[],"jetpack_featured_media_url":"","jetpack_shortlink":"https:\/\/wp.me\/p3bBgS-1nf","jetpack_sharing_enabled":true,"jetpack_likes_enabled":true,"_links":{"self":[{"href":"http:\/\/delamanodemaria.com\/index.php?rest_route=\/wp\/v2\/posts\/5285"}],"collection":[{"href":"http:\/\/delamanodemaria.com\/index.php?rest_route=\/wp\/v2\/posts"}],"about":[{"href":"http:\/\/delamanodemaria.com\/index.php?rest_route=\/wp\/v2\/types\/post"}],"author":[{"embeddable":true,"href":"http:\/\/delamanodemaria.com\/index.php?rest_route=\/wp\/v2\/users\/1"}],"replies":[{"embeddable":true,"href":"http:\/\/delamanodemaria.com\/index.php?rest_route=%2Fwp%2Fv2%2Fcomments&post=5285"}],"version-history":[{"count":3,"href":"http:\/\/delamanodemaria.com\/index.php?rest_route=\/wp\/v2\/posts\/5285\/revisions"}],"predecessor-version":[{"id":7032,"href":"http:\/\/delamanodemaria.com\/index.php?rest_route=\/wp\/v2\/posts\/5285\/revisions\/7032"}],"wp:attachment":[{"href":"http:\/\/delamanodemaria.com\/index.php?rest_route=%2Fwp%2Fv2%2Fmedia&parent=5285"}],"wp:term":[{"taxonomy":"category","embeddable":true,"href":"http:\/\/delamanodemaria.com\/index.php?rest_route=%2Fwp%2Fv2%2Fcategories&post=5285"},{"taxonomy":"post_tag","embeddable":true,"href":"http:\/\/delamanodemaria.com\/index.php?rest_route=%2Fwp%2Fv2%2Ftags&post=5285"}],"curies":[{"name":"wp","href":"https:\/\/api.w.org\/{rel}","templated":true}]}}