{"id":5305,"date":"2015-04-21T18:03:50","date_gmt":"2015-04-21T22:03:50","guid":{"rendered":"http:\/\/delamanodemaria.com\/?p=5305"},"modified":"2015-04-21T18:03:50","modified_gmt":"2015-04-21T22:03:50","slug":"reflexion-para-el-miercoles-de-la-tercera-semana-de-pascua-22-04-15","status":"publish","type":"post","link":"http:\/\/delamanodemaria.com\/?p=5305","title":{"rendered":"REFLEXI\u00d3N PARA EL MI\u00c9RCOLES DE LA TERCERA SEMANA DE PASCUA 22-04-15"},"content":{"rendered":"<p><a href=\"http:\/\/delamanodemaria.com\/wp-content\/uploads\/2015\/04\/pan-de-vida.jpg\"><img decoding=\"async\" loading=\"lazy\" class=\"alignnone size-full wp-image-5307\" src=\"http:\/\/delamanodemaria.com\/wp-content\/uploads\/2015\/04\/pan-de-vida.jpg\" alt=\"pan de vida\" width=\"633\" height=\"263\" srcset=\"http:\/\/delamanodemaria.com\/wp-content\/uploads\/2015\/04\/pan-de-vida.jpg 633w, http:\/\/delamanodemaria.com\/wp-content\/uploads\/2015\/04\/pan-de-vida-300x125.jpg 300w, http:\/\/delamanodemaria.com\/wp-content\/uploads\/2015\/04\/pan-de-vida-500x208.jpg 500w\" sizes=\"(max-width: 633px) 100vw, 633px\" \/><\/a><\/p>\n<p>Justo antes de su Ascensi\u00f3n, Jes\u00fas le hab\u00eda pedido a los ap\u00f3stoles que no se alejaran de Jerusal\u00e9n y esperaran la promesa del Padre (la promesa del Esp\u00edritu Santo que se har\u00eda realidad en Pentecost\u00e9s): \u201cRecibir\u00e1n la fuerza del Esp\u00edritu Santo que descender\u00e1 sobre ustedes, y ser\u00e1n mis testigos en Jerusal\u00e9n, en toda Judea y Samaria, y hasta los confines de la tierra\u201d (Hc 1,8). Esa promesa de Jes\u00fas se hace realidad en la primera lectura que nos ofrece la liturgia de hoy (Hc 8,1-8). De hecho, durante los primeros siete cap\u00edtulos del libro de los Hechos de los Ap\u00f3stoles, estos permanecen en Jerusal\u00e9n.<\/p>\n<p>La lectura de hoy nos narra que luego del martirio de Esteban se desat\u00f3 una violenta persecuci\u00f3n contra la Iglesia en Jerusal\u00e9n, que hizo que todos, menos los ap\u00f3stoles, se dispersaran por Judea y Samaria. Y cumpliendo el mandato de Jes\u00fas, \u201cal ir de un lugar para otro, los pr\u00f3fugos iban difundiendo el Evangelio\u201d. As\u00ed comenz\u00f3 la expansi\u00f3n de la Iglesia por el mundo entero, una misi\u00f3n que al d\u00eda de hoy contin\u00faa.<\/p>\n<p>La lectura nos recalca que el mayor perseguidor de la Iglesia era Saulo de Tarso: \u201cSaulo se ensa\u00f1aba con la Iglesia; penetraba en las casas y arrastraba a la c\u00e1rcel a hombres y mujeres\u201d. S\u00ed, el mismo Saulo de Tarso (san Pablo) que luego ser\u00eda responsable de expandir la Iglesia por todo el mundo greco-romano, mereciendo el t\u00edtulo de \u201cAp\u00f3stol de los gentiles\u201d. Son esos misterios de Dios que no alcanzamos a comprender. Jes\u00fas escogi\u00f3 como palad\u00edn de su causa al m\u00e1s ensa\u00f1ado de sus perseguidores.<\/p>\n<p>Jes\u00fas vio a Pablo y entendi\u00f3 que esa era la persona que \u00c9l necesitaba para llevar a cabo la tit\u00e1nica labor de evangelizar el mundo pagano. Un individuo en quien converg\u00edan tres grandes culturas, la jud\u00eda (fariseo), la griega (criado en la ciudad de Tarso) y la romana (era ciudadano romano). Decide \u201cenamorarlo\u201d y se le aparece en el camino a Damasco en ese episodio que todos conocemos, mostr\u00e1ndole toda su gloria. Nunca sabremos que ocurri\u00f3 en aqu\u00e9l instante enceguecedor en que Pablo cay\u00f3 por tierra. Lo cierto es que Pablo vio a Jes\u00fas ya glorificado, crey\u00f3 en \u00c9l, y recibi\u00f3 la promesa de vida eterna.<\/p>\n<p>Y al recibir el Esp\u00edritu Santo por imposici\u00f3n de manos de Anan\u00edas (Hc 9,17), parti\u00f3 de inmediato y comenz\u00f3 la obra evangelizadora que persiste hoy a trav\u00e9s de la Iglesia, guiada por el mismo Esp\u00edritu.<\/p>\n<p>La lectura evang\u00e9lica (Jn 6,35-40) contin\u00faa present\u00e1ndonos el llamado discurso del pan de vida. El vers\u00edculo final del pasaje de hoy que acabamos de citar se da en el contexto de que Jes\u00fas dice a sus disc\u00edpulos (y a nosotros), que \u00c9l no est\u00e1 aqu\u00ed para hacer Su voluntad, \u201csino la voluntad del que me ha enviado\u201d. Y la voluntad del Padre es que todos nos salvemos, \u201cque no pierda nada de lo que me dio, sino que lo resucite en el \u00faltimo d\u00eda\u201d.<\/p>\n<p>Ese fue el secreto de Saulo de Tarso: \u00e9l crey\u00f3. Tuvo un encuentro con el Resucitado que cambi\u00f3 su vida para siempre. Crey\u00f3 en \u00c9l, y le crey\u00f3; crey\u00f3 en su promesa de Vida eterna: \u201cEsta es la voluntad de mi Padre: que todo el que ve al Hijo y cree en \u00e9l tenga vida eterna, y yo lo resucitar\u00e9 en el \u00faltimo d\u00eda\u201d.<\/p>\n<p>\u00a1Se\u00f1or yo creo, pero aumenta mi fe! \u00a1Esp\u00edritu Santo, ven a m\u00ed!<\/p>\n<div style=\"padding-bottom:20px; padding-top:10px;\" class=\"hupso-share-buttons\"><!-- Hupso Share Buttons - https:\/\/www.hupso.com\/share\/ --><a class=\"hupso_toolbar\" href=\"https:\/\/www.hupso.com\/share\/\"><img src=\"http:\/\/static.hupso.com\/share\/buttons\/lang\/es\/share-medium.png\" style=\"border:0px; padding-top: 5px; float:left;\" alt=\"Share Button\"\/><\/a><script type=\"text\/javascript\">var hupso_services_t=new Array(\"Twitter\",\"Facebook\",\"Google Plus\",\"Pinterest\",\"Linkedin\",\"Email\",\"Print\");var hupso_background_t=\"#EAF4FF\";var hupso_border_t=\"#66CCFF\";var hupso_toolbar_size_t=\"medium\";var hupso_image_folder_url = \"\";var hupso_twitter_via=\"hectorops\";var hupso_url_t=\"\";var hupso_title_t=\"REFLEXI%C3%93N%20PARA%20EL%20MI%C3%89RCOLES%20DE%20LA%20TERCERA%20SEMANA%20DE%20PASCUA%2022-04-15\";<\/script><script type=\"text\/javascript\" src=\"http:\/\/static.hupso.com\/share\/js\/share_toolbar.js\"><\/script><!-- Hupso Share Buttons --><\/div>","protected":false},"excerpt":{"rendered":"<p>Justo antes de su Ascensi\u00f3n, Jes\u00fas le hab\u00eda pedido a los ap\u00f3stoles que no se alejaran de Jerusal\u00e9n y esperaran la promesa del Padre (la promesa del Esp\u00edritu Santo que se har\u00eda realidad en Pentecost\u00e9s): \u201cRecibir\u00e1n la fuerza del Esp\u00edritu &hellip; <a href=\"http:\/\/delamanodemaria.com\/?p=5305\">Continue reading <span class=\"meta-nav\">&rarr;<\/span><\/a><\/p>\n<div style=\"padding-bottom:20px; padding-top:10px;\" class=\"hupso-share-buttons\"><!-- Hupso Share Buttons - https:\/\/www.hupso.com\/share\/ --><a class=\"hupso_toolbar\" href=\"https:\/\/www.hupso.com\/share\/\"><img src=\"http:\/\/static.hupso.com\/share\/buttons\/lang\/es\/share-medium.png\" style=\"border:0px; padding-top: 5px; float:left;\" alt=\"Share Button\"\/><\/a><script type=\"text\/javascript\">var hupso_services_t=new Array(\"Twitter\",\"Facebook\",\"Google Plus\",\"Pinterest\",\"Linkedin\",\"Email\",\"Print\");var hupso_background_t=\"#EAF4FF\";var hupso_border_t=\"#66CCFF\";var hupso_toolbar_size_t=\"medium\";var hupso_image_folder_url = \"\";var hupso_twitter_via=\"hectorops\";var hupso_url_t=\"\";var hupso_title_t=\"REFLEXI%C3%93N%20PARA%20EL%20MI%C3%89RCOLES%20DE%20LA%20TERCERA%20SEMANA%20DE%20PASCUA%2022-04-15\";<\/script><script type=\"text\/javascript\" src=\"http:\/\/static.hupso.com\/share\/js\/share_toolbar.js\"><\/script><!-- Hupso Share Buttons --><\/div>","protected":false},"author":1,"featured_media":0,"comment_status":"open","ping_status":"open","sticky":false,"template":"","format":"standard","meta":{"jetpack_post_was_ever_published":false,"_jetpack_newsletter_access":"","_jetpack_newsletter_tier_id":0,"jetpack_publicize_message":"","jetpack_is_tweetstorm":false,"jetpack_publicize_feature_enabled":true,"jetpack_social_post_already_shared":true,"jetpack_social_options":{"image_generator_settings":{"template":"highway","enabled":false}}},"categories":[1],"tags":[530,880,393,200,137,139,206,882,126,42,158,2,883,100,750,232],"jetpack_publicize_connections":[],"jetpack_featured_media_url":"","jetpack_shortlink":"https:\/\/wp.me\/p3bBgS-1nz","jetpack_sharing_enabled":true,"jetpack_likes_enabled":true,"_links":{"self":[{"href":"http:\/\/delamanodemaria.com\/index.php?rest_route=\/wp\/v2\/posts\/5305"}],"collection":[{"href":"http:\/\/delamanodemaria.com\/index.php?rest_route=\/wp\/v2\/posts"}],"about":[{"href":"http:\/\/delamanodemaria.com\/index.php?rest_route=\/wp\/v2\/types\/post"}],"author":[{"embeddable":true,"href":"http:\/\/delamanodemaria.com\/index.php?rest_route=\/wp\/v2\/users\/1"}],"replies":[{"embeddable":true,"href":"http:\/\/delamanodemaria.com\/index.php?rest_route=%2Fwp%2Fv2%2Fcomments&post=5305"}],"version-history":[{"count":3,"href":"http:\/\/delamanodemaria.com\/index.php?rest_route=\/wp\/v2\/posts\/5305\/revisions"}],"predecessor-version":[{"id":5309,"href":"http:\/\/delamanodemaria.com\/index.php?rest_route=\/wp\/v2\/posts\/5305\/revisions\/5309"}],"wp:attachment":[{"href":"http:\/\/delamanodemaria.com\/index.php?rest_route=%2Fwp%2Fv2%2Fmedia&parent=5305"}],"wp:term":[{"taxonomy":"category","embeddable":true,"href":"http:\/\/delamanodemaria.com\/index.php?rest_route=%2Fwp%2Fv2%2Fcategories&post=5305"},{"taxonomy":"post_tag","embeddable":true,"href":"http:\/\/delamanodemaria.com\/index.php?rest_route=%2Fwp%2Fv2%2Ftags&post=5305"}],"curies":[{"name":"wp","href":"https:\/\/api.w.org\/{rel}","templated":true}]}}