{"id":5323,"date":"2015-04-25T15:46:35","date_gmt":"2015-04-25T19:46:35","guid":{"rendered":"http:\/\/delamanodemaria.com\/?p=5323"},"modified":"2015-04-25T22:12:22","modified_gmt":"2015-04-26T02:12:22","slug":"reflexion-para-el-cuarto-domingo-de-pascua-domingo-del-buen-pastor-26-04-15","status":"publish","type":"post","link":"http:\/\/delamanodemaria.com\/?p=5323","title":{"rendered":"REFLEXI\u00d3N PARA EL CUARTO DOMINGO DE PASCUA, DOMINGO DEL BUEN PASTOR 26-04-15"},"content":{"rendered":"<p><a href=\"http:\/\/delamanodemaria.com\/wp-content\/uploads\/2013\/04\/jesus-buen-pastor-cirio.jpg\"><img decoding=\"async\" loading=\"lazy\" class=\"alignnone size-large wp-image-863\" src=\"http:\/\/delamanodemaria.com\/wp-content\/uploads\/2013\/04\/jesus-buen-pastor-cirio-794x1024.jpg\" alt=\"jesus-buen-pastor-cirio\" width=\"584\" height=\"753\" srcset=\"http:\/\/delamanodemaria.com\/wp-content\/uploads\/2013\/04\/jesus-buen-pastor-cirio-794x1024.jpg 794w, http:\/\/delamanodemaria.com\/wp-content\/uploads\/2013\/04\/jesus-buen-pastor-cirio-232x300.jpg 232w, http:\/\/delamanodemaria.com\/wp-content\/uploads\/2013\/04\/jesus-buen-pastor-cirio.jpg 800w\" sizes=\"(max-width: 584px) 100vw, 584px\" \/><\/a><\/p>\n<p>Hoy celebramos el domingo del Buen Pastor. En este d\u00eda tambi\u00e9n celebramos la Jornada Mundial de Oraci\u00f3n por las Vocaciones, por aquellos que contin\u00faan en el tiempo la misi\u00f3n del \u00fanico Buen Pastor que encomend\u00f3 su reba\u00f1o a la Iglesia en la persona de Pedro (Jn 21,15-17).<\/p>\n<p>La alegor\u00eda del Buen Pastor aparece originalmente en la Biblia en referencia al cuidado y protecci\u00f3n de Yahv\u00e9 hacia su pueblo (ej. Salmo 23; Ez 34; Is 40,11). En el Nuevo Testamento Jes\u00fas se \u201capropia\u201d de esa alegor\u00eda y se la aplica a s\u00ed mismo, como el Hijo de Dios que cuida y salva a su reba\u00f1o. Ejemplo de ello es el cap\u00edtulo 10 de Juan, de donde est\u00e1 tomada la lectura evang\u00e9lica de hoy (Jn 10,11-18).<\/p>\n<p>La figura del pastor para simbolizar la protecci\u00f3n al pueblo es antiqu\u00edsima. As\u00ed por ejemplo, en el antiguo Egipto se presentaba a los faraones con dos s\u00edmbolos: un matamoscas y un cayado, y en la mitolog\u00eda griega se representaba al dios Hermes con un carnero sobre los hombros.<\/p>\n<p>Esa imagen del Buen Pastor con la oveja sobre los hombros que los cristianos adoptamos se deriva de un hecho real. Cuando la oveja nace, el pastor la lleva sobre sus hombros un rato para que esta escuche su voz y se acostumbre a ella. As\u00ed le seguir\u00e1 y no se perder\u00e1. Ello es necesario porque las ovejas son unos animales que tienen un cerebro bien peque\u00f1o, no aprenden. Tambi\u00e9n tienen una visi\u00f3n pobre. Por eso se vuelven a caer por el mismo barranco un y otra vez y, peor a\u00fan, pelean cuando el pastor trata de ayudarlas. \u00bfTe parece familiar esa imagen? Es la viva imagen de nosotros en este dif\u00edcil camino a la santidad al que somos llamados.<\/p>\n<p>De ah\u00ed la alegor\u00eda: \u201cMis ovejas escuchan mi voz\u2026 y ellas me siguen\u201d (Jn 10,27). Por eso cuando nos alejamos de Jes\u00fas, nos encontramos desamparados y dispersos, \u201ccomo ovejas sin pastor\u201d (Mt 9,36).<\/p>\n<p>El pasaje evang\u00e9lico de hoy nos recuerda que Jes\u00fas est\u00e1 empe\u00f1ado en que ninguna de sus ovejas se pierda, al punto de estar dispuesto a dar su vida: \u201cYo soy el buen Pastor, que conozco a las m\u00edas y las m\u00edas me conocen, igual que el Padre me conoce y yo conozco al Padre; yo doy mi vida por las ovejas\u201d.<\/p>\n<p>Pero Jes\u00fas no se conforma con cuidar de las \u201covejas\u201d de su Iglesia. \u201cTengo, adem\u00e1s, otras ovejas que no son de este redil; tambi\u00e9n a \u00e9sas las tengo que traer, y escuchar\u00e1n mi voz, y habr\u00e1 un solo reba\u00f1o, un solo Pastor\u201d (<em>Cfr<\/em>. Ez 34,5-6.12-15).<\/p>\n<p>El papa Francisco se ha hecho eco de esas palabras de Jes\u00fas al invitarnos a salir de la tranquilidad, la seguridad, el confort de nuestras comunidades de fe, nuestros templos, y salir a la calle, a las periferias, para rescatar las ovejas descarriadas, tanto las que se han perdido del redil de la Iglesia, como aquellas que simplemente nunca han escuchado la voz del Pastor. Pero para poder participar de esa misi\u00f3n primero tenemos que conocer la voz de nuestro Pastor para saber a d\u00f3nde conducirlas.<\/p>\n<p>Se\u00f1or, quiero escuchar tu voz; no permitas que los ruidos de las cosas del mundo \u00a0me distraigan y pierda mi camino, pues sin Ti estar\u00e9 desorientado y volver\u00e9 a caer en los mismos barrancos que la vida me presenta y arrastrar\u00e9 tras de mi a aquellos que pretendo llevar hacia ti. Jes\u00fas, Buen Pastor, no me apartes de Tu vista, y si me pierdo, deja las otras noventa y nueve para ir tras de m\u00ed hasta que me encuentres (Lc 15,4), de manera que pueda seguirte y guiar a otros hacia la vida eterna que nos tienes prometida.<\/p>\n<div style=\"padding-bottom:20px; padding-top:10px;\" class=\"hupso-share-buttons\"><!-- Hupso Share Buttons - https:\/\/www.hupso.com\/share\/ --><a class=\"hupso_toolbar\" href=\"https:\/\/www.hupso.com\/share\/\"><img src=\"http:\/\/static.hupso.com\/share\/buttons\/lang\/es\/share-medium.png\" style=\"border:0px; padding-top: 5px; float:left;\" alt=\"Share Button\"\/><\/a><script type=\"text\/javascript\">var hupso_services_t=new Array(\"Twitter\",\"Facebook\",\"Google Plus\",\"Pinterest\",\"Linkedin\",\"Email\",\"Print\");var hupso_background_t=\"#EAF4FF\";var hupso_border_t=\"#66CCFF\";var hupso_toolbar_size_t=\"medium\";var hupso_image_folder_url = \"\";var hupso_twitter_via=\"hectorops\";var hupso_url_t=\"\";var hupso_title_t=\"REFLEXI%C3%93N%20PARA%20EL%20CUARTO%20DOMINGO%20DE%20PASCUA%2C%20DOMINGO%20DEL%20BUEN%20PASTOR%2026-04-15\";<\/script><script type=\"text\/javascript\" src=\"http:\/\/static.hupso.com\/share\/js\/share_toolbar.js\"><\/script><!-- Hupso Share Buttons --><\/div>","protected":false},"excerpt":{"rendered":"<p>Hoy celebramos el domingo del Buen Pastor. En este d\u00eda tambi\u00e9n celebramos la Jornada Mundial de Oraci\u00f3n por las Vocaciones, por aquellos que contin\u00faan en el tiempo la misi\u00f3n del \u00fanico Buen Pastor que encomend\u00f3 su reba\u00f1o a la Iglesia &hellip; <a href=\"http:\/\/delamanodemaria.com\/?p=5323\">Continue reading <span class=\"meta-nav\">&rarr;<\/span><\/a><\/p>\n<div style=\"padding-bottom:20px; padding-top:10px;\" class=\"hupso-share-buttons\"><!-- Hupso Share Buttons - https:\/\/www.hupso.com\/share\/ --><a class=\"hupso_toolbar\" href=\"https:\/\/www.hupso.com\/share\/\"><img src=\"http:\/\/static.hupso.com\/share\/buttons\/lang\/es\/share-medium.png\" style=\"border:0px; padding-top: 5px; float:left;\" alt=\"Share Button\"\/><\/a><script type=\"text\/javascript\">var hupso_services_t=new Array(\"Twitter\",\"Facebook\",\"Google Plus\",\"Pinterest\",\"Linkedin\",\"Email\",\"Print\");var hupso_background_t=\"#EAF4FF\";var hupso_border_t=\"#66CCFF\";var hupso_toolbar_size_t=\"medium\";var hupso_image_folder_url = \"\";var hupso_twitter_via=\"hectorops\";var hupso_url_t=\"\";var hupso_title_t=\"REFLEXI%C3%93N%20PARA%20EL%20CUARTO%20DOMINGO%20DE%20PASCUA%2C%20DOMINGO%20DEL%20BUEN%20PASTOR%2026-04-15\";<\/script><script type=\"text\/javascript\" src=\"http:\/\/static.hupso.com\/share\/js\/share_toolbar.js\"><\/script><!-- Hupso Share Buttons --><\/div>","protected":false},"author":1,"featured_media":0,"comment_status":"open","ping_status":"open","sticky":false,"template":"","format":"standard","meta":{"jetpack_post_was_ever_published":false,"_jetpack_newsletter_access":"","_jetpack_newsletter_tier_id":0,"jetpack_publicize_message":"","jetpack_is_tweetstorm":false,"jetpack_publicize_feature_enabled":true,"jetpack_social_post_already_shared":true,"jetpack_social_options":{"image_generator_settings":{"template":"highway","enabled":false}}},"categories":[1],"tags":[106,96,139,332,786,760,42,886,311,887,2,107,836],"jetpack_publicize_connections":[],"jetpack_featured_media_url":"","jetpack_shortlink":"https:\/\/wp.me\/p3bBgS-1nR","jetpack_sharing_enabled":true,"jetpack_likes_enabled":true,"_links":{"self":[{"href":"http:\/\/delamanodemaria.com\/index.php?rest_route=\/wp\/v2\/posts\/5323"}],"collection":[{"href":"http:\/\/delamanodemaria.com\/index.php?rest_route=\/wp\/v2\/posts"}],"about":[{"href":"http:\/\/delamanodemaria.com\/index.php?rest_route=\/wp\/v2\/types\/post"}],"author":[{"embeddable":true,"href":"http:\/\/delamanodemaria.com\/index.php?rest_route=\/wp\/v2\/users\/1"}],"replies":[{"embeddable":true,"href":"http:\/\/delamanodemaria.com\/index.php?rest_route=%2Fwp%2Fv2%2Fcomments&post=5323"}],"version-history":[{"count":3,"href":"http:\/\/delamanodemaria.com\/index.php?rest_route=\/wp\/v2\/posts\/5323\/revisions"}],"predecessor-version":[{"id":5328,"href":"http:\/\/delamanodemaria.com\/index.php?rest_route=\/wp\/v2\/posts\/5323\/revisions\/5328"}],"wp:attachment":[{"href":"http:\/\/delamanodemaria.com\/index.php?rest_route=%2Fwp%2Fv2%2Fmedia&parent=5323"}],"wp:term":[{"taxonomy":"category","embeddable":true,"href":"http:\/\/delamanodemaria.com\/index.php?rest_route=%2Fwp%2Fv2%2Fcategories&post=5323"},{"taxonomy":"post_tag","embeddable":true,"href":"http:\/\/delamanodemaria.com\/index.php?rest_route=%2Fwp%2Fv2%2Ftags&post=5323"}],"curies":[{"name":"wp","href":"https:\/\/api.w.org\/{rel}","templated":true}]}}