{"id":5336,"date":"2015-04-28T23:11:52","date_gmt":"2015-04-29T03:11:52","guid":{"rendered":"http:\/\/delamanodemaria.com\/?p=5336"},"modified":"2015-04-28T23:32:28","modified_gmt":"2015-04-29T03:32:28","slug":"reflexion-para-el-miercoles-de-la-cuarta-semana-de-pascua-29-04-15","status":"publish","type":"post","link":"http:\/\/delamanodemaria.com\/?p=5336","title":{"rendered":"REFLEXI\u00d3N PARA EL MI\u00c9RCOLES DE LA CUARTA SEMANA DE PASCUA 29-04-15"},"content":{"rendered":"<p><a href=\"http:\/\/delamanodemaria.com\/wp-content\/uploads\/2013\/12\/Envio-a-su-hijo-para-dar-luz-al-mundo-med.jpg\"><img decoding=\"async\" loading=\"lazy\" class=\"alignnone size-full wp-image-2667\" src=\"http:\/\/delamanodemaria.com\/wp-content\/uploads\/2013\/12\/Envio-a-su-hijo-para-dar-luz-al-mundo-med.jpg\" alt=\"Envio a su hijo para dar luz al mundo med\" width=\"600\" height=\"398\" srcset=\"http:\/\/delamanodemaria.com\/wp-content\/uploads\/2013\/12\/Envio-a-su-hijo-para-dar-luz-al-mundo-med.jpg 600w, http:\/\/delamanodemaria.com\/wp-content\/uploads\/2013\/12\/Envio-a-su-hijo-para-dar-luz-al-mundo-med-300x199.jpg 300w, http:\/\/delamanodemaria.com\/wp-content\/uploads\/2013\/12\/Envio-a-su-hijo-para-dar-luz-al-mundo-med-452x300.jpg 452w\" sizes=\"(max-width: 600px) 100vw, 600px\" \/><\/a><\/p>\n<p>\u201cOh Dios, que te alaben los pueblos, que todos los pueblos te alaben. Que Dios nos bendiga; que le teman hasta los confines del orbe\u201d, nos dice el Salmo que nos propone la liturgia para hoy (Sal 66). Este Salmo sirve para unir la primera lectura (Hc 12,24-13,5) y la lectura evang\u00e9lica (Jn 12,44-59). Y todas tienen como tema central la misi\u00f3n de la Iglesia de llevar la Buena Noticia a todas las naciones.<\/p>\n<p>La primera lectura nos presenta la acci\u00f3n del Esp\u00edritu Santo en el desarrollo inicial de la Iglesia. En ocasiones anteriores hemos dicho que el libro de los Hechos de los Ap\u00f3stoles recoge la actividad divina del Esp\u00edritu Santo en el desarrollo de la Iglesia.<\/p>\n<p>El pasaje que contemplamos hoy nos muestra una comunidad de fe (Antioqu\u00eda) entregada a la oraci\u00f3n y el ayuno, y d\u00f3cil a la voz del Esp\u00edritu, y c\u00f3mo en un momento dado el Esp\u00edritu les habla y les dice: \u201cApartadme a Bernab\u00e9 y a Saulo para la misi\u00f3n a que los he llamado\u201d. Es el lanzamiento de la misi\u00f3n que les llevar\u00e1 a evangelizar todo el mundo pagano. El momento que cambiar\u00e1 la historia de la Iglesia y de la humanidad entera; la culminaci\u00f3n del mandato de Jes\u00fas a sus ap\u00f3stoles antes de partir: \u201cVayan por todo el mundo, anuncien la Buena Noticia a toda la creaci\u00f3n\u201d (Mc 16,15). Es la caracter\u00edstica sobresaliente de la Iglesia: \u201cLa Iglesia peregrinante es misionera por su naturaleza, puesto que toma su origen de la misi\u00f3n del Hijo y del Esp\u00edritu Santo, seg\u00fan el designio de Dios Padre\u201d (Decreto \u201cAd gentes\u201d de SS. Pablo VI).<\/p>\n<p>El pasaje que nos brinda la lectura evang\u00e9lica ocurre luego de la resurrecci\u00f3n de L\u00e1zaro y la unci\u00f3n en Betania, y marca el final de la primera parte del relato de Juan, para dar paso a la Pasi\u00f3n. En \u00e9l vemos a Jes\u00fas que se presenta a s\u00ed mismo como \u201cel enviado\u201d (missus, en lat\u00edn; ap\u00f3stolos en griego). Es decir, se nos presenta como \u201cap\u00f3stol\u201d del Padre, \u201cenviado\u201d del Padre, \u201cmisionero\u201d del Padre: \u201cEl que cree en m\u00ed, no cree en m\u00ed, sino en el que me ha enviado. Y el que me ve a m\u00ed ve al que me ha enviado\u201d. De ah\u00ed que la Iglesia, llamada a continuar la misi\u00f3n del Jes\u00fas en el tiempo, tenga ese talante misionero.<\/p>\n<p>\u201cEl que me rechaza y no acepta mis palabras tiene quien lo juzgue: la palabra que yo he pronunciado, \u00e9sa lo juzgar\u00e1 en el \u00faltimo d\u00eda. Porque yo no he hablado por cuenta m\u00eda; el Padre que me envi\u00f3 es quien me ha ordenado lo que he de decir y c\u00f3mo he de hablar. Y s\u00e9 que su mandato es vida eterna. Por tanto, lo que yo hablo lo hablo como me ha encargado el Padre\u201d.<\/p>\n<p>Jes\u00fas quiere conducirnos a descubrir al Padre; esa es su misi\u00f3n. Pero va m\u00e1s all\u00e1, hace que veamos al Padre en su propia persona. Nosotros estamos llamados a conducir a los que nos rodean a descubrir a Jes\u00fas y, al igual que \u00c9l hace con el Padre, siguiendo su ejemplo, tenemos que hacer que los dem\u00e1s lo vean en nuestra propia persona. Tenemos que convertirnos en otros \u201ccristos\u201d, de manera que quien nos vea, le vea a \u00c9l y, m\u00e1s a\u00fan, conozca su Amor. Esa es la verdadera \u201cmisi\u00f3n\u201d a la que todos estamos llamados.<\/p>\n<p>\u00a1Atr\u00e9vete!<\/p>\n<div style=\"padding-bottom:20px; padding-top:10px;\" class=\"hupso-share-buttons\"><!-- Hupso Share Buttons - https:\/\/www.hupso.com\/share\/ --><a class=\"hupso_toolbar\" href=\"https:\/\/www.hupso.com\/share\/\"><img src=\"http:\/\/static.hupso.com\/share\/buttons\/lang\/es\/share-medium.png\" style=\"border:0px; padding-top: 5px; float:left;\" alt=\"Share Button\"\/><\/a><script type=\"text\/javascript\">var hupso_services_t=new Array(\"Twitter\",\"Facebook\",\"Google Plus\",\"Pinterest\",\"Linkedin\",\"Email\",\"Print\");var hupso_background_t=\"#EAF4FF\";var hupso_border_t=\"#66CCFF\";var hupso_toolbar_size_t=\"medium\";var hupso_image_folder_url = \"\";var hupso_twitter_via=\"hectorops\";var hupso_url_t=\"\";var hupso_title_t=\"REFLEXI%C3%93N%20PARA%20EL%20MI%C3%89RCOLES%20DE%20LA%20CUARTA%20SEMANA%20DE%20PASCUA%2029-04-15\";<\/script><script type=\"text\/javascript\" src=\"http:\/\/static.hupso.com\/share\/js\/share_toolbar.js\"><\/script><!-- Hupso Share Buttons --><\/div>","protected":false},"excerpt":{"rendered":"<p>\u201cOh Dios, que te alaben los pueblos, que todos los pueblos te alaben. Que Dios nos bendiga; que le teman hasta los confines del orbe\u201d, nos dice el Salmo que nos propone la liturgia para hoy (Sal 66). Este Salmo &hellip; <a href=\"http:\/\/delamanodemaria.com\/?p=5336\">Continue reading <span class=\"meta-nav\">&rarr;<\/span><\/a><\/p>\n<div style=\"padding-bottom:20px; padding-top:10px;\" class=\"hupso-share-buttons\"><!-- Hupso Share Buttons - https:\/\/www.hupso.com\/share\/ --><a class=\"hupso_toolbar\" href=\"https:\/\/www.hupso.com\/share\/\"><img src=\"http:\/\/static.hupso.com\/share\/buttons\/lang\/es\/share-medium.png\" style=\"border:0px; padding-top: 5px; float:left;\" alt=\"Share Button\"\/><\/a><script type=\"text\/javascript\">var hupso_services_t=new Array(\"Twitter\",\"Facebook\",\"Google Plus\",\"Pinterest\",\"Linkedin\",\"Email\",\"Print\");var hupso_background_t=\"#EAF4FF\";var hupso_border_t=\"#66CCFF\";var hupso_toolbar_size_t=\"medium\";var hupso_image_folder_url = \"\";var hupso_twitter_via=\"hectorops\";var hupso_url_t=\"\";var hupso_title_t=\"REFLEXI%C3%93N%20PARA%20EL%20MI%C3%89RCOLES%20DE%20LA%20CUARTA%20SEMANA%20DE%20PASCUA%2029-04-15\";<\/script><script type=\"text\/javascript\" src=\"http:\/\/static.hupso.com\/share\/js\/share_toolbar.js\"><\/script><!-- Hupso Share Buttons --><\/div>","protected":false},"author":1,"featured_media":0,"comment_status":"open","ping_status":"open","sticky":false,"template":"","format":"standard","meta":{"jetpack_post_was_ever_published":false,"_jetpack_newsletter_access":"","_jetpack_newsletter_tier_id":0,"jetpack_publicize_message":"","jetpack_is_tweetstorm":false,"jetpack_publicize_feature_enabled":true,"jetpack_social_post_already_shared":true,"jetpack_social_options":{"image_generator_settings":{"template":"highway","enabled":false}}},"categories":[1],"tags":[364,105,214,29,78,96,137,239,112,42,2,188,100],"jetpack_publicize_connections":[],"jetpack_featured_media_url":"","jetpack_shortlink":"https:\/\/wp.me\/p3bBgS-1o4","jetpack_sharing_enabled":true,"jetpack_likes_enabled":true,"_links":{"self":[{"href":"http:\/\/delamanodemaria.com\/index.php?rest_route=\/wp\/v2\/posts\/5336"}],"collection":[{"href":"http:\/\/delamanodemaria.com\/index.php?rest_route=\/wp\/v2\/posts"}],"about":[{"href":"http:\/\/delamanodemaria.com\/index.php?rest_route=\/wp\/v2\/types\/post"}],"author":[{"embeddable":true,"href":"http:\/\/delamanodemaria.com\/index.php?rest_route=\/wp\/v2\/users\/1"}],"replies":[{"embeddable":true,"href":"http:\/\/delamanodemaria.com\/index.php?rest_route=%2Fwp%2Fv2%2Fcomments&post=5336"}],"version-history":[{"count":2,"href":"http:\/\/delamanodemaria.com\/index.php?rest_route=\/wp\/v2\/posts\/5336\/revisions"}],"predecessor-version":[{"id":5338,"href":"http:\/\/delamanodemaria.com\/index.php?rest_route=\/wp\/v2\/posts\/5336\/revisions\/5338"}],"wp:attachment":[{"href":"http:\/\/delamanodemaria.com\/index.php?rest_route=%2Fwp%2Fv2%2Fmedia&parent=5336"}],"wp:term":[{"taxonomy":"category","embeddable":true,"href":"http:\/\/delamanodemaria.com\/index.php?rest_route=%2Fwp%2Fv2%2Fcategories&post=5336"},{"taxonomy":"post_tag","embeddable":true,"href":"http:\/\/delamanodemaria.com\/index.php?rest_route=%2Fwp%2Fv2%2Ftags&post=5336"}],"curies":[{"name":"wp","href":"https:\/\/api.w.org\/{rel}","templated":true}]}}