{"id":5345,"date":"2015-04-30T21:06:10","date_gmt":"2015-05-01T01:06:10","guid":{"rendered":"http:\/\/delamanodemaria.com\/?p=5345"},"modified":"2015-04-30T21:06:10","modified_gmt":"2015-05-01T01:06:10","slug":"reflexion-para-el-viernes-de-la-cuarta-semana-de-pascua-01-05-15","status":"publish","type":"post","link":"http:\/\/delamanodemaria.com\/?p=5345","title":{"rendered":"REFLEXI\u00d3N PARA EL VIERNES DE LA CUARTA SEMANA DE PASCUA 01-05-15"},"content":{"rendered":"<p><a href=\"http:\/\/delamanodemaria.com\/wp-content\/uploads\/2013\/11\/CAMINO-VERDAD-VIDA.jpg\"><img decoding=\"async\" loading=\"lazy\" class=\" size-full wp-image-2159 aligncenter\" src=\"http:\/\/delamanodemaria.com\/wp-content\/uploads\/2013\/11\/CAMINO-VERDAD-VIDA.jpg\" alt=\"CAMINO VERDAD  VIDA\" width=\"560\" height=\"400\" srcset=\"http:\/\/delamanodemaria.com\/wp-content\/uploads\/2013\/11\/CAMINO-VERDAD-VIDA.jpg 560w, http:\/\/delamanodemaria.com\/wp-content\/uploads\/2013\/11\/CAMINO-VERDAD-VIDA-300x214.jpg 300w, http:\/\/delamanodemaria.com\/wp-content\/uploads\/2013\/11\/CAMINO-VERDAD-VIDA-420x300.jpg 420w\" sizes=\"(max-width: 560px) 100vw, 560px\" \/><\/a><\/p>\n<p>Continuamos nuestra ruta Pascual y, para que no se nos olvide, la Primera lectura de hoy (Hc 13,26-33)<b>\u00a0<\/b>nos recuerda que a Jes\u00fas, luego haber sido muerto y sepultado, &#8220;Dios lo resucit\u00f3 de entre los muertos&#8221;.<\/p>\n<p>La lectura evang\u00e9lica, por su parte, nos presenta nuevamente otro de los famosos \u201cYo soy\u201d de Jes\u00fas que encontramos en el relato evang\u00e9lico de Juan (14,1-6), que nos apuntan a la identidad entre Jes\u00fas y el Padre\u00a0(<em>Cfr<\/em>. Ex 3,14): \u201cYo soy el Camino, la Verdad y la Vida. Nadie va al Padre, sino por m\u00ed\u201d. Jes\u00fas pronuncia estas palabras en el contexto de la \u00faltima cena, despu\u00e9s del lavatorio de los pies a sus disc\u00edpulos, el anuncio de la traici\u00f3n de Judas, el anuncio de su glorificaci\u00f3n, la instituci\u00f3n del mandamiento del amor, y el anuncio de las negaciones es Pedro (que refiere a la interrogante de ese \u201clugar\u201d a donde va Jes\u00fas).<\/p>\n<p>Es ah\u00ed que Jes\u00fas les dice: \u201cQue no tiemble vuestro coraz\u00f3n; creed en Dios y creed tambi\u00e9n en m\u00ed. En la casa de mi Padre hay muchas estancias; si no fuera as\u00ed, \u00bfos habr\u00eda dicho que voy a prepararos sitio? Cuando vaya y os prepare sitio, volver\u00e9 y os llevar\u00e9 conmigo, para que donde estoy yo, est\u00e9is tambi\u00e9n vosotros\u201d. Jes\u00fas utiliza ese lenguaje partiendo de la concepci\u00f3n jud\u00eda de que el cielo era un lugar de muchas estancias o \u201chabitaciones\u201d. Jes\u00fas toma ese concepto y lo lleva un paso m\u00e1s all\u00e1. Relaciona ese \u201clugar\u201d con la Casa del Padre hacia donde \u00c9l ha dicho que va. Eso les asegura a sus disc\u00edpulos un lugar en la Casa del Padre. Y t\u00fa, \u00bfte cuentas entre sus disc\u00edpulos?<\/p>\n<p>\u201cY adonde yo voy, ya sab\u00e9is el camino\u201d, les dice Jes\u00fas a rengl\u00f3n seguido, lo que suscita la duda de Tom\u00e1s (\u00a1Tom\u00e1s siempre dudando!): \u201cSe\u00f1or, no sabemos ad\u00f3nde vas, \u00bfc\u00f3mo podemos saber el camino?\u201d Es en contestaci\u00f3n a esa interrogante que Jes\u00fas pronuncia el \u201cYo soy\u201d que hemos rese\u00f1ado.<\/p>\n<p>Vemos c\u00f3mo Jes\u00fas se identifica con el Padre. Especialmente en el relato de Juan, Jes\u00fas repite que \u00c9l y el Padre son uno, que quien le ve a \u00c9l ha visto al Padre, y quien le escucha a \u00c9l escucha al Padre.<\/p>\n<p>La misma identidad existe entre la persona de Jes\u00fas y el misterio del Reino. \u00c9l en persona es el misterio del Reino de Dios. Por eso puede decir a los testigos oculares: \u00a1Dichosos los ojos que ven lo que veis!, pues yo os digo que muchos profetas y reyes quisieron ver lo que veis y no lo vieron, quisieron o\u00edr lo que o\u00eds y no lo oyeron (Lc 10,23s). La llegada de Jes\u00fas, el misterio de su encarnaci\u00f3n, es la llegada del Reino. El \u201cReino de Dios\u201d no es un concepto territorial; ni tan siquiera es un lugar (como tampoco lo es el cielo). Se trata del Reinado de Dios; el hecho de que Dios \u201creina\u201d sobre toda la creaci\u00f3n. Y Jes\u00fas es uno con el Padre.<\/p>\n<p>\u00c9l va primero al Padre. Ha prometido que va a prepararnos un lugar, y cuando est\u00e9 listo ha de venir a buscarnos para que \u201cdonde yo est\u00e9, est\u00e9n tambi\u00e9n ustedes\u201d. Es decir, que nos hace part\u00edcipes de Su vida divina. Tambi\u00e9n nos ha dicho que hay un solo camino hacia la Casa del Padre, y ese Camino es \u00c9l. \u00bfTe animas a seguir ese Camino?<\/p>\n<div style=\"padding-bottom:20px; padding-top:10px;\" class=\"hupso-share-buttons\"><!-- Hupso Share Buttons - https:\/\/www.hupso.com\/share\/ --><a class=\"hupso_toolbar\" href=\"https:\/\/www.hupso.com\/share\/\"><img src=\"http:\/\/static.hupso.com\/share\/buttons\/lang\/es\/share-medium.png\" style=\"border:0px; padding-top: 5px; float:left;\" alt=\"Share Button\"\/><\/a><script type=\"text\/javascript\">var hupso_services_t=new Array(\"Twitter\",\"Facebook\",\"Google Plus\",\"Pinterest\",\"Linkedin\",\"Email\",\"Print\");var hupso_background_t=\"#EAF4FF\";var hupso_border_t=\"#66CCFF\";var hupso_toolbar_size_t=\"medium\";var hupso_image_folder_url = \"\";var hupso_twitter_via=\"hectorops\";var hupso_url_t=\"\";var hupso_title_t=\"REFLEXI%C3%93N%20PARA%20EL%20VIERNES%20DE%20LA%20CUARTA%20SEMANA%20DE%20PASCUA%2001-05-15\";<\/script><script type=\"text\/javascript\" src=\"http:\/\/static.hupso.com\/share\/js\/share_toolbar.js\"><\/script><!-- Hupso Share Buttons --><\/div>","protected":false},"excerpt":{"rendered":"<p>Continuamos nuestra ruta Pascual y, para que no se nos olvide, la Primera lectura de hoy (Hc 13,26-33)\u00a0nos recuerda que a Jes\u00fas, luego haber sido muerto y sepultado, &#8220;Dios lo resucit\u00f3 de entre los muertos&#8221;. La lectura evang\u00e9lica, por su &hellip; <a href=\"http:\/\/delamanodemaria.com\/?p=5345\">Continue reading <span class=\"meta-nav\">&rarr;<\/span><\/a><\/p>\n<div style=\"padding-bottom:20px; padding-top:10px;\" class=\"hupso-share-buttons\"><!-- Hupso Share Buttons - https:\/\/www.hupso.com\/share\/ --><a class=\"hupso_toolbar\" href=\"https:\/\/www.hupso.com\/share\/\"><img src=\"http:\/\/static.hupso.com\/share\/buttons\/lang\/es\/share-medium.png\" style=\"border:0px; padding-top: 5px; float:left;\" alt=\"Share Button\"\/><\/a><script type=\"text\/javascript\">var hupso_services_t=new Array(\"Twitter\",\"Facebook\",\"Google Plus\",\"Pinterest\",\"Linkedin\",\"Email\",\"Print\");var hupso_background_t=\"#EAF4FF\";var hupso_border_t=\"#66CCFF\";var hupso_toolbar_size_t=\"medium\";var hupso_image_folder_url = \"\";var hupso_twitter_via=\"hectorops\";var hupso_url_t=\"\";var hupso_title_t=\"REFLEXI%C3%93N%20PARA%20EL%20VIERNES%20DE%20LA%20CUARTA%20SEMANA%20DE%20PASCUA%2001-05-15\";<\/script><script type=\"text\/javascript\" src=\"http:\/\/static.hupso.com\/share\/js\/share_toolbar.js\"><\/script><!-- Hupso Share Buttons --><\/div>","protected":false},"author":1,"featured_media":0,"comment_status":"open","ping_status":"open","sticky":false,"template":"","format":"standard","meta":{"jetpack_post_was_ever_published":false,"_jetpack_newsletter_access":"","_jetpack_newsletter_tier_id":0,"jetpack_publicize_message":"","jetpack_is_tweetstorm":false,"jetpack_publicize_feature_enabled":true,"jetpack_social_post_already_shared":true,"jetpack_social_options":{"image_generator_settings":{"template":"highway","enabled":false}}},"categories":[1],"tags":[537,607,44,96,47,834,42,2,265,367,54,463,36,98,86,536],"jetpack_publicize_connections":[],"jetpack_featured_media_url":"","jetpack_shortlink":"https:\/\/wp.me\/p3bBgS-1od","jetpack_sharing_enabled":true,"jetpack_likes_enabled":true,"_links":{"self":[{"href":"http:\/\/delamanodemaria.com\/index.php?rest_route=\/wp\/v2\/posts\/5345"}],"collection":[{"href":"http:\/\/delamanodemaria.com\/index.php?rest_route=\/wp\/v2\/posts"}],"about":[{"href":"http:\/\/delamanodemaria.com\/index.php?rest_route=\/wp\/v2\/types\/post"}],"author":[{"embeddable":true,"href":"http:\/\/delamanodemaria.com\/index.php?rest_route=\/wp\/v2\/users\/1"}],"replies":[{"embeddable":true,"href":"http:\/\/delamanodemaria.com\/index.php?rest_route=%2Fwp%2Fv2%2Fcomments&post=5345"}],"version-history":[{"count":2,"href":"http:\/\/delamanodemaria.com\/index.php?rest_route=\/wp\/v2\/posts\/5345\/revisions"}],"predecessor-version":[{"id":5347,"href":"http:\/\/delamanodemaria.com\/index.php?rest_route=\/wp\/v2\/posts\/5345\/revisions\/5347"}],"wp:attachment":[{"href":"http:\/\/delamanodemaria.com\/index.php?rest_route=%2Fwp%2Fv2%2Fmedia&parent=5345"}],"wp:term":[{"taxonomy":"category","embeddable":true,"href":"http:\/\/delamanodemaria.com\/index.php?rest_route=%2Fwp%2Fv2%2Fcategories&post=5345"},{"taxonomy":"post_tag","embeddable":true,"href":"http:\/\/delamanodemaria.com\/index.php?rest_route=%2Fwp%2Fv2%2Ftags&post=5345"}],"curies":[{"name":"wp","href":"https:\/\/api.w.org\/{rel}","templated":true}]}}