{"id":5368,"date":"2015-05-04T22:18:16","date_gmt":"2015-05-05T02:18:16","guid":{"rendered":"http:\/\/delamanodemaria.com\/?p=5368"},"modified":"2015-05-04T22:18:16","modified_gmt":"2015-05-05T02:18:16","slug":"reflexion-para-el-martes-de-la-quinta-semana-de-pascua-05-05-15","status":"publish","type":"post","link":"http:\/\/delamanodemaria.com\/?p=5368","title":{"rendered":"REFLEXI\u00d3N PARA EL MARTES DE LA QUINTA SEMANA DE PASCUA 05-05-15"},"content":{"rendered":"<p><a href=\"http:\/\/delamanodemaria.com\/wp-content\/uploads\/2015\/05\/lapidaci\u00f3n-de-Pablo.jpg\"><img decoding=\"async\" loading=\"lazy\" class=\"alignnone size-full wp-image-5369\" src=\"http:\/\/delamanodemaria.com\/wp-content\/uploads\/2015\/05\/lapidaci\u00f3n-de-Pablo.jpg\" alt=\"lapidaci\u00f3n de Pablo\" width=\"638\" height=\"479\" srcset=\"http:\/\/delamanodemaria.com\/wp-content\/uploads\/2015\/05\/lapidaci\u00f3n-de-Pablo.jpg 638w, http:\/\/delamanodemaria.com\/wp-content\/uploads\/2015\/05\/lapidaci\u00f3n-de-Pablo-300x225.jpg 300w, http:\/\/delamanodemaria.com\/wp-content\/uploads\/2015\/05\/lapidaci\u00f3n-de-Pablo-400x300.jpg 400w\" sizes=\"(max-width: 638px) 100vw, 638px\" \/><\/a><\/p>\n<p>La liturgia de Pascua para hoy (Hc 14,19-28) nos presenta como primera lectura la conclusi\u00f3n del primer viaje misionero de Pablo. Si leemos cuidadosamente notaremos que a su regreso, Pablo y Bernab\u00e9 hacen el viaje original a la inversa, pasando por las mismas ciudades que ya hab\u00edan visitado, con el prop\u00f3sito de afianzar la fe de aquellos nuevos cristianos, convertidos en su mayor\u00eda del paganismo. Lo mismo har\u00e1 Pablo posteriormente mediante las cartas que dirigir\u00e1 a otras comunidades. Pablo estaba consciente que la semilla de la fe tiene que ser irrigada, abonada y podada en tiempo para que germine y de fruto.<\/p>\n<p>El pasaje comienza con la lapidaci\u00f3n de Pablo por parte de unos jud\u00edos que resent\u00edan la forma en que el Evangelio de Jes\u00fas se iba propagando. Luego de apedrearlo, lo arrastraron fuera de la ciudad y lo dejaron por muerto. Pero lejos de amilanarlo, esa experiencia le dio nuevos br\u00edos para continuar predicando. Nos evoca las palabras del Se\u00f1or a Anan\u00edas en el pasaje de la conversi\u00f3n de Pablo, cuando refiri\u00e9ndose a Pablo le dijo: \u201cVe a buscarlo, porque es un instrumento elegido por m\u00ed para llevar mi Nombre a todas las naciones, a los reyes y al pueblo de Israel. <em>Yo le har\u00e9 ver cu\u00e1nto tendr\u00e1 que padecer por mi Nombre<\/em>\u201d (Hc 9,15-16).<\/p>\n<p>Pablo hab\u00eda vivido esas palabras. Por eso lo encontramos al final del pasaje de hoy \u201canimando a los disc\u00edpulos y exhort\u00e1ndolos a perseverar en la fe, dici\u00e9ndoles que hay que pasar mucho para entrar en el reino de Dios\u201d. Ese es un tema recurrente en la predicaci\u00f3n de Pablo. Nuestra fe en el Resucitado no suprime la tribulaci\u00f3n, las pruebas; por el contrario, parecer\u00eda que acompa\u00f1an al que decide seguir los pasos de Jes\u00fas. La diferencia es que para el cristiano ese sufrimiento adquiere un significado distinto, adquiere sentido.<\/p>\n<p>Sabemos que, de la misma manera que Jes\u00fas fue glorificado en su pasi\u00f3n, para luego ser resucitado e ir a reinar junto al Padre por toda la eternidad, nuestro sufrimiento es un \u201cpaso\u201d, un pelda\u00f1o, en esa escalera que nos conduce al Reino de Dios en donde reinaremos junto a \u00c9l \u201cpor los siglos de los siglos\u201d (Ap 22,5).<\/p>\n<p>Cuando me enfrento a mis sufrimientos, \u00bfpuedo ver en ellos esa prueba que me purifica como el oro en el crisol, y me permitir\u00e1 ser enaltecido ante Dios (<em>Cfr<\/em>. Sir 2,1-6) en el d\u00eda final?<\/p>\n<p>La lectura evang\u00e9lica (Jn 14,27-31a) nos muestra a Jes\u00fas anunciando a sus disc\u00edpulos que con su pasi\u00f3n iba destronar a Satan\u00e1s como \u201cpr\u00edncipe de este mundo\u201d. \u201cYa no hablar\u00e9 mucho con vosotros, pues se acerca el Pr\u00edncipe del mundo; no es que \u00e9l tenga poder sobre m\u00ed, pero es necesario que el mundo comprenda que yo amo al Padre, y que lo que el Padre me manda yo lo hago\u201d. Y eso implica que padezca, muera, y sea resucitado, para que todos crean en \u00c9l, y todo el que crea en \u00c9l se salve. Ese es el mismo camino que estamos llamados a seguir los que nos llamamos sus disc\u00edpulos: \u201cEl que quiera venir detr\u00e1s de m\u00ed, que renuncie a s\u00ed mismo, que cargue con su cruz cada d\u00eda y me siga\u201d (Lc 9,22-23).<\/p>\n<p>No es cuesti\u00f3n de valor; se trata de creer en el Resucitado y creer en su Palabra.<\/p>\n<div style=\"padding-bottom:20px; padding-top:10px;\" class=\"hupso-share-buttons\"><!-- Hupso Share Buttons - https:\/\/www.hupso.com\/share\/ --><a class=\"hupso_toolbar\" href=\"https:\/\/www.hupso.com\/share\/\"><img src=\"http:\/\/static.hupso.com\/share\/buttons\/lang\/es\/share-medium.png\" style=\"border:0px; padding-top: 5px; float:left;\" alt=\"Share Button\"\/><\/a><script type=\"text\/javascript\">var hupso_services_t=new Array(\"Twitter\",\"Facebook\",\"Google Plus\",\"Pinterest\",\"Linkedin\",\"Email\",\"Print\");var hupso_background_t=\"#EAF4FF\";var hupso_border_t=\"#66CCFF\";var hupso_toolbar_size_t=\"medium\";var hupso_image_folder_url = \"\";var hupso_twitter_via=\"hectorops\";var hupso_url_t=\"\";var hupso_title_t=\"REFLEXI%C3%93N%20PARA%20EL%20MARTES%20DE%20LA%20QUINTA%20SEMANA%20DE%20PASCUA%2005-05-15\";<\/script><script type=\"text\/javascript\" src=\"http:\/\/static.hupso.com\/share\/js\/share_toolbar.js\"><\/script><!-- Hupso Share Buttons --><\/div>","protected":false},"excerpt":{"rendered":"<p>La liturgia de Pascua para hoy (Hc 14,19-28) nos presenta como primera lectura la conclusi\u00f3n del primer viaje misionero de Pablo. Si leemos cuidadosamente notaremos que a su regreso, Pablo y Bernab\u00e9 hacen el viaje original a la inversa, pasando &hellip; <a href=\"http:\/\/delamanodemaria.com\/?p=5368\">Continue reading <span class=\"meta-nav\">&rarr;<\/span><\/a><\/p>\n<div style=\"padding-bottom:20px; padding-top:10px;\" class=\"hupso-share-buttons\"><!-- Hupso Share Buttons - https:\/\/www.hupso.com\/share\/ --><a class=\"hupso_toolbar\" href=\"https:\/\/www.hupso.com\/share\/\"><img src=\"http:\/\/static.hupso.com\/share\/buttons\/lang\/es\/share-medium.png\" style=\"border:0px; padding-top: 5px; float:left;\" alt=\"Share Button\"\/><\/a><script type=\"text\/javascript\">var hupso_services_t=new Array(\"Twitter\",\"Facebook\",\"Google Plus\",\"Pinterest\",\"Linkedin\",\"Email\",\"Print\");var hupso_background_t=\"#EAF4FF\";var hupso_border_t=\"#66CCFF\";var hupso_toolbar_size_t=\"medium\";var hupso_image_folder_url = \"\";var hupso_twitter_via=\"hectorops\";var hupso_url_t=\"\";var hupso_title_t=\"REFLEXI%C3%93N%20PARA%20EL%20MARTES%20DE%20LA%20QUINTA%20SEMANA%20DE%20PASCUA%2005-05-15\";<\/script><script type=\"text\/javascript\" src=\"http:\/\/static.hupso.com\/share\/js\/share_toolbar.js\"><\/script><!-- Hupso Share Buttons --><\/div>","protected":false},"author":1,"featured_media":0,"comment_status":"open","ping_status":"open","sticky":false,"template":"","format":"standard","meta":{"jetpack_post_was_ever_published":false,"_jetpack_newsletter_access":"","_jetpack_newsletter_tier_id":0,"jetpack_publicize_message":"","jetpack_is_tweetstorm":false,"jetpack_publicize_feature_enabled":true,"jetpack_social_post_already_shared":true,"jetpack_social_options":{"image_generator_settings":{"template":"highway","enabled":false}}},"categories":[1],"tags":[57,200,22,517,137,867,111,138,42,293,2,472,519,188,897,630],"jetpack_publicize_connections":[],"jetpack_featured_media_url":"","jetpack_shortlink":"https:\/\/wp.me\/p3bBgS-1oA","jetpack_sharing_enabled":true,"jetpack_likes_enabled":true,"_links":{"self":[{"href":"http:\/\/delamanodemaria.com\/index.php?rest_route=\/wp\/v2\/posts\/5368"}],"collection":[{"href":"http:\/\/delamanodemaria.com\/index.php?rest_route=\/wp\/v2\/posts"}],"about":[{"href":"http:\/\/delamanodemaria.com\/index.php?rest_route=\/wp\/v2\/types\/post"}],"author":[{"embeddable":true,"href":"http:\/\/delamanodemaria.com\/index.php?rest_route=\/wp\/v2\/users\/1"}],"replies":[{"embeddable":true,"href":"http:\/\/delamanodemaria.com\/index.php?rest_route=%2Fwp%2Fv2%2Fcomments&post=5368"}],"version-history":[{"count":2,"href":"http:\/\/delamanodemaria.com\/index.php?rest_route=\/wp\/v2\/posts\/5368\/revisions"}],"predecessor-version":[{"id":5371,"href":"http:\/\/delamanodemaria.com\/index.php?rest_route=\/wp\/v2\/posts\/5368\/revisions\/5371"}],"wp:attachment":[{"href":"http:\/\/delamanodemaria.com\/index.php?rest_route=%2Fwp%2Fv2%2Fmedia&parent=5368"}],"wp:term":[{"taxonomy":"category","embeddable":true,"href":"http:\/\/delamanodemaria.com\/index.php?rest_route=%2Fwp%2Fv2%2Fcategories&post=5368"},{"taxonomy":"post_tag","embeddable":true,"href":"http:\/\/delamanodemaria.com\/index.php?rest_route=%2Fwp%2Fv2%2Ftags&post=5368"}],"curies":[{"name":"wp","href":"https:\/\/api.w.org\/{rel}","templated":true}]}}