{"id":5419,"date":"2015-05-17T22:38:53","date_gmt":"2015-05-18T02:38:53","guid":{"rendered":"http:\/\/delamanodemaria.com\/?p=5419"},"modified":"2015-05-17T22:38:53","modified_gmt":"2015-05-18T02:38:53","slug":"reflexion-para-el-lunes-de-la-septima-semana-de-pascua-18-05-15","status":"publish","type":"post","link":"http:\/\/delamanodemaria.com\/?p=5419","title":{"rendered":"REFLEXI\u00d3N PARA EL LUNES DE LA S\u00c9PTIMA SEMANA DE PASCUA 18-05-15"},"content":{"rendered":"<p><a href=\"http:\/\/delamanodemaria.com\/wp-content\/uploads\/2015\/05\/he-vencido-al-mundo.jpg\"><img decoding=\"async\" loading=\"lazy\" class=\"alignnone size-full wp-image-5423\" src=\"http:\/\/delamanodemaria.com\/wp-content\/uploads\/2015\/05\/he-vencido-al-mundo.jpg\" alt=\"he vencido al mundo\" width=\"576\" height=\"432\" srcset=\"http:\/\/delamanodemaria.com\/wp-content\/uploads\/2015\/05\/he-vencido-al-mundo.jpg 576w, http:\/\/delamanodemaria.com\/wp-content\/uploads\/2015\/05\/he-vencido-al-mundo-300x225.jpg 300w, http:\/\/delamanodemaria.com\/wp-content\/uploads\/2015\/05\/he-vencido-al-mundo-400x300.jpg 400w\" sizes=\"(max-width: 576px) 100vw, 576px\" \/><\/a><\/p>\n<p>El evangelio que nos propone la liturgia para hoy (Jn 16,29-33) es la conclusi\u00f3n del discurso de despedida de Jes\u00fas al finalizar la \u00faltima cena. Y justo en ese momento vemos una afirmaci\u00f3n de fe de parte de los ap\u00f3stoles: \u201cAhora vemos que lo sabes todo y no necesitas que te pregunten; por ello creemos que saliste de Dios\u201d. Pero esa \u201cfe\u201d es producto de la euforia de haber tenido ese encuentro con la divinidad de Jes\u00fas, de haber comprendido finalmente que Jes\u00fas es el Hijo de Dios.<\/p>\n<p>Jes\u00fas, que se encarn\u00f3 para conocer de cerca nuestras emociones y nuestras debilidades, sabe que esa fe de los ap\u00f3stoles no ha sido probada (<em>Cfr<\/em>. 1 Pe 1,7; Prov 17,3) y, m\u00e1s a\u00fan, sabe que fallar\u00e1n en la primera prueba de fuego, fracaso que estar\u00e1 representado en las negaciones de Pedro. \u201c\u00bfAhora cre\u00e9is? Pues mirad: est\u00e1 para llegar la hora, mejor, ya ha llegado, en que os dispers\u00e9is cada cual por su lado y a m\u00ed me dej\u00e9is solo\u201d. La fe de los ap\u00f3stoles no ha sido fortalecida por la prueba. Tienen que percatarse de su fragilidad y de su incapacidad para enfrentar por s\u00ed mismos la prueba de fe.<\/p>\n<p>Recordemos que Jes\u00fas siempre que nos se\u00f1ala una debilidad, nos da la f\u00f3rmula para sobreponernos a ella: \u201cPero no estoy solo, porque est\u00e1 conmigo el Padre. Os he hablado de esto, para que encontr\u00e9is la paz en m\u00ed. En el mundo tendr\u00e9is luchas; pero tened valor: yo he vencido al mundo\u201d. Los ap\u00f3stoles y los dem\u00e1s disc\u00edpulos no lo comprender\u00e1n hasta que reciban la fuerza del Esp\u00edritu en Pentecost\u00e9s. Entonces sabr\u00e1n que no est\u00e1n solos, y que si Jes\u00fas \u201cvenci\u00f3 al mundo\u201d ellos, y nosotros, podremos tambi\u00e9n vencer al mundo.<\/p>\n<p>Estamos a una semana de la celebraci\u00f3n de la gran fiesta del Esp\u00edritu Santo, la Solemnidad de Pentecost\u00e9s, en la que celebraremos la venida del Esp\u00edritu Santo sobre aquellos disc\u00edpulos que se encontraban reunidos en oraci\u00f3n junto a Mar\u00eda, la Madre de Jes\u00fas en la estancia superior, en el mismo lugar en que Jes\u00fas hab\u00eda instituido la Eucarist\u00eda. Y las lecturas de esta semana, especialmente la primera lectura, continuar\u00e1n present\u00e1ndonos la acci\u00f3n del Esp\u00edritu Santo en aquella Iglesia incipiente.<\/p>\n<p>As\u00ed, la primera lectura de hoy (Hc 19,1-8) nos muestra c\u00f3mo cuando Pablo les impuso las manos a doce gentiles convertidos de la ciudad de \u00c9feso, \u201cbaj\u00f3 sobre ellos el Esp\u00edritu Santo, y se pusieron a hablar en lenguas y a profetizar\u201d. Se trata del mismo Esp\u00edritu que nosotros recibimos en nuestro Bautismo. Tan solo tenemos que invocarlo y \u00c9l vendr\u00e1 sobre nosotros. Tal vez no hablemos en lenguas, pero la fuerza del Esp\u00edritu nos permitir\u00e1 enfrentar con valent\u00eda las adversidades, la enfermedad y el sufrimiento cuando estas se crucen en nuestro camino, para con nuestra conducta dar testimonio de que Jesucristo es el Se\u00f1or. Esa ser\u00e1 nuestra mejor predicaci\u00f3n.<\/p>\n<p>Que pasen una hermosa semana en la PAZ que solo el Esp\u00edritu, que es el Amor de Dios que se derrama sobre nosotros, puede brindarnos.<\/p>\n<p>Aprovecho para darles las gracias a todos los que estuvieron orando por los que estuvimos de retiro este fin de semana.<\/p>\n<div style=\"padding-bottom:20px; padding-top:10px;\" class=\"hupso-share-buttons\"><!-- Hupso Share Buttons - https:\/\/www.hupso.com\/share\/ --><a class=\"hupso_toolbar\" href=\"https:\/\/www.hupso.com\/share\/\"><img src=\"http:\/\/static.hupso.com\/share\/buttons\/lang\/es\/share-medium.png\" style=\"border:0px; padding-top: 5px; float:left;\" alt=\"Share Button\"\/><\/a><script type=\"text\/javascript\">var hupso_services_t=new Array(\"Twitter\",\"Facebook\",\"Google Plus\",\"Pinterest\",\"Linkedin\",\"Email\",\"Print\");var hupso_background_t=\"#EAF4FF\";var hupso_border_t=\"#66CCFF\";var hupso_toolbar_size_t=\"medium\";var hupso_image_folder_url = \"\";var hupso_twitter_via=\"hectorops\";var hupso_url_t=\"\";var hupso_title_t=\"REFLEXI%C3%93N%20PARA%20EL%20LUNES%20DE%20LA%20S%C3%89PTIMA%20SEMANA%20DE%20PASCUA%2018-05-15\";<\/script><script type=\"text\/javascript\" src=\"http:\/\/static.hupso.com\/share\/js\/share_toolbar.js\"><\/script><!-- Hupso Share Buttons --><\/div>","protected":false},"excerpt":{"rendered":"<p>El evangelio que nos propone la liturgia para hoy (Jn 16,29-33) es la conclusi\u00f3n del discurso de despedida de Jes\u00fas al finalizar la \u00faltima cena. Y justo en ese momento vemos una afirmaci\u00f3n de fe de parte de los ap\u00f3stoles: &hellip; <a href=\"http:\/\/delamanodemaria.com\/?p=5419\">Continue reading <span class=\"meta-nav\">&rarr;<\/span><\/a><\/p>\n<div style=\"padding-bottom:20px; padding-top:10px;\" class=\"hupso-share-buttons\"><!-- Hupso Share Buttons - https:\/\/www.hupso.com\/share\/ --><a class=\"hupso_toolbar\" href=\"https:\/\/www.hupso.com\/share\/\"><img src=\"http:\/\/static.hupso.com\/share\/buttons\/lang\/es\/share-medium.png\" style=\"border:0px; padding-top: 5px; float:left;\" alt=\"Share Button\"\/><\/a><script type=\"text\/javascript\">var hupso_services_t=new Array(\"Twitter\",\"Facebook\",\"Google Plus\",\"Pinterest\",\"Linkedin\",\"Email\",\"Print\");var hupso_background_t=\"#EAF4FF\";var hupso_border_t=\"#66CCFF\";var hupso_toolbar_size_t=\"medium\";var hupso_image_folder_url = \"\";var hupso_twitter_via=\"hectorops\";var hupso_url_t=\"\";var hupso_title_t=\"REFLEXI%C3%93N%20PARA%20EL%20LUNES%20DE%20LA%20S%C3%89PTIMA%20SEMANA%20DE%20PASCUA%2018-05-15\";<\/script><script type=\"text\/javascript\" src=\"http:\/\/static.hupso.com\/share\/js\/share_toolbar.js\"><\/script><!-- Hupso Share Buttons --><\/div>","protected":false},"author":1,"featured_media":0,"comment_status":"open","ping_status":"open","sticky":false,"template":"","format":"standard","meta":{"jetpack_post_was_ever_published":false,"_jetpack_newsletter_access":"","_jetpack_newsletter_tier_id":0,"jetpack_publicize_message":"","jetpack_is_tweetstorm":false,"jetpack_publicize_feature_enabled":true,"jetpack_social_post_already_shared":true,"jetpack_social_options":{"image_generator_settings":{"template":"highway","enabled":false}}},"categories":[1],"tags":[89,905,29,45,8,111,834,42,71,293,2,463],"jetpack_publicize_connections":[],"jetpack_featured_media_url":"","jetpack_shortlink":"https:\/\/wp.me\/p3bBgS-1pp","jetpack_sharing_enabled":true,"jetpack_likes_enabled":true,"_links":{"self":[{"href":"http:\/\/delamanodemaria.com\/index.php?rest_route=\/wp\/v2\/posts\/5419"}],"collection":[{"href":"http:\/\/delamanodemaria.com\/index.php?rest_route=\/wp\/v2\/posts"}],"about":[{"href":"http:\/\/delamanodemaria.com\/index.php?rest_route=\/wp\/v2\/types\/post"}],"author":[{"embeddable":true,"href":"http:\/\/delamanodemaria.com\/index.php?rest_route=\/wp\/v2\/users\/1"}],"replies":[{"embeddable":true,"href":"http:\/\/delamanodemaria.com\/index.php?rest_route=%2Fwp%2Fv2%2Fcomments&post=5419"}],"version-history":[{"count":4,"href":"http:\/\/delamanodemaria.com\/index.php?rest_route=\/wp\/v2\/posts\/5419\/revisions"}],"predecessor-version":[{"id":8947,"href":"http:\/\/delamanodemaria.com\/index.php?rest_route=\/wp\/v2\/posts\/5419\/revisions\/8947"}],"wp:attachment":[{"href":"http:\/\/delamanodemaria.com\/index.php?rest_route=%2Fwp%2Fv2%2Fmedia&parent=5419"}],"wp:term":[{"taxonomy":"category","embeddable":true,"href":"http:\/\/delamanodemaria.com\/index.php?rest_route=%2Fwp%2Fv2%2Fcategories&post=5419"},{"taxonomy":"post_tag","embeddable":true,"href":"http:\/\/delamanodemaria.com\/index.php?rest_route=%2Fwp%2Fv2%2Ftags&post=5419"}],"curies":[{"name":"wp","href":"https:\/\/api.w.org\/{rel}","templated":true}]}}