{"id":5427,"date":"2015-05-18T21:35:14","date_gmt":"2015-05-19T01:35:14","guid":{"rendered":"http:\/\/delamanodemaria.com\/?p=5427"},"modified":"2015-05-18T22:21:20","modified_gmt":"2015-05-19T02:21:20","slug":"reflexion-para-el-martes-de-la-septima-semana-de-pascua-19-05-15","status":"publish","type":"post","link":"http:\/\/delamanodemaria.com\/?p=5427","title":{"rendered":"REFLEXI\u00d3N PARA EL MARTES DE LA S\u00c9PTIMA SEMANA DE PASCUA 19-05-15"},"content":{"rendered":"<p><a href=\"http:\/\/delamanodemaria.com\/wp-content\/uploads\/2015\/05\/Espiritu-Santo-paloma-3.jpg\"><img decoding=\"async\" loading=\"lazy\" class=\"alignnone size-full wp-image-5430\" src=\"http:\/\/delamanodemaria.com\/wp-content\/uploads\/2015\/05\/Espiritu-Santo-paloma-3.jpg\" alt=\"Espiritu Santo paloma 3\" width=\"669\" height=\"443\" srcset=\"http:\/\/delamanodemaria.com\/wp-content\/uploads\/2015\/05\/Espiritu-Santo-paloma-3.jpg 669w, http:\/\/delamanodemaria.com\/wp-content\/uploads\/2015\/05\/Espiritu-Santo-paloma-3-300x199.jpg 300w, http:\/\/delamanodemaria.com\/wp-content\/uploads\/2015\/05\/Espiritu-Santo-paloma-3-453x300.jpg 453w\" sizes=\"(max-width: 669px) 100vw, 669px\" \/><\/a><\/p>\n<p>Continuamos nuestra ruta hacia Pentecost\u00e9s, y el Esp\u00edritu Santo contin\u00faa ocupando un papel protag\u00f3nico en la liturgia pascual.<\/p>\n<p>La primera lectura (Hc 20,17-27) nos presenta el discurso de despedida de Pablo a los presb\u00edteros de la Iglesia de \u00c9feso. Pablo hace un recuento de la labor que ha realizado en esa comunidad (\u201cVosotros sab\u00e9is que todo el tiempo que he estado aqu\u00ed, desde el d\u00eda que por primera vez puse pie en Asia, he servido al Se\u00f1or con toda humildad, en las penas y pruebas\u201d&#8230;) y, aunque reconociendo sus limitaciones humanas, manifiesta haber cumplido su misi\u00f3n.<\/p>\n<p>Al mismo tiempo encontramos a un Pablo que se muestra d\u00f3cil a la voz del Esp\u00edritu Santo y reconoce que es \u00c9l quien le gu\u00eda en su misi\u00f3n: \u201cY ahora me dirijo a Jerusal\u00e9n, forzado por el Esp\u00edritu. No s\u00e9 lo que me espera all\u00ed, s\u00f3lo s\u00e9 que el Esp\u00edritu Santo, de ciudad en ciudad, me asegura que me aguardan c\u00e1rceles y luchas\u201d. Por eso reconoce que su misi\u00f3n no ha concluido y, m\u00e1s a\u00fan, que le esperan grandes retos, persecuciones, encarcelamientos, luchas. \u201cPero a m\u00ed no me importa la vida; lo que me importa es completar mi carrera, y cumplir el encargo que me dio el Se\u00f1or Jes\u00fas: ser testigo del Evangelio, que es la gracia de Dios\u201d.<\/p>\n<p>Igual sentido de \u201cmisi\u00f3n cumplida\u201d encontramos en la lectura evang\u00e9lica que nos propone la liturgia para hoy (Jn 17,1-11a), que es el comienzo de llamada \u201coraci\u00f3n sacerdotal\u201d de Jes\u00fas, que ocupa todo el cap\u00edtulo 17 del evangelio seg\u00fan san Juan.<\/p>\n<p>Luego de concluida la \u201cdespedida\u201d de sus disc\u00edpulos que hemos estado leyendo en los d\u00edas anteriores, Jes\u00fas se dirige al Padre con la satisfacci\u00f3n de haber cumplido la misi\u00f3n que este le hab\u00eda encomendado: \u201cYo te he glorificado sobre la tierra, he coronado la obra que me encomendaste\u201d.<\/p>\n<p>Concluida Su vida terrenal corresponde a los disc\u00edpulos (eso nos incluye a nosotros) cosechar los frutos de su misi\u00f3n y continuar la misma. Por eso le ruega al Padre por sus disc\u00edpulos, por nosotros: \u201cTe ruego por ellos; no ruego por el mundo, sino por \u00e9stos que t\u00fa me diste, y son tuyos. S\u00ed, todo lo m\u00edo es tuyo, y lo tuyo m\u00edo; y en ellos he sido glorificado. Ya no voy a estar en el mundo, pero ellos est\u00e1n en el mundo, mientras yo voy a ti\u201d.<\/p>\n<p>Hace dos d\u00edas celebramos la Ascensi\u00f3n de Nuestro Se\u00f1or a los cielos. Ahora quedamos nosotros \u201cen el mundo\u201d.<\/p>\n<p>En la primera lectura vimos c\u00f3mo Pablo entendi\u00f3 cu\u00e1l era su misi\u00f3n y estuvo dispuesto a pagar el precio. Y t\u00fa, \u00bfest\u00e1s dispuesto a pagar el tuyo?<\/p>\n<div style=\"padding-bottom:20px; padding-top:10px;\" class=\"hupso-share-buttons\"><!-- Hupso Share Buttons - https:\/\/www.hupso.com\/share\/ --><a class=\"hupso_toolbar\" href=\"https:\/\/www.hupso.com\/share\/\"><img src=\"http:\/\/static.hupso.com\/share\/buttons\/lang\/es\/share-medium.png\" style=\"border:0px; padding-top: 5px; float:left;\" alt=\"Share Button\"\/><\/a><script type=\"text\/javascript\">var hupso_services_t=new Array(\"Twitter\",\"Facebook\",\"Google Plus\",\"Pinterest\",\"Linkedin\",\"Email\",\"Print\");var hupso_background_t=\"#EAF4FF\";var hupso_border_t=\"#66CCFF\";var hupso_toolbar_size_t=\"medium\";var hupso_image_folder_url = \"\";var hupso_twitter_via=\"hectorops\";var hupso_url_t=\"\";var hupso_title_t=\"REFLEXI%C3%93N%20PARA%20EL%20MARTES%20DE%20LA%20S%C3%89PTIMA%20SEMANA%20DE%20PASCUA%2019-05-15\";<\/script><script type=\"text\/javascript\" src=\"http:\/\/static.hupso.com\/share\/js\/share_toolbar.js\"><\/script><!-- Hupso Share Buttons --><\/div>","protected":false},"excerpt":{"rendered":"<p>Continuamos nuestra ruta hacia Pentecost\u00e9s, y el Esp\u00edritu Santo contin\u00faa ocupando un papel protag\u00f3nico en la liturgia pascual. La primera lectura (Hc 20,17-27) nos presenta el discurso de despedida de Pablo a los presb\u00edteros de la Iglesia de \u00c9feso. Pablo &hellip; <a href=\"http:\/\/delamanodemaria.com\/?p=5427\">Continue reading <span class=\"meta-nav\">&rarr;<\/span><\/a><\/p>\n<div style=\"padding-bottom:20px; padding-top:10px;\" class=\"hupso-share-buttons\"><!-- Hupso Share Buttons - https:\/\/www.hupso.com\/share\/ --><a class=\"hupso_toolbar\" href=\"https:\/\/www.hupso.com\/share\/\"><img src=\"http:\/\/static.hupso.com\/share\/buttons\/lang\/es\/share-medium.png\" style=\"border:0px; padding-top: 5px; float:left;\" alt=\"Share Button\"\/><\/a><script type=\"text\/javascript\">var hupso_services_t=new Array(\"Twitter\",\"Facebook\",\"Google Plus\",\"Pinterest\",\"Linkedin\",\"Email\",\"Print\");var hupso_background_t=\"#EAF4FF\";var hupso_border_t=\"#66CCFF\";var hupso_toolbar_size_t=\"medium\";var hupso_image_folder_url = \"\";var hupso_twitter_via=\"hectorops\";var hupso_url_t=\"\";var hupso_title_t=\"REFLEXI%C3%93N%20PARA%20EL%20MARTES%20DE%20LA%20S%C3%89PTIMA%20SEMANA%20DE%20PASCUA%2019-05-15\";<\/script><script type=\"text\/javascript\" src=\"http:\/\/static.hupso.com\/share\/js\/share_toolbar.js\"><\/script><!-- Hupso Share Buttons --><\/div>","protected":false},"author":1,"featured_media":0,"comment_status":"open","ping_status":"open","sticky":false,"template":"","format":"standard","meta":{"jetpack_post_was_ever_published":false,"_jetpack_newsletter_access":"","_jetpack_newsletter_tier_id":0,"jetpack_publicize_message":"","jetpack_is_tweetstorm":false,"jetpack_publicize_feature_enabled":true,"jetpack_social_post_already_shared":true,"jetpack_social_options":{"image_generator_settings":{"template":"highway","enabled":false}}},"categories":[1],"tags":[116,905,29,200,112,907,906,111,834,42,71,2,750],"jetpack_publicize_connections":[],"jetpack_featured_media_url":"","jetpack_shortlink":"https:\/\/wp.me\/p3bBgS-1px","jetpack_sharing_enabled":true,"jetpack_likes_enabled":true,"_links":{"self":[{"href":"http:\/\/delamanodemaria.com\/index.php?rest_route=\/wp\/v2\/posts\/5427"}],"collection":[{"href":"http:\/\/delamanodemaria.com\/index.php?rest_route=\/wp\/v2\/posts"}],"about":[{"href":"http:\/\/delamanodemaria.com\/index.php?rest_route=\/wp\/v2\/types\/post"}],"author":[{"embeddable":true,"href":"http:\/\/delamanodemaria.com\/index.php?rest_route=\/wp\/v2\/users\/1"}],"replies":[{"embeddable":true,"href":"http:\/\/delamanodemaria.com\/index.php?rest_route=%2Fwp%2Fv2%2Fcomments&post=5427"}],"version-history":[{"count":4,"href":"http:\/\/delamanodemaria.com\/index.php?rest_route=\/wp\/v2\/posts\/5427\/revisions"}],"predecessor-version":[{"id":5432,"href":"http:\/\/delamanodemaria.com\/index.php?rest_route=\/wp\/v2\/posts\/5427\/revisions\/5432"}],"wp:attachment":[{"href":"http:\/\/delamanodemaria.com\/index.php?rest_route=%2Fwp%2Fv2%2Fmedia&parent=5427"}],"wp:term":[{"taxonomy":"category","embeddable":true,"href":"http:\/\/delamanodemaria.com\/index.php?rest_route=%2Fwp%2Fv2%2Fcategories&post=5427"},{"taxonomy":"post_tag","embeddable":true,"href":"http:\/\/delamanodemaria.com\/index.php?rest_route=%2Fwp%2Fv2%2Ftags&post=5427"}],"curies":[{"name":"wp","href":"https:\/\/api.w.org\/{rel}","templated":true}]}}