{"id":5545,"date":"2015-06-13T22:26:39","date_gmt":"2015-06-14T02:26:39","guid":{"rendered":"http:\/\/delamanodemaria.com\/?p=5545"},"modified":"2015-06-13T22:26:39","modified_gmt":"2015-06-14T02:26:39","slug":"el-avemaria","status":"publish","type":"post","link":"http:\/\/delamanodemaria.com\/?p=5545","title":{"rendered":"EL AVEMAR\u00cdA"},"content":{"rendered":"<p><a href=\"http:\/\/delamanodemaria.com\/wp-content\/uploads\/2012\/12\/Mar\u00eda1.jpg\"><img decoding=\"async\" loading=\"lazy\" class=\" size-full wp-image-6 aligncenter\" src=\"http:\/\/delamanodemaria.com\/wp-content\/uploads\/2012\/12\/Mar\u00eda1.jpg\" alt=\"Mar\u00eda\" width=\"448\" height=\"334\" srcset=\"http:\/\/delamanodemaria.com\/wp-content\/uploads\/2012\/12\/Mar\u00eda1.jpg 448w, http:\/\/delamanodemaria.com\/wp-content\/uploads\/2012\/12\/Mar\u00eda1-300x223.jpg 300w\" sizes=\"(max-width: 448px) 100vw, 448px\" \/><\/a><\/p>\n<p><strong><em>Autor: P. Evaristo Sada, L.C. | la-oracion.com<\/em><\/strong><\/p>\n<p>El Avemar\u00eda. Vamos a comentar el avemar\u00eda con la intenci\u00f3n de que al pronunciar cada frase lo hagamos con pleno sentido.<\/p>\n<p>En el a\u00f1o 1525 se encuentra ya el Avemar\u00eda en los catecismos populares, pero la f\u00f3rmula definitiva tal y como nosotros la rezamos la fij\u00f3 P\u00edo V en 1568, con ocasi\u00f3n de la reforma lit\u00fargica.<\/p>\n<ul>\n<li>Dios te salve<\/li>\n<\/ul>\n<p>Imag\u00ednate c\u00f3mo es la mirada de Dios sobre la mujer que \u00c9l cre\u00f3 y eligi\u00f3 para que fuera su madre: una mirada llena de amor, de predilecci\u00f3n, de gozo y complacencia. Hasta donde te sea posible, cuando comiences el Avemar\u00eda apropia la mirada de Jes\u00fas sobre su Madre y sal\u00fadala con las palabras del Arc\u00e1ngel Gabriel en la anunciaci\u00f3n (Lc. 1,28). Desde lo m\u00e1s profundo de tu coraz\u00f3n dile: &#8220;al\u00e9grate Mar\u00eda&#8221;.<\/p>\n<ul>\n<li>Mar\u00eda<\/li>\n<\/ul>\n<p>Pronunciar el nombre de Mar\u00eda te llena de amor y de confianza. Mar\u00eda significa la amada del Se\u00f1or, Se\u00f1ora, estrella del mar, la que orienta a los navegantes y los dirige a Cristo. San Alfonso Mar\u00eda de Ligorio dice que es un &#8220;nombre cargado de divinas dulzuras&#8221; y Tomas de Kempis afirma que los demonios temen de tal manera a la Reina del cielo, que al o\u00edr su nombre, huyen de aquel que lo nombra como de fuego que los abrasara.<\/p>\n<ul>\n<li>Llena eres de gracia, el Se\u00f1or es contigo<\/li>\n<\/ul>\n<p>Porque Dios est\u00e1 con ella Mar\u00eda est\u00e1 completamente impregnada de gracia, como una esponja bajo el agua. Mar\u00eda est\u00e1 llena de la presencia de Dios y Dios es la fuente de la gracia. El poder del Alt\u00edsimo la cubri\u00f3 con su sombra (Lc 1,35), es decir, Dios descendi\u00f3 para habitar en ella.<\/p>\n<p>Mar\u00eda es &#8220;la morada de Dios entre los hombres&#8221; (Ap 21,3) Dios se da por completo a Mar\u00eda, la colma de belleza, y ella, que desborda Gracia divina, la entrega a la humanidad.<\/p>\n<ul>\n<li>Bendita t\u00fa entre las mujeres<\/li>\n<\/ul>\n<p>Isabel fue la primera en decirle a Mar\u00eda: &#8220;T\u00fa eres bendita entre todas las mujeres&#8221; (Lc 1,42) Es bendita porque Dios la eligi\u00f3 con amor eterno, porque es la madre de Dios, porque es madre y virgen, porque es inmaculada, porque fue llevada en cuerpo y alma a la gloria celeste.<\/p>\n<ul>\n<li>\u00a0bendito es el fruto de tu vientre, Jes\u00fas (cfr. Lc 1,42)<\/li>\n<\/ul>\n<p>Mar\u00eda es la vi\u00f1a fecunda que nos entrega el mejor de los frutos, el alimento que sacia. El fruto de su vientre es fruto del amor de Dios, de la maravillosa y fecunda colaboraci\u00f3n entre el Esp\u00edritu Santo y esa pobre jovencita de Nazareth. A m\u00ed me ayuda mucho contemplar el icono de la &#8220;Madre del signo&#8221; que nos muestra a Jes\u00fas en el vientre de Mar\u00eda en forma de Eucarist\u00eda: &#8220;el pan vivo, bajado del cielo. Si uno come de este pan, vivir\u00e1 para siempre&#8221; (Jn 6, 51).<\/p>\n<ul>\n<li>Santa Mar\u00eda, Madre de Dios<\/li>\n<\/ul>\n<p>Comenzamos la segunda parte del avemar\u00eda exaltando su santidad y el gran motivo de su dignidad. La portadora de Dios es santa. Ella crey\u00f3 en la Palabra del Se\u00f1or y se entreg\u00f3 como la esclava del Se\u00f1or, y gracias a eso el Verbo se hizo carne y habit\u00f3 entre nosotros. Como madre aliment\u00f3 a Jes\u00fas, lo protegi\u00f3, lo educ\u00f3. \u00a1Qu\u00e9 digna representante del g\u00e9nero humano que le da a Dios todo el amor que su peque\u00f1ez es capaz de dar!<\/p>\n<p>Nos duele escuchar: &#8220;Y los suyos no le recibieron&#8221; (Jn 1,11) pero Mar\u00eda s\u00ed lo recibi\u00f3 y hoy nosotros, cultivando la vida de gracia, queremos recibirlo como lo hizo ella.<\/p>\n<ul>\n<li>Ruega por nosotros pecadores<\/li>\n<\/ul>\n<p>Su maternidad espiritual se extiende a todas las generaciones, a todos los hermanos de Jes\u00fas, y ella ruega por nosotros, vela por nuestras necesidades. Como en las bodas de Can\u00e1 va una y otra vez con Jes\u00fas y le dice: &#8220;No tienen vino&#8221;, y obtiene abundantes bienes para sus hijos. Ella protege con particular predilecci\u00f3n a los m\u00e1s peque\u00f1os, a los indefensos, a los enfermos, a los que tienen heridas morales, a los pecadores. Vemos lo espl\u00e9ndida que es en los Santuarios Marianos: Guadalupe, Lourdes, F\u00e1tima, El Pilar, Loreto, Luj\u00e1n, Aparecida, La Vang, Medjugorje&#8230;<\/p>\n<p>Santa Mar\u00eda, Madre de Dios y Madre nuestra, me declaro pecador, necesito que desbordes sobre m\u00ed tu coraz\u00f3n misericordioso.<\/p>\n<ul>\n<li>Ahora<\/li>\n<\/ul>\n<p>En el momento presente, en todo momento presente. Cuando todo va bien y cuando no, cuando estoy en gracia y cuando no, cuando me siento bien y cuando no, en la salud y en la enfermedad, en las alegr\u00edas y las tristezas, en la luz y en la oscuridad: siempre. El &#8220;ahora&#8221; abarca toda mi vida, porque el momento presente recoge el pasado, el presente y el futuro: todo lo pongo en tus manos. En el presente reparo por mi pasado, te ofrezco mi futuro, vivo seg\u00fan el Evangelio.<\/p>\n<p>Decirle ruega ahora por m\u00ed, es decirle: te necesito siempre a mi lado Mar\u00eda, siempre; no te separes de m\u00ed.<\/p>\n<ul>\n<li>Y en la hora de nuestra muerte<\/li>\n<\/ul>\n<p>As\u00ed como estuviste junto a Jes\u00fas en la hora de su muerte (cf Jn 19, 27), as\u00ed desde ahora te pido que cuando termine mi vida terrena est\u00e9s conmigo. Si paso mis \u00faltimos d\u00edas enfermo, quiero que como buena madre me acompa\u00f1es de d\u00eda y de noche. Al morir quiero tener un Rosario en la mano y sentir tu mejilla en mi frente, mientras me dices al o\u00eddo: No tengas miedo, que no te aflija cosa alguna, ten confianza, \u00bfqu\u00e9 no estoy yo aqu\u00ed que soy tu Madre?<\/p>\n<p>Quiero que mis \u00faltimas palabras sean: &#8220;Mar\u00eda, Jes\u00fas&#8221;, y que habi\u00e9ndolas pronunciado me cargues en tus brazos y me pongas en los brazos del Padre. Quiero que t\u00fa me lleves con Jes\u00fas, y que al despertar all\u00e1 en el cielo tenga mi cabeza reclinada sobre Su pecho, y estar sintiendo tus caricias por toda la eternidad.<\/p>\n<ul>\n<li>Am\u00e9n<\/li>\n<\/ul>\n<p>Es una palabra aramea (la lengua de Jes\u00fas) que significa fuerza, solidez, fidelidad, seguridad. Se usa para afirmar y confirmar. Decir Am\u00e9n es decir que s\u00ed, que as\u00ed es, que estamos de acuerdo y afirmamos con fuerza y seguridad lo que creemos. Decir am\u00e9n al final del avemar\u00eda es decirle: &#8220;S\u00ed, Madre, yo s\u00e9 que cada vez que te dirijo esta oraci\u00f3n t\u00fa trabajas mi coraz\u00f3n, me est\u00e1s formando, me vas modelando poco a poco, me vas ayudando a crecer en las virtudes de la humildad, la pobreza, la caridad, la pureza, la prudencia, la generosidad, la misericordia&#8230;. S\u00ed, Madre, hazlo con toda libertad, te lo suplico: am\u00e9n.&#8221;<\/p>\n<p>&#8230;&#8230;&#8230;&#8230;&#8230;&#8230;&#8230;&#8230;&#8230;&#8230;&#8230;&#8230;&#8230;&#8230;&#8230;&#8230;&#8230;&#8230;&#8230;&#8230;&#8230;&#8230;..<\/p>\n<ol>\n<li>Evaristo Sada LC<\/li>\n<\/ol>\n<p>Soy un sacerdote feliz, profundamente feliz. Mi pasi\u00f3n es Cristo.<\/p>\n<p>Entr\u00e9 al Regnum Christi en 1977 y a la Legi\u00f3n de Cristo en 1979 y fui ordenado sacerdote por el Papa Juan Pablo II el 3 de enero de 1991.<\/p>\n<p>Mi ministerio sacerdotal est\u00e1 centrado en la promoci\u00f3n de la vida de oraci\u00f3n.<\/p>\n<p>Inici\u00e9 www.la-oracion.com, www.facebook.com\/como.rezar y el canal de la oraci\u00f3n en Youtube para compartir mi experiencia del amor de Dios e invitarte a hacer lo mismo. Presido la C\u00e1tedra de Espiritualidad de la Universidad An\u00e1huac M\u00e9xico Norte.<\/p>\n<div style=\"padding-bottom:20px; padding-top:10px;\" class=\"hupso-share-buttons\"><!-- Hupso Share Buttons - https:\/\/www.hupso.com\/share\/ --><a class=\"hupso_toolbar\" href=\"https:\/\/www.hupso.com\/share\/\"><img src=\"http:\/\/static.hupso.com\/share\/buttons\/lang\/es\/share-medium.png\" style=\"border:0px; padding-top: 5px; float:left;\" alt=\"Share Button\"\/><\/a><script type=\"text\/javascript\">var hupso_services_t=new Array(\"Twitter\",\"Facebook\",\"Google Plus\",\"Pinterest\",\"Linkedin\",\"Email\",\"Print\");var hupso_background_t=\"#EAF4FF\";var hupso_border_t=\"#66CCFF\";var hupso_toolbar_size_t=\"medium\";var hupso_image_folder_url = \"\";var hupso_twitter_via=\"hectorops\";var hupso_url_t=\"\";var hupso_title_t=\"EL%20AVEMAR%C3%8DA\";<\/script><script type=\"text\/javascript\" src=\"http:\/\/static.hupso.com\/share\/js\/share_toolbar.js\"><\/script><!-- Hupso Share Buttons --><\/div>","protected":false},"excerpt":{"rendered":"<p>Autor: P. Evaristo Sada, L.C. | la-oracion.com El Avemar\u00eda. Vamos a comentar el avemar\u00eda con la intenci\u00f3n de que al pronunciar cada frase lo hagamos con pleno sentido. En el a\u00f1o 1525 se encuentra ya el Avemar\u00eda en los catecismos &hellip; <a href=\"http:\/\/delamanodemaria.com\/?p=5545\">Continue reading <span class=\"meta-nav\">&rarr;<\/span><\/a><\/p>\n<div style=\"padding-bottom:20px; padding-top:10px;\" class=\"hupso-share-buttons\"><!-- Hupso Share Buttons - https:\/\/www.hupso.com\/share\/ --><a class=\"hupso_toolbar\" href=\"https:\/\/www.hupso.com\/share\/\"><img src=\"http:\/\/static.hupso.com\/share\/buttons\/lang\/es\/share-medium.png\" style=\"border:0px; padding-top: 5px; float:left;\" alt=\"Share Button\"\/><\/a><script type=\"text\/javascript\">var hupso_services_t=new Array(\"Twitter\",\"Facebook\",\"Google Plus\",\"Pinterest\",\"Linkedin\",\"Email\",\"Print\");var hupso_background_t=\"#EAF4FF\";var hupso_border_t=\"#66CCFF\";var hupso_toolbar_size_t=\"medium\";var hupso_image_folder_url = \"\";var hupso_twitter_via=\"hectorops\";var hupso_url_t=\"\";var hupso_title_t=\"EL%20AVEMAR%C3%8DA\";<\/script><script type=\"text\/javascript\" src=\"http:\/\/static.hupso.com\/share\/js\/share_toolbar.js\"><\/script><!-- Hupso Share Buttons --><\/div>","protected":false},"author":1,"featured_media":0,"comment_status":"open","ping_status":"open","sticky":false,"template":"","format":"standard","meta":{"jetpack_post_was_ever_published":false,"_jetpack_newsletter_access":"","_jetpack_newsletter_tier_id":0,"jetpack_publicize_message":"","jetpack_is_tweetstorm":false,"jetpack_publicize_feature_enabled":true,"jetpack_social_post_already_shared":true,"jetpack_social_options":{"image_generator_settings":{"template":"highway","enabled":false}}},"categories":[1],"tags":[935,936,130],"jetpack_publicize_connections":[],"jetpack_featured_media_url":"","jetpack_shortlink":"https:\/\/wp.me\/p3bBgS-1rr","jetpack_sharing_enabled":true,"jetpack_likes_enabled":true,"_links":{"self":[{"href":"http:\/\/delamanodemaria.com\/index.php?rest_route=\/wp\/v2\/posts\/5545"}],"collection":[{"href":"http:\/\/delamanodemaria.com\/index.php?rest_route=\/wp\/v2\/posts"}],"about":[{"href":"http:\/\/delamanodemaria.com\/index.php?rest_route=\/wp\/v2\/types\/post"}],"author":[{"embeddable":true,"href":"http:\/\/delamanodemaria.com\/index.php?rest_route=\/wp\/v2\/users\/1"}],"replies":[{"embeddable":true,"href":"http:\/\/delamanodemaria.com\/index.php?rest_route=%2Fwp%2Fv2%2Fcomments&post=5545"}],"version-history":[{"count":1,"href":"http:\/\/delamanodemaria.com\/index.php?rest_route=\/wp\/v2\/posts\/5545\/revisions"}],"predecessor-version":[{"id":5546,"href":"http:\/\/delamanodemaria.com\/index.php?rest_route=\/wp\/v2\/posts\/5545\/revisions\/5546"}],"wp:attachment":[{"href":"http:\/\/delamanodemaria.com\/index.php?rest_route=%2Fwp%2Fv2%2Fmedia&parent=5545"}],"wp:term":[{"taxonomy":"category","embeddable":true,"href":"http:\/\/delamanodemaria.com\/index.php?rest_route=%2Fwp%2Fv2%2Fcategories&post=5545"},{"taxonomy":"post_tag","embeddable":true,"href":"http:\/\/delamanodemaria.com\/index.php?rest_route=%2Fwp%2Fv2%2Ftags&post=5545"}],"curies":[{"name":"wp","href":"https:\/\/api.w.org\/{rel}","templated":true}]}}