{"id":5548,"date":"2015-06-14T22:28:04","date_gmt":"2015-06-15T02:28:04","guid":{"rendered":"http:\/\/delamanodemaria.com\/?p=5548"},"modified":"2015-06-14T22:28:04","modified_gmt":"2015-06-15T02:28:04","slug":"reflexion-para-el-lunes-de-la-undecima-semana-del-t-o-1-15-06-15","status":"publish","type":"post","link":"http:\/\/delamanodemaria.com\/?p=5548","title":{"rendered":"REFLEXI\u00d3N PARA EL LUNES DE LA UND\u00c9CIMA SEMANA DEL T.O. (1) 15-06-15"},"content":{"rendered":"<p><a href=\"http:\/\/delamanodemaria.com\/wp-content\/uploads\/2013\/06\/optica-del-amor.jpg\"><img decoding=\"async\" loading=\"lazy\" class=\" size-full wp-image-1257 aligncenter\" src=\"http:\/\/delamanodemaria.com\/wp-content\/uploads\/2013\/06\/optica-del-amor.jpg\" alt=\"optica del amor\" width=\"511\" height=\"480\" srcset=\"http:\/\/delamanodemaria.com\/wp-content\/uploads\/2013\/06\/optica-del-amor.jpg 511w, http:\/\/delamanodemaria.com\/wp-content\/uploads\/2013\/06\/optica-del-amor-300x281.jpg 300w, http:\/\/delamanodemaria.com\/wp-content\/uploads\/2013\/06\/optica-del-amor-319x300.jpg 319w\" sizes=\"(max-width: 511px) 100vw, 511px\" \/><\/a><\/p>\n<p>Las lecturas que nos ofrece la liturgia hoy constituyen una gu\u00eda, un mapa, para los que aceptamos el llamado a la santidad que nos hace Jes\u00fas. Cuando escuchamos y aceptamos el \u201cS\u00edgueme\u201d que Jes\u00fas nos propone, reconocemos que estamos llamados a la santidad, porque \u00c9l es santo. La santidad es la plenitud de nuestra felicidad, y la \u00fanica forma de alcanzar esa plenitud es obrar bien.<\/p>\n<p>La primera lectura, tomada de la Primera carta del ap\u00f3stol san Pablo a los Corintios (6,1-10) nos proporciona un \u201cc\u00f3digo de conducta\u201d para alcanzar esa plenitud que va m\u00e1s all\u00e1 del mero cumplimiento de unos preceptos. Se trata de una nueva actitud hacia Dios, nuestro pr\u00f3jimo, y nosotros mismos; una nueva forma de ver la vida misma a trav\u00e9s de la \u00f3ptica del amor. Es entregarnos a la voluntad de Dios y vivir de conformidad. Por eso Pablo comienza exhort\u00e1ndonos a \u201cno echar en saco roto la gracia de Dios\u201d y a \u201cno poner en rid\u00edculo nuestro ministerio\u201d, ni a dar \u201ca nadie motivo de esc\u00e1ndalo\u201d.<\/p>\n<p>Siempre que leo este pasaje me recuerda esa pegatina que lee: \u201c\u00bfCrees en Cristo?; \u00a1Que se te note!\u201d Nuestro mejor m\u00e9todo de evangelizaci\u00f3n, nuestra mejor predicaci\u00f3n, es nuestra conducta, que hace que todos los que se relacionan con nosotros noten que hay \u201calgo\u201d diferente en nosotros, algo que les atrae, algo que les lleva a decir \u201cyo quiero de eso\u201d. Eso incluye a nuestra familia, nuestros vecinos, nuestros trabajos, nuestras escuelas, nuestras organizaciones c\u00edvicas, nuestra comunidad de fe.<\/p>\n<p>Esta primera lectura es tan rica en contenido que a no ser por las limitaciones de espacio, la transcribir\u00edamos \u00edntegramente. Les exhorto a leerla; es una verdadera joya.<\/p>\n<p>En la lectura evang\u00e9lica (Mt 5,38-42), Jes\u00fas contin\u00faa su catequesis sobre la nueva interpretaci\u00f3n de la Ley basada en el Amor. \u201cHab\u00e9is o\u00eddo que se dijo: \u2018Ojo por ojo, diente por diente\u2019. Yo, en cambio, os digo: No hag\u00e1is frente al que os agravia. Al contrario, si uno te abofetea en la mejilla derecha, pres\u00e9ntale la otra; al que quiera ponerte pleito para quitarte la t\u00fanica, dale tambi\u00e9n la capa; a quien te requiera para caminar una milla, acomp\u00e1\u00f1ale dos; a quien te pide, dale, y al que te pide prestado, no lo reh\u00fayas\u201d.<\/p>\n<p>\u00a1Uf, qu\u00e9 dif\u00edcil nos lo plantea Jes\u00fas! Dif\u00edcil cuando lo vemos desde la perspectiva del mundo secular que nos llama a \u201cdar a cada cual seg\u00fan se merece\u201d, al \u00e9xito, al confort, a acumular posesiones, al ego\u00edsmo; la cultura del \u201cyo\u201d. Pero para el que ha tenido un encuentro personal con Jes\u00fas y ha conocido su Amor, esa exhortaci\u00f3n de parte de Jes\u00fas resulta f\u00e1cil, y hasta l\u00f3gico.<\/p>\n<p>Cuando Dios se convierte en el centro de nuestras vidas, todo adquiere un nuevo significado al punto que todo lo dem\u00e1s lo estimamos \u201cbasura\u201d (<em>Cfr<\/em>. Fil 8,8).<\/p>\n<p>Y t\u00fa, \u00bfhas tenido un encuentro personal con Jes\u00fas? \u00c9l te ha llamado por tu nombre y tan solo est\u00e1 esperando tu respuesta. Anda, \u00e1brele la puerta. Y cuando te diga: \u201cS\u00edgueme\u201d, no lo pienses; \u00a1s\u00edguelo! Cr\u00e9eme, no te arrepentir\u00e1s.<\/p>\n<div style=\"padding-bottom:20px; padding-top:10px;\" class=\"hupso-share-buttons\"><!-- Hupso Share Buttons - https:\/\/www.hupso.com\/share\/ --><a class=\"hupso_toolbar\" href=\"https:\/\/www.hupso.com\/share\/\"><img src=\"http:\/\/static.hupso.com\/share\/buttons\/lang\/es\/share-medium.png\" style=\"border:0px; padding-top: 5px; float:left;\" alt=\"Share Button\"\/><\/a><script type=\"text\/javascript\">var hupso_services_t=new Array(\"Twitter\",\"Facebook\",\"Google Plus\",\"Pinterest\",\"Linkedin\",\"Email\",\"Print\");var hupso_background_t=\"#EAF4FF\";var hupso_border_t=\"#66CCFF\";var hupso_toolbar_size_t=\"medium\";var hupso_image_folder_url = \"\";var hupso_twitter_via=\"hectorops\";var hupso_url_t=\"\";var hupso_title_t=\"REFLEXI%C3%93N%20PARA%20EL%20LUNES%20DE%20LA%20UND%C3%89CIMA%20SEMANA%20DEL%20T.O.%20%281%29%2015-06-15\";<\/script><script type=\"text\/javascript\" src=\"http:\/\/static.hupso.com\/share\/js\/share_toolbar.js\"><\/script><!-- Hupso Share Buttons --><\/div>","protected":false},"excerpt":{"rendered":"<p>Las lecturas que nos ofrece la liturgia hoy constituyen una gu\u00eda, un mapa, para los que aceptamos el llamado a la santidad que nos hace Jes\u00fas. Cuando escuchamos y aceptamos el \u201cS\u00edgueme\u201d que Jes\u00fas nos propone, reconocemos que estamos llamados &hellip; <a href=\"http:\/\/delamanodemaria.com\/?p=5548\">Continue reading <span class=\"meta-nav\">&rarr;<\/span><\/a><\/p>\n<div style=\"padding-bottom:20px; padding-top:10px;\" class=\"hupso-share-buttons\"><!-- Hupso Share Buttons - https:\/\/www.hupso.com\/share\/ --><a class=\"hupso_toolbar\" href=\"https:\/\/www.hupso.com\/share\/\"><img src=\"http:\/\/static.hupso.com\/share\/buttons\/lang\/es\/share-medium.png\" style=\"border:0px; padding-top: 5px; float:left;\" alt=\"Share Button\"\/><\/a><script type=\"text\/javascript\">var hupso_services_t=new Array(\"Twitter\",\"Facebook\",\"Google Plus\",\"Pinterest\",\"Linkedin\",\"Email\",\"Print\");var hupso_background_t=\"#EAF4FF\";var hupso_border_t=\"#66CCFF\";var hupso_toolbar_size_t=\"medium\";var hupso_image_folder_url = \"\";var hupso_twitter_via=\"hectorops\";var hupso_url_t=\"\";var hupso_title_t=\"REFLEXI%C3%93N%20PARA%20EL%20LUNES%20DE%20LA%20UND%C3%89CIMA%20SEMANA%20DEL%20T.O.%20%281%29%2015-06-15\";<\/script><script type=\"text\/javascript\" src=\"http:\/\/static.hupso.com\/share\/js\/share_toolbar.js\"><\/script><!-- Hupso Share Buttons --><\/div>","protected":false},"author":1,"featured_media":0,"comment_status":"open","ping_status":"open","sticky":false,"template":"","format":"standard","meta":{"jetpack_post_was_ever_published":false,"_jetpack_newsletter_access":"","_jetpack_newsletter_tier_id":0,"jetpack_publicize_message":"","jetpack_is_tweetstorm":false,"jetpack_publicize_feature_enabled":true,"jetpack_social_post_already_shared":true,"jetpack_social_options":{"image_generator_settings":{"template":"highway","enabled":false}}},"categories":[1],"tags":[30,534,616,78,96,428,833,2,710,418,191,144,916,232],"jetpack_publicize_connections":[],"jetpack_featured_media_url":"","jetpack_shortlink":"https:\/\/wp.me\/p3bBgS-1ru","jetpack_sharing_enabled":true,"jetpack_likes_enabled":true,"_links":{"self":[{"href":"http:\/\/delamanodemaria.com\/index.php?rest_route=\/wp\/v2\/posts\/5548"}],"collection":[{"href":"http:\/\/delamanodemaria.com\/index.php?rest_route=\/wp\/v2\/posts"}],"about":[{"href":"http:\/\/delamanodemaria.com\/index.php?rest_route=\/wp\/v2\/types\/post"}],"author":[{"embeddable":true,"href":"http:\/\/delamanodemaria.com\/index.php?rest_route=\/wp\/v2\/users\/1"}],"replies":[{"embeddable":true,"href":"http:\/\/delamanodemaria.com\/index.php?rest_route=%2Fwp%2Fv2%2Fcomments&post=5548"}],"version-history":[{"count":3,"href":"http:\/\/delamanodemaria.com\/index.php?rest_route=\/wp\/v2\/posts\/5548\/revisions"}],"predecessor-version":[{"id":5552,"href":"http:\/\/delamanodemaria.com\/index.php?rest_route=\/wp\/v2\/posts\/5548\/revisions\/5552"}],"wp:attachment":[{"href":"http:\/\/delamanodemaria.com\/index.php?rest_route=%2Fwp%2Fv2%2Fmedia&parent=5548"}],"wp:term":[{"taxonomy":"category","embeddable":true,"href":"http:\/\/delamanodemaria.com\/index.php?rest_route=%2Fwp%2Fv2%2Fcategories&post=5548"},{"taxonomy":"post_tag","embeddable":true,"href":"http:\/\/delamanodemaria.com\/index.php?rest_route=%2Fwp%2Fv2%2Ftags&post=5548"}],"curies":[{"name":"wp","href":"https:\/\/api.w.org\/{rel}","templated":true}]}}