{"id":5709,"date":"2015-07-15T23:04:55","date_gmt":"2015-07-16T03:04:55","guid":{"rendered":"http:\/\/delamanodemaria.com\/?p=5709"},"modified":"2015-07-15T23:04:55","modified_gmt":"2015-07-16T03:04:55","slug":"reflexion-para-la-fiesta-de-nuestra-senora-del-carmen-16-07-15","status":"publish","type":"post","link":"http:\/\/delamanodemaria.com\/?p=5709","title":{"rendered":"REFLEXI\u00d3N PARA LA FIESTA DE NUESTRA SE\u00d1ORA DEL CARMEN 16-07-15"},"content":{"rendered":"<p><a href=\"http:\/\/delamanodemaria.com\/wp-content\/uploads\/2014\/07\/Virgen-del-Carmen.jpg\"><img decoding=\"async\" loading=\"lazy\" class=\" size-large wp-image-3800 aligncenter\" src=\"http:\/\/delamanodemaria.com\/wp-content\/uploads\/2014\/07\/Virgen-del-Carmen-489x1024.jpg\" alt=\"Virgen del Carmen\" width=\"489\" height=\"1024\" srcset=\"http:\/\/delamanodemaria.com\/wp-content\/uploads\/2014\/07\/Virgen-del-Carmen-489x1024.jpg 489w, http:\/\/delamanodemaria.com\/wp-content\/uploads\/2014\/07\/Virgen-del-Carmen-143x300.jpg 143w\" sizes=\"(max-width: 489px) 100vw, 489px\" \/><\/a><\/p>\n<p>Hoy celebramos la Fiesta de Nuestra Se\u00f1ora del Carmen, tambi\u00e9n conocida simplemente como la Santa Mar\u00eda del Monte Carmelo, Virgen del Carmen, Nuestra Se\u00f1ora del Monte Carmelo, Flor del Carmelo, y <em>Stella Maris<\/em> (Estrella del Mar).<\/p>\n<p>Esta es una de las advocaciones m\u00e1s antiguas, si no la m\u00e1s antigua, de la Virgen Mar\u00eda. Deriva su nombre del Monte Carmelo (del hebreo <em>Karmel<\/em>, o <em>Al-Karem<\/em>, que quiere decir \u201cjard\u00edn\u201d), que se yergue en la costa oriental del Mar Mediterr\u00e1neo, a la vista del puerto mar\u00edtimo de Haifa. Fue en este monte que el profeta El\u00edas tuvo la visi\u00f3n de la nube (1 Re 18,44) que pondr\u00eda fin a la sequ\u00eda que hab\u00eda azotado la regi\u00f3n.<\/p>\n<p>Desde los primeros ermita\u00f1os que se establecieron en el Monte Carmelo, se ha interpretado la nube de la visi\u00f3n de El\u00edas (1 Re 18,44) como un s\u00edmbolo de la Virgen Mar\u00eda Inmaculada. Una tradici\u00f3n dice que El\u00edas interpret\u00f3 la visi\u00f3n de aquella nube como un s\u00edmbolo de la llegada del Salvador esperado, que nacer\u00eda de una doncella inmaculada para traer una lluvia de bendiciones. Desde entonces, aquella peque\u00f1a comunidad que ten\u00eda por hogar el Monte Carmelo, se dedic\u00f3 a rezar por la que ser\u00eda madre del Redentor, sin conocer su identidad, comenzando as\u00ed la devoci\u00f3n a Nuestra Se\u00f1ora del Monte Carmelo.<\/p>\n<p>Fue en ese lugar que, en el siglo XII, un grupo de hombres, inspirados por el profeta El\u00edas, fund\u00f3 la orden de los Carmelitas.<\/p>\n<p>Dijimos que otro nombre por el cual se conoce a la Virgen del Carmen es Estrella del Mar, o <em>Stella Maris<\/em>. Antes de que existieran las br\u00fajulas, ni los medios de navegaci\u00f3n electr\u00f3nicos modernos, los marineros se guiaban por las estrellas. Cuando los sarracenos invadieron el Carmelo en el a\u00f1o 1235, los Carmelitas se vieron obligados a abandonar por un tiempo el monasterio. Otra antigua tradici\u00f3n dice que antes de partir se les apareci\u00f3 la Virgen mientras cantaban el <em>Salve Regina<\/em> y ella prometi\u00f3 ser para ellos su Estrella del Mar. De aqu\u00ed la analog\u00eda con La Virgen Mar\u00eda quien como, estrella del mar, nos gu\u00eda por las aguas dif\u00edciles de la vida hacia el puerto seguro que es Cristo. Por eso tambi\u00e9n es patrona de marineros, pescadores, y todos los que se hacen a la mar.<\/p>\n<p>En Puerto Rico, por ser fiesta lit\u00fargica, se contemplan las lecturas propias de la celebraci\u00f3n.<\/p>\n<p>Como primera lectura se nos presenta el pasaje en que Zacar\u00edas (2,14-17) profetiza el jubiloso acontecimiento del nacimiento del Salvador: \u201cGrita de j\u00fabilo y al\u00e9grate, hija de Si\u00f3n: porque yo vengo a habitar en medio de ti \u2013or\u00e1culo del Se\u00f1or-\u201d. Hija de Si\u00f3n es uno de los t\u00edtulos que se dan a Nuestra Se\u00f1ora, invitada por Dios a una gran alegr\u00eda, t\u00edtulo que expresa su papel extraordinario de madre del Mes\u00edas; m\u00e1s a\u00fan, de madre del Hijo de Dios. Es la mujer que desde anta\u00f1o veneraban los ermita\u00f1os del Monte Carmelo, sin conocer su identidad, pero s\u00ed su misi\u00f3n de convertirse en madre del Redentor.<\/p>\n<p>Hoy, en esta celebraci\u00f3n de Nuestra Se\u00f1ora, pid\u00e1mosle que sea nuestra Estrella de Mar que nos dirija al puerto seguro que es su Hijo, nuestro Se\u00f1or Jesucristo.<\/p>\n<div style=\"padding-bottom:20px; padding-top:10px;\" class=\"hupso-share-buttons\"><!-- Hupso Share Buttons - https:\/\/www.hupso.com\/share\/ --><a class=\"hupso_toolbar\" href=\"https:\/\/www.hupso.com\/share\/\"><img src=\"http:\/\/static.hupso.com\/share\/buttons\/lang\/es\/share-medium.png\" style=\"border:0px; padding-top: 5px; float:left;\" alt=\"Share Button\"\/><\/a><script type=\"text\/javascript\">var hupso_services_t=new Array(\"Twitter\",\"Facebook\",\"Google Plus\",\"Pinterest\",\"Linkedin\",\"Email\",\"Print\");var hupso_background_t=\"#EAF4FF\";var hupso_border_t=\"#66CCFF\";var hupso_toolbar_size_t=\"medium\";var hupso_image_folder_url = \"\";var hupso_twitter_via=\"hectorops\";var hupso_url_t=\"\";var hupso_title_t=\"REFLEXI%C3%93N%20PARA%20LA%20FIESTA%20DE%20NUESTRA%20SE%C3%91ORA%20DEL%20CARMEN%2016-07-15\";<\/script><script type=\"text\/javascript\" src=\"http:\/\/static.hupso.com\/share\/js\/share_toolbar.js\"><\/script><!-- Hupso Share Buttons --><\/div>","protected":false},"excerpt":{"rendered":"<p>Hoy celebramos la Fiesta de Nuestra Se\u00f1ora del Carmen, tambi\u00e9n conocida simplemente como la Santa Mar\u00eda del Monte Carmelo, Virgen del Carmen, Nuestra Se\u00f1ora del Monte Carmelo, Flor del Carmelo, y Stella Maris (Estrella del Mar). Esta es una de &hellip; <a href=\"http:\/\/delamanodemaria.com\/?p=5709\">Continue reading <span class=\"meta-nav\">&rarr;<\/span><\/a><\/p>\n<div style=\"padding-bottom:20px; padding-top:10px;\" class=\"hupso-share-buttons\"><!-- Hupso Share Buttons - https:\/\/www.hupso.com\/share\/ --><a class=\"hupso_toolbar\" href=\"https:\/\/www.hupso.com\/share\/\"><img src=\"http:\/\/static.hupso.com\/share\/buttons\/lang\/es\/share-medium.png\" style=\"border:0px; padding-top: 5px; float:left;\" alt=\"Share Button\"\/><\/a><script type=\"text\/javascript\">var hupso_services_t=new Array(\"Twitter\",\"Facebook\",\"Google Plus\",\"Pinterest\",\"Linkedin\",\"Email\",\"Print\");var hupso_background_t=\"#EAF4FF\";var hupso_border_t=\"#66CCFF\";var hupso_toolbar_size_t=\"medium\";var hupso_image_folder_url = \"\";var hupso_twitter_via=\"hectorops\";var hupso_url_t=\"\";var hupso_title_t=\"REFLEXI%C3%93N%20PARA%20LA%20FIESTA%20DE%20NUESTRA%20SE%C3%91ORA%20DEL%20CARMEN%2016-07-15\";<\/script><script type=\"text\/javascript\" src=\"http:\/\/static.hupso.com\/share\/js\/share_toolbar.js\"><\/script><!-- Hupso Share Buttons --><\/div>","protected":false},"author":1,"featured_media":0,"comment_status":"open","ping_status":"open","sticky":false,"template":"","format":"standard","meta":{"jetpack_post_was_ever_published":false,"_jetpack_newsletter_access":"","_jetpack_newsletter_tier_id":0,"jetpack_publicize_message":"","jetpack_is_tweetstorm":false,"jetpack_publicize_feature_enabled":true,"jetpack_social_post_already_shared":true,"jetpack_social_options":{"image_generator_settings":{"template":"highway","enabled":false}}},"categories":[1],"tags":[182,79,572,223,224,2,980,389],"jetpack_publicize_connections":[],"jetpack_featured_media_url":"","jetpack_shortlink":"https:\/\/wp.me\/p3bBgS-1u5","jetpack_sharing_enabled":true,"jetpack_likes_enabled":true,"_links":{"self":[{"href":"http:\/\/delamanodemaria.com\/index.php?rest_route=\/wp\/v2\/posts\/5709"}],"collection":[{"href":"http:\/\/delamanodemaria.com\/index.php?rest_route=\/wp\/v2\/posts"}],"about":[{"href":"http:\/\/delamanodemaria.com\/index.php?rest_route=\/wp\/v2\/types\/post"}],"author":[{"embeddable":true,"href":"http:\/\/delamanodemaria.com\/index.php?rest_route=\/wp\/v2\/users\/1"}],"replies":[{"embeddable":true,"href":"http:\/\/delamanodemaria.com\/index.php?rest_route=%2Fwp%2Fv2%2Fcomments&post=5709"}],"version-history":[{"count":1,"href":"http:\/\/delamanodemaria.com\/index.php?rest_route=\/wp\/v2\/posts\/5709\/revisions"}],"predecessor-version":[{"id":5711,"href":"http:\/\/delamanodemaria.com\/index.php?rest_route=\/wp\/v2\/posts\/5709\/revisions\/5711"}],"wp:attachment":[{"href":"http:\/\/delamanodemaria.com\/index.php?rest_route=%2Fwp%2Fv2%2Fmedia&parent=5709"}],"wp:term":[{"taxonomy":"category","embeddable":true,"href":"http:\/\/delamanodemaria.com\/index.php?rest_route=%2Fwp%2Fv2%2Fcategories&post=5709"},{"taxonomy":"post_tag","embeddable":true,"href":"http:\/\/delamanodemaria.com\/index.php?rest_route=%2Fwp%2Fv2%2Ftags&post=5709"}],"curies":[{"name":"wp","href":"https:\/\/api.w.org\/{rel}","templated":true}]}}