{"id":5741,"date":"2015-07-28T23:00:14","date_gmt":"2015-07-29T03:00:14","guid":{"rendered":"http:\/\/delamanodemaria.com\/?p=5741"},"modified":"2015-07-28T23:00:14","modified_gmt":"2015-07-29T03:00:14","slug":"reflexion-para-la-memoria-obligatoria-de-santa-marta-29-07-15","status":"publish","type":"post","link":"http:\/\/delamanodemaria.com\/?p=5741","title":{"rendered":"REFLEXI\u00d3N PARA LA MEMORIA OBLIGATORIA DE SANTA MARTA 29-07-15"},"content":{"rendered":"<p>&nbsp;<\/p>\n<p><a href=\"http:\/\/delamanodemaria.com\/wp-content\/uploads\/2013\/07\/la-mejor-parte2.jpg\"><img decoding=\"async\" loading=\"lazy\" class=\"alignnone size-full wp-image-1504\" src=\"http:\/\/delamanodemaria.com\/wp-content\/uploads\/2013\/07\/la-mejor-parte2.jpg\" alt=\"la-mejor-parte2\" width=\"637\" height=\"441\" srcset=\"http:\/\/delamanodemaria.com\/wp-content\/uploads\/2013\/07\/la-mejor-parte2.jpg 637w, http:\/\/delamanodemaria.com\/wp-content\/uploads\/2013\/07\/la-mejor-parte2-300x207.jpg 300w, http:\/\/delamanodemaria.com\/wp-content\/uploads\/2013\/07\/la-mejor-parte2-433x300.jpg 433w\" sizes=\"(max-width: 637px) 100vw, 637px\" \/><\/a><\/p>\n<p>Hoy celebramos la memoria obligatoria de santa Marta, la hermana de L\u00e1zaro y Mar\u00eda, amigos de Jes\u00fas. La tradici\u00f3n dice que, como Santiago evangeliz\u00f3 a Espa\u00f1a, santa Marta evangeliz\u00f3 a Francia. Marta es un nombre hebreo que significa \u201cse\u00f1ora; jefe del hogar\u201d. La Escritura nos dice que \u201cJes\u00fas quer\u00eda mucho a Marta, a su hermana y a L\u00e1zaro\u201d (Jn 11,5). Estos hermanos viv\u00edan en Betania, una aldea distante como a cuatro kil\u00f3metros de Jerusal\u00e9n.<\/p>\n<p>Durante el \u00faltimo a\u00f1o de la vida p\u00fablica de Jes\u00fas, cuando \u00c9l movi\u00f3 su predicaci\u00f3n de Galilea a Judea, habitualmente pernoctaba en casa de sus amigos Marta, Mar\u00eda y L\u00e1zaro, en donde siempre hab\u00eda una habitaci\u00f3n dispuesta para el Maestro a cualquier hora que llegara. Esa casa era, en efecto, el \u201chogar\u201d de Jes\u00fas en Judea. All\u00ed se sent\u00eda a gusto, amaba a sus amigos, y sus amigos le amaban y acog\u00edan con calor de hogar.<\/p>\n<p>Al igual que a Marta, a su hermana y a L\u00e1zaro, Jes\u00fas te ama a ti, y le encantar\u00eda hospedarse en tu casa, es decir, en tu coraz\u00f3n (<em>Cfr<\/em>. Ap 3,20). \u00bfTienes una habitaci\u00f3n dispuesta para recibirle?<\/p>\n<p>La liturgia para esta memoria obligatoria nos propone dos lecturas evang\u00e9licas alternas. La primera, tomada el <a href=\"http:\/\/delamanodemaria.com\/?p=4218\" target=\"_blank\">Evangelio seg\u00fan san Lucas (10,38-42)<\/a>, nos narra el conocido episodio en que Jes\u00fas va a visitar a sus amigos, y mientras Marta se desviv\u00eda por tener todo dispuesto para que el Se\u00f1or se sintiera acogido (por eso es la santa patrona de los hoteleros), Mar\u00eda estaba sentada a los pies del Maestro escuch\u00e1ndole. Ante el reclamo de Marta a Jes\u00fas para que dijera a su hermana que le ayudara, este le contest\u00f3: \u201cMarta, Marta, andas inquieta y nerviosa con tantas cosas; s\u00f3lo una es necesaria. Mar\u00eda ha escogido la parte mejor, y no se la quitar\u00e1n\u201d.<\/p>\n<p>La otra lectura evang\u00e9lica que nos propone la liturgia para hoy (Jn 11,19-27) es el pasaje en que Marta sale al encuentro de Jes\u00fas cuando este lleg\u00f3 tras la muerte de su hermano L\u00e1zaro. Las palabras de Marta son a la vez un reclamo (no de coraje, sino imbuido del cari\u00f1o propio de un amigo) y una profesi\u00f3n de fe: \u201cSe\u00f1or, si hubieras estado aqu\u00ed, mi hermano no habr\u00eda muerto. Pero yo s\u00e9 que aun ahora, Dios te conceder\u00e1 todo lo que le pidas\u201d.<\/p>\n<p>A ese intercambio inicial sigue una conversaci\u00f3n entre Jes\u00fas y Marta, en la que Marta reafirma su fe en Jes\u00fas, en su mensaje, y en su obra salv\u00edfica. Los \u00faltimos tres vers\u00edculos del pasaje de hoy son una verdadera catequesis: \u201cJes\u00fas le dijo: \u2018Yo soy la Resurrecci\u00f3n y la Vida. El que cree en m\u00ed, aunque muera, vivir\u00e1; y todo el que vive y cree en m\u00ed, no morir\u00e1 jam\u00e1s. \u00bfCrees esto?\u2019. Ella le respondi\u00f3: \u2018S\u00ed, Se\u00f1or, creo que t\u00fa eres el Mes\u00edas, el Hijo de Dios, el que deb\u00eda venir al mundo\u2019\u201d.<\/p>\n<p>Esa profesi\u00f3n de fe de Marta se vio coronada con la revitalizaci\u00f3n de su hermano L\u00e1zaro. Marta estaba segura del poder de Jes\u00fas (cre\u00eda en Jes\u00fas y le cre\u00eda a Jes\u00fas), y ni la muerte de su hermano pudo destruir esa certeza.<\/p>\n<p>Santa Marta, amiga de Jes\u00fas, ruega por nosotros.<\/p>\n<div style=\"padding-bottom:20px; padding-top:10px;\" class=\"hupso-share-buttons\"><!-- Hupso Share Buttons - https:\/\/www.hupso.com\/share\/ --><a class=\"hupso_toolbar\" href=\"https:\/\/www.hupso.com\/share\/\"><img src=\"http:\/\/static.hupso.com\/share\/buttons\/lang\/es\/share-medium.png\" style=\"border:0px; padding-top: 5px; float:left;\" alt=\"Share Button\"\/><\/a><script type=\"text\/javascript\">var hupso_services_t=new Array(\"Twitter\",\"Facebook\",\"Google Plus\",\"Pinterest\",\"Linkedin\",\"Email\",\"Print\");var hupso_background_t=\"#EAF4FF\";var hupso_border_t=\"#66CCFF\";var hupso_toolbar_size_t=\"medium\";var hupso_image_folder_url = \"\";var hupso_twitter_via=\"hectorops\";var hupso_url_t=\"\";var hupso_title_t=\"REFLEXI%C3%93N%20PARA%20LA%20MEMORIA%20OBLIGATORIA%20DE%20SANTA%20MARTA%2029-07-15\";<\/script><script type=\"text\/javascript\" src=\"http:\/\/static.hupso.com\/share\/js\/share_toolbar.js\"><\/script><!-- Hupso Share Buttons --><\/div>","protected":false},"excerpt":{"rendered":"<p>&nbsp; Hoy celebramos la memoria obligatoria de santa Marta, la hermana de L\u00e1zaro y Mar\u00eda, amigos de Jes\u00fas. La tradici\u00f3n dice que, como Santiago evangeliz\u00f3 a Espa\u00f1a, santa Marta evangeliz\u00f3 a Francia. Marta es un nombre hebreo que significa \u201cse\u00f1ora; &hellip; <a href=\"http:\/\/delamanodemaria.com\/?p=5741\">Continue reading <span class=\"meta-nav\">&rarr;<\/span><\/a><\/p>\n<div style=\"padding-bottom:20px; padding-top:10px;\" class=\"hupso-share-buttons\"><!-- Hupso Share Buttons - https:\/\/www.hupso.com\/share\/ --><a class=\"hupso_toolbar\" href=\"https:\/\/www.hupso.com\/share\/\"><img src=\"http:\/\/static.hupso.com\/share\/buttons\/lang\/es\/share-medium.png\" style=\"border:0px; padding-top: 5px; float:left;\" alt=\"Share Button\"\/><\/a><script type=\"text\/javascript\">var hupso_services_t=new Array(\"Twitter\",\"Facebook\",\"Google Plus\",\"Pinterest\",\"Linkedin\",\"Email\",\"Print\");var hupso_background_t=\"#EAF4FF\";var hupso_border_t=\"#66CCFF\";var hupso_toolbar_size_t=\"medium\";var hupso_image_folder_url = \"\";var hupso_twitter_via=\"hectorops\";var hupso_url_t=\"\";var hupso_title_t=\"REFLEXI%C3%93N%20PARA%20LA%20MEMORIA%20OBLIGATORIA%20DE%20SANTA%20MARTA%2029-07-15\";<\/script><script type=\"text\/javascript\" src=\"http:\/\/static.hupso.com\/share\/js\/share_toolbar.js\"><\/script><!-- Hupso Share Buttons --><\/div>","protected":false},"author":1,"featured_media":0,"comment_status":"open","ping_status":"open","sticky":false,"template":"","format":"standard","meta":{"jetpack_post_was_ever_published":false,"_jetpack_newsletter_access":"","_jetpack_newsletter_tier_id":0,"jetpack_publicize_message":"","jetpack_is_tweetstorm":false,"jetpack_publicize_feature_enabled":true,"jetpack_social_post_already_shared":true,"jetpack_social_options":{"image_generator_settings":{"template":"highway","enabled":false}}},"categories":[1],"tags":[513,96,239,8,124,2,54,489,98],"jetpack_publicize_connections":[],"jetpack_featured_media_url":"","jetpack_shortlink":"https:\/\/wp.me\/p3bBgS-1uB","jetpack_sharing_enabled":true,"jetpack_likes_enabled":true,"_links":{"self":[{"href":"http:\/\/delamanodemaria.com\/index.php?rest_route=\/wp\/v2\/posts\/5741"}],"collection":[{"href":"http:\/\/delamanodemaria.com\/index.php?rest_route=\/wp\/v2\/posts"}],"about":[{"href":"http:\/\/delamanodemaria.com\/index.php?rest_route=\/wp\/v2\/types\/post"}],"author":[{"embeddable":true,"href":"http:\/\/delamanodemaria.com\/index.php?rest_route=\/wp\/v2\/users\/1"}],"replies":[{"embeddable":true,"href":"http:\/\/delamanodemaria.com\/index.php?rest_route=%2Fwp%2Fv2%2Fcomments&post=5741"}],"version-history":[{"count":2,"href":"http:\/\/delamanodemaria.com\/index.php?rest_route=\/wp\/v2\/posts\/5741\/revisions"}],"predecessor-version":[{"id":5743,"href":"http:\/\/delamanodemaria.com\/index.php?rest_route=\/wp\/v2\/posts\/5741\/revisions\/5743"}],"wp:attachment":[{"href":"http:\/\/delamanodemaria.com\/index.php?rest_route=%2Fwp%2Fv2%2Fmedia&parent=5741"}],"wp:term":[{"taxonomy":"category","embeddable":true,"href":"http:\/\/delamanodemaria.com\/index.php?rest_route=%2Fwp%2Fv2%2Fcategories&post=5741"},{"taxonomy":"post_tag","embeddable":true,"href":"http:\/\/delamanodemaria.com\/index.php?rest_route=%2Fwp%2Fv2%2Ftags&post=5741"}],"curies":[{"name":"wp","href":"https:\/\/api.w.org\/{rel}","templated":true}]}}