{"id":5745,"date":"2015-07-29T11:10:00","date_gmt":"2015-07-29T15:10:00","guid":{"rendered":"http:\/\/delamanodemaria.com\/?p=5745"},"modified":"2015-07-29T11:10:00","modified_gmt":"2015-07-29T15:10:00","slug":"los-catolicos-adoran-las-imagenes","status":"publish","type":"post","link":"http:\/\/delamanodemaria.com\/?p=5745","title":{"rendered":"\u00bfLos cat\u00f3licos adoran las im\u00e1genes?"},"content":{"rendered":"<p><a href=\"http:\/\/delamanodemaria.com\/wp-content\/uploads\/2015\/07\/Papa-Francisco-ora-ante-virgen.jpg\"><img decoding=\"async\" loading=\"lazy\" class=\"alignnone size-full wp-image-5746\" src=\"http:\/\/delamanodemaria.com\/wp-content\/uploads\/2015\/07\/Papa-Francisco-ora-ante-virgen.jpg\" alt=\"Papa Francisco ora ante virgen\" width=\"590\" height=\"402\" srcset=\"http:\/\/delamanodemaria.com\/wp-content\/uploads\/2015\/07\/Papa-Francisco-ora-ante-virgen.jpg 590w, http:\/\/delamanodemaria.com\/wp-content\/uploads\/2015\/07\/Papa-Francisco-ora-ante-virgen-300x204.jpg 300w, http:\/\/delamanodemaria.com\/wp-content\/uploads\/2015\/07\/Papa-Francisco-ora-ante-virgen-440x300.jpg 440w\" sizes=\"(max-width: 590px) 100vw, 590px\" \/><\/a><\/p>\n<p>Les invito a leer esta interesante y muy completa reflexi\u00f3n del <em>P. Henry Vargas Holgu\u00edn<\/em> sobre un\u00a0tema que hemos tratado en alguna otra ocasi\u00f3n y que siempre es motivo de controversia, sobre todo con nuestros hermanos protestantes.<\/p>\n<p>\u00a1Cat\u00f3lico, conoce tu fe para que puedas defenderla!<\/p>\n<p>&#8220;Es com\u00fan decir que los cat\u00f3licos rinden culto a las im\u00e1genes y por ello cometen idolatr\u00eda. \u00bfEs esto cierto? \u00bfPor qu\u00e9 los cat\u00f3licos usan im\u00e1genes?&#8221; [<a href=\"http:\/\/www.aleteia.org\/es\/religion\/articulo\/los-catolicos-adoran-las-imagenes-112020?\" target=\"_blank\">continuar leyendo<\/a>]<\/p>\n<p>Tomado de Aleteia:\u00a0<a href=\"http:\/\/www.aleteia.org\/es\/religion\/articulo\/los-catolicos-adoran-las-imagenes-112020\" target=\"_blank\">http:\/\/www.aleteia.org\/es\/religion\/articulo\/los-catolicos-adoran-las-imagenes-112020<\/a><\/p>\n<div style=\"padding-bottom:20px; padding-top:10px;\" class=\"hupso-share-buttons\"><!-- Hupso Share Buttons - https:\/\/www.hupso.com\/share\/ --><a class=\"hupso_toolbar\" href=\"https:\/\/www.hupso.com\/share\/\"><img src=\"http:\/\/static.hupso.com\/share\/buttons\/lang\/es\/share-medium.png\" style=\"border:0px; padding-top: 5px; float:left;\" alt=\"Share Button\"\/><\/a><script type=\"text\/javascript\">var hupso_services_t=new Array(\"Twitter\",\"Facebook\",\"Google Plus\",\"Pinterest\",\"Linkedin\",\"Email\",\"Print\");var hupso_background_t=\"#EAF4FF\";var hupso_border_t=\"#66CCFF\";var hupso_toolbar_size_t=\"medium\";var hupso_image_folder_url = \"\";var hupso_twitter_via=\"hectorops\";var hupso_url_t=\"\";var hupso_title_t=\"%C2%BFLos%20cat%C3%B3licos%20adoran%20las%20im%C3%A1genes%3F\";<\/script><script type=\"text\/javascript\" src=\"http:\/\/static.hupso.com\/share\/js\/share_toolbar.js\"><\/script><!-- Hupso Share Buttons --><\/div>","protected":false},"excerpt":{"rendered":"<p>Les invito a leer esta interesante y muy completa reflexi\u00f3n del P. Henry Vargas Holgu\u00edn sobre un\u00a0tema que hemos tratado en alguna otra ocasi\u00f3n y que siempre es motivo de controversia, sobre todo con nuestros hermanos protestantes. \u00a1Cat\u00f3lico, conoce tu &hellip; <a href=\"http:\/\/delamanodemaria.com\/?p=5745\">Continue reading <span class=\"meta-nav\">&rarr;<\/span><\/a><\/p>\n<div style=\"padding-bottom:20px; padding-top:10px;\" class=\"hupso-share-buttons\"><!-- Hupso Share Buttons - https:\/\/www.hupso.com\/share\/ --><a class=\"hupso_toolbar\" href=\"https:\/\/www.hupso.com\/share\/\"><img src=\"http:\/\/static.hupso.com\/share\/buttons\/lang\/es\/share-medium.png\" style=\"border:0px; padding-top: 5px; float:left;\" alt=\"Share Button\"\/><\/a><script type=\"text\/javascript\">var hupso_services_t=new Array(\"Twitter\",\"Facebook\",\"Google Plus\",\"Pinterest\",\"Linkedin\",\"Email\",\"Print\");var hupso_background_t=\"#EAF4FF\";var hupso_border_t=\"#66CCFF\";var hupso_toolbar_size_t=\"medium\";var hupso_image_folder_url = \"\";var hupso_twitter_via=\"hectorops\";var hupso_url_t=\"\";var hupso_title_t=\"%C2%BFLos%20cat%C3%B3licos%20adoran%20las%20im%C3%A1genes%3F\";<\/script><script type=\"text\/javascript\" src=\"http:\/\/static.hupso.com\/share\/js\/share_toolbar.js\"><\/script><!-- Hupso Share Buttons --><\/div>","protected":false},"author":1,"featured_media":0,"comment_status":"open","ping_status":"open","sticky":false,"template":"","format":"standard","meta":{"jetpack_post_was_ever_published":false,"_jetpack_newsletter_access":"","_jetpack_newsletter_tier_id":0,"jetpack_publicize_message":"","jetpack_is_tweetstorm":false,"jetpack_publicize_feature_enabled":true,"jetpack_social_post_already_shared":true,"jetpack_social_options":{"image_generator_settings":{"template":"highway","enabled":false}}},"categories":[1],"tags":[987,507,101,93,494],"jetpack_publicize_connections":[],"jetpack_featured_media_url":"","jetpack_shortlink":"https:\/\/wp.me\/p3bBgS-1uF","jetpack_sharing_enabled":true,"jetpack_likes_enabled":true,"_links":{"self":[{"href":"http:\/\/delamanodemaria.com\/index.php?rest_route=\/wp\/v2\/posts\/5745"}],"collection":[{"href":"http:\/\/delamanodemaria.com\/index.php?rest_route=\/wp\/v2\/posts"}],"about":[{"href":"http:\/\/delamanodemaria.com\/index.php?rest_route=\/wp\/v2\/types\/post"}],"author":[{"embeddable":true,"href":"http:\/\/delamanodemaria.com\/index.php?rest_route=\/wp\/v2\/users\/1"}],"replies":[{"embeddable":true,"href":"http:\/\/delamanodemaria.com\/index.php?rest_route=%2Fwp%2Fv2%2Fcomments&post=5745"}],"version-history":[{"count":1,"href":"http:\/\/delamanodemaria.com\/index.php?rest_route=\/wp\/v2\/posts\/5745\/revisions"}],"predecessor-version":[{"id":5747,"href":"http:\/\/delamanodemaria.com\/index.php?rest_route=\/wp\/v2\/posts\/5745\/revisions\/5747"}],"wp:attachment":[{"href":"http:\/\/delamanodemaria.com\/index.php?rest_route=%2Fwp%2Fv2%2Fmedia&parent=5745"}],"wp:term":[{"taxonomy":"category","embeddable":true,"href":"http:\/\/delamanodemaria.com\/index.php?rest_route=%2Fwp%2Fv2%2Fcategories&post=5745"},{"taxonomy":"post_tag","embeddable":true,"href":"http:\/\/delamanodemaria.com\/index.php?rest_route=%2Fwp%2Fv2%2Ftags&post=5745"}],"curies":[{"name":"wp","href":"https:\/\/api.w.org\/{rel}","templated":true}]}}