{"id":5751,"date":"2015-07-30T21:49:24","date_gmt":"2015-07-31T01:49:24","guid":{"rendered":"http:\/\/delamanodemaria.com\/?p=5751"},"modified":"2015-07-30T21:50:34","modified_gmt":"2015-07-31T01:50:34","slug":"reflexion-para-el-viernes-de-la-decimoseptima-semana-del-t-o-1-memoria-de-san-ignacio-de-loyola-31-07-15","status":"publish","type":"post","link":"http:\/\/delamanodemaria.com\/?p=5751","title":{"rendered":"REFLEXI\u00d3N PARA EL VIERNES DE LA DECIMOS\u00c9PTIMA SEMANA DEL T.O. (1) MEMORIA DE SAN IGNACIO DE LOYOLA 31-07-15"},"content":{"rendered":"<p>&nbsp;<\/p>\n<p><a href=\"http:\/\/delamanodemaria.com\/wp-content\/uploads\/2015\/07\/Ignacio-de-Loyola-600.jpg\"><img decoding=\"async\" loading=\"lazy\" class=\"alignnone size-full wp-image-5753\" src=\"http:\/\/delamanodemaria.com\/wp-content\/uploads\/2015\/07\/Ignacio-de-Loyola-600.jpg\" alt=\"Ignacio de Loyola 600\" width=\"600\" height=\"375\" srcset=\"http:\/\/delamanodemaria.com\/wp-content\/uploads\/2015\/07\/Ignacio-de-Loyola-600.jpg 600w, http:\/\/delamanodemaria.com\/wp-content\/uploads\/2015\/07\/Ignacio-de-Loyola-600-300x188.jpg 300w, http:\/\/delamanodemaria.com\/wp-content\/uploads\/2015\/07\/Ignacio-de-Loyola-600-480x300.jpg 480w\" sizes=\"(max-width: 600px) 100vw, 600px\" \/><\/a><\/p>\n<p>Hoy celebramos la memoria de San Ignacio de Loyola, fundador de la Compa\u00f1\u00eda de Jes\u00fas (mejor conocida como la orden de los Jesuitas), de la cual fue su primer general. Este santo, conocido por sus \u201cEjercicios espirituales\u201d, tuvo una vida llena de aventuras que comenz\u00f3 con una corta carrera militar que fue tronchada al ser gravemente herido en batalla. Ese evento marc\u00f3 el inicio de su largo camino de conversi\u00f3n, que culmin\u00f3 con la fundaci\u00f3n de la Compa\u00f1\u00eda de Jes\u00fas. Les recomiendo visitar el portal de las\u00a0 Siervas de los Corazones Traspasados de Jes\u00fas y Mar\u00eda, en <a href=\"http:\/\/www.corazones.org\/santos\/ignacio_loyola.htm\" target=\"_blank\">http:\/\/www.corazones.org\/santos\/ignacio_loyola.htm<\/a> para una buena biograf\u00eda de este gran santo.<\/p>\n<p>\u201c\u2018S\u00f3lo en su tierra y en su casa desprecian a un profeta\u2019. Y no hizo all\u00ed muchos milagros, porque les faltaba fe\u201d. Con estas palabras termina el pasaje evang\u00e9lico que contemplamos en la liturgia de hoy (Mt 13,54-58).<\/p>\n<p>Esas palabras fueron pronunciadas por Jes\u00fas luego de que los suyos lo increparan por sentirse escandalizados ante sus palabras. \u201cY desconfiaban de \u00c9l\u201d. S\u00ed, esos mismos que unos minutos antes se sent\u00edan \u201cadmirados\u201d ante la sabidur\u00eda de sus palabras. \u00bfQu\u00e9 pudo haber causado ese cambio de actitud tan dram\u00e1tico?<\/p>\n<p>A muchos de nosotros nos pasa lo mismo cuando escuchamos el mensaje de Jes\u00fas. Asistimos a un retiro o una predicaci\u00f3n y se nos hincha el coraz\u00f3n. Nos conmueven las palabras; sentimos \u201calgo\u201d que no podemos expresar de otro modo que no sea con l\u00e1grimas de emoci\u00f3n. \u00a1Que bonito se siente! Estamos enamorados de Jes\u00fas, y comenzamos nuestra \u201cluna de miel\u201d\u2026<\/p>\n<p>Hasta que nos percatamos que esa relaci\u00f3n tan hermosa conlleva negaciones, responsabilidades, sacrificios: \u201cSi alguno quiere venir en pos de m\u00ed, ni\u00e9guese a s\u00ed mismo, tome su cruz y s\u00edgame\u201d (Lc 9, 23). Lo mismo suele ocurrir a muchos en otras relaciones como, por ejemplo, el matrimonio. Luego de ese \u201cenamoramiento\u201d inicial en el que todo luce color de rosa, surgen todos los eventos que no estaban en sus mentes cuando dijeron: \u201cen la prosperidad y en la adversidad, en la salud y en la enfermedad\u2026\u201d, junto a otras obligaciones. Entonces escuchamos frases como: \u201cEs que le perd\u00ed el amor\u201d. El libro del Apocalipsis lo describe as\u00ed: \u201cPero tengo contra ti que has perdido tu amor de antes. Date cuenta pues, de d\u00f3nde has ca\u00eddo,\u2026\u201d (Ap 2,4-5).<\/p>\n<p>No hay duda; el mensaje de Jes\u00fas es impactante, nos sentimos \u201cadmirados\u201d como se sintieron sus compueblanos de Nazaret. Pero cuando profundizamos en las exigencias de su Palabra, al igual que aquellos, nos \u201cescandalizamos\u201d. Queremos las promesas sin las obligaciones. Por eso \u201clos suyos no lo recibieron\u201d (Jn 1,11). Es la naturaleza humana.<\/p>\n<p>Ese es el mayor obst\u00e1culo que enfrentamos a diario los que proclamamos el mensaje de Jes\u00fas entre \u201clos nuestros\u201d; cuando llega la hora de la verdad, la hora \u201cnegarnos a nosotros mismos\u201d, muchos nos miran con desd\u00e9n y comienzan a menospreciarnos, y hasta intentan ridiculizarnos. Esos son los que no tiene fe: \u201cY no hizo all\u00ed muchos milagros, porque les faltaba fe\u201d.<\/p>\n<p>Hoy, pidamos al Se\u00f1or que nos fortalezca el don de la fe para que podamos interiorizar su Palabra y ser testigos de sus milagros y portentos.<\/p>\n<p>Que pasen un hermoso fin de semana, y recuerden visita la Casa del Padre; \u00c9l les espera con los brazos abiertos.<\/p>\n<div style=\"padding-bottom:20px; padding-top:10px;\" class=\"hupso-share-buttons\"><!-- Hupso Share Buttons - https:\/\/www.hupso.com\/share\/ --><a class=\"hupso_toolbar\" href=\"https:\/\/www.hupso.com\/share\/\"><img src=\"http:\/\/static.hupso.com\/share\/buttons\/lang\/es\/share-medium.png\" style=\"border:0px; padding-top: 5px; float:left;\" alt=\"Share Button\"\/><\/a><script type=\"text\/javascript\">var hupso_services_t=new Array(\"Twitter\",\"Facebook\",\"Google Plus\",\"Pinterest\",\"Linkedin\",\"Email\",\"Print\");var hupso_background_t=\"#EAF4FF\";var hupso_border_t=\"#66CCFF\";var hupso_toolbar_size_t=\"medium\";var hupso_image_folder_url = \"\";var hupso_twitter_via=\"hectorops\";var hupso_url_t=\"\";var hupso_title_t=\"REFLEXI%C3%93N%20PARA%20EL%20VIERNES%20DE%20LA%20DECIMOS%C3%89PTIMA%20SEMANA%20DEL%20T.O.%20%281%29%20MEMORIA%20DE%20SAN%20IGNACIO%20DE%20LOYOLA%2031-07-15\";<\/script><script type=\"text\/javascript\" src=\"http:\/\/static.hupso.com\/share\/js\/share_toolbar.js\"><\/script><!-- Hupso Share Buttons --><\/div>","protected":false},"excerpt":{"rendered":"<p>&nbsp; Hoy celebramos la memoria de San Ignacio de Loyola, fundador de la Compa\u00f1\u00eda de Jes\u00fas (mejor conocida como la orden de los Jesuitas), de la cual fue su primer general. Este santo, conocido por sus \u201cEjercicios espirituales\u201d, tuvo una &hellip; <a href=\"http:\/\/delamanodemaria.com\/?p=5751\">Continue reading <span class=\"meta-nav\">&rarr;<\/span><\/a><\/p>\n<div style=\"padding-bottom:20px; padding-top:10px;\" class=\"hupso-share-buttons\"><!-- Hupso Share Buttons - https:\/\/www.hupso.com\/share\/ --><a class=\"hupso_toolbar\" href=\"https:\/\/www.hupso.com\/share\/\"><img src=\"http:\/\/static.hupso.com\/share\/buttons\/lang\/es\/share-medium.png\" style=\"border:0px; padding-top: 5px; float:left;\" alt=\"Share Button\"\/><\/a><script type=\"text\/javascript\">var hupso_services_t=new Array(\"Twitter\",\"Facebook\",\"Google Plus\",\"Pinterest\",\"Linkedin\",\"Email\",\"Print\");var hupso_background_t=\"#EAF4FF\";var hupso_border_t=\"#66CCFF\";var hupso_toolbar_size_t=\"medium\";var hupso_image_folder_url = \"\";var hupso_twitter_via=\"hectorops\";var hupso_url_t=\"\";var hupso_title_t=\"REFLEXI%C3%93N%20PARA%20EL%20VIERNES%20DE%20LA%20DECIMOS%C3%89PTIMA%20SEMANA%20DEL%20T.O.%20%281%29%20MEMORIA%20DE%20SAN%20IGNACIO%20DE%20LOYOLA%2031-07-15\";<\/script><script type=\"text\/javascript\" src=\"http:\/\/static.hupso.com\/share\/js\/share_toolbar.js\"><\/script><!-- Hupso Share Buttons --><\/div>","protected":false},"author":1,"featured_media":0,"comment_status":"open","ping_status":"open","sticky":false,"template":"","format":"standard","meta":{"jetpack_post_was_ever_published":false,"_jetpack_newsletter_access":"","_jetpack_newsletter_tier_id":0,"jetpack_publicize_message":"","jetpack_is_tweetstorm":false,"jetpack_publicize_feature_enabled":true,"jetpack_social_post_already_shared":true,"jetpack_social_options":{"image_generator_settings":{"template":"highway","enabled":false}}},"categories":[1],"tags":[765,22,27,781,202,2,990,144],"jetpack_publicize_connections":[],"jetpack_featured_media_url":"","jetpack_shortlink":"https:\/\/wp.me\/p3bBgS-1uL","jetpack_sharing_enabled":true,"jetpack_likes_enabled":true,"_links":{"self":[{"href":"http:\/\/delamanodemaria.com\/index.php?rest_route=\/wp\/v2\/posts\/5751"}],"collection":[{"href":"http:\/\/delamanodemaria.com\/index.php?rest_route=\/wp\/v2\/posts"}],"about":[{"href":"http:\/\/delamanodemaria.com\/index.php?rest_route=\/wp\/v2\/types\/post"}],"author":[{"embeddable":true,"href":"http:\/\/delamanodemaria.com\/index.php?rest_route=\/wp\/v2\/users\/1"}],"replies":[{"embeddable":true,"href":"http:\/\/delamanodemaria.com\/index.php?rest_route=%2Fwp%2Fv2%2Fcomments&post=5751"}],"version-history":[{"count":2,"href":"http:\/\/delamanodemaria.com\/index.php?rest_route=\/wp\/v2\/posts\/5751\/revisions"}],"predecessor-version":[{"id":5755,"href":"http:\/\/delamanodemaria.com\/index.php?rest_route=\/wp\/v2\/posts\/5751\/revisions\/5755"}],"wp:attachment":[{"href":"http:\/\/delamanodemaria.com\/index.php?rest_route=%2Fwp%2Fv2%2Fmedia&parent=5751"}],"wp:term":[{"taxonomy":"category","embeddable":true,"href":"http:\/\/delamanodemaria.com\/index.php?rest_route=%2Fwp%2Fv2%2Fcategories&post=5751"},{"taxonomy":"post_tag","embeddable":true,"href":"http:\/\/delamanodemaria.com\/index.php?rest_route=%2Fwp%2Fv2%2Ftags&post=5751"}],"curies":[{"name":"wp","href":"https:\/\/api.w.org\/{rel}","templated":true}]}}