{"id":5759,"date":"2015-08-01T22:55:58","date_gmt":"2015-08-02T02:55:58","guid":{"rendered":"http:\/\/delamanodemaria.com\/?p=5759"},"modified":"2015-08-01T22:55:58","modified_gmt":"2015-08-02T02:55:58","slug":"reflexion-para-el-domingo-xviii-del-t-o-b-02-08-15","status":"publish","type":"post","link":"http:\/\/delamanodemaria.com\/?p=5759","title":{"rendered":"REFLEXI\u00d3N PARA EL DOMINGO XVIII DEL T.O. (B) 02-08-15"},"content":{"rendered":"<p><a href=\"http:\/\/delamanodemaria.com\/wp-content\/uploads\/2015\/08\/Jesus-pan-de-vida.gif\"><img decoding=\"async\" loading=\"lazy\" class=\"alignnone size-full wp-image-5761\" src=\"http:\/\/delamanodemaria.com\/wp-content\/uploads\/2015\/08\/Jesus-pan-de-vida.gif\" alt=\"Jesus pan de vida\" width=\"650\" height=\"369\" \/><\/a><\/p>\n<p>La primera lectura de hoy (Ex 16,2-4.12-15) nos sirve de marco de referencia para el evangelio (Jn 6,24-35). Esta lectura nos presenta al pueblo en el desierto, luego de haber sido liberado de la esclavitud en Egipto, \u201cmurmurando\u201d contra Dios por haberlos enviado al desierto para morir de hambre, y a un Dios providente que les env\u00eda codornices y man\u00e1 para saciar su hambre.<\/p>\n<p>No hab\u00edan pasado tres meses desde que Dios los hab\u00eda liberado de las plagas que envi\u00f3 sobre el pueblo egipcio, de haberlos liberado de la esclavitud en Egipto, y de haber separado las aguas del mar Rojo para huir del ej\u00e9rcito del fara\u00f3n, y ya se les hab\u00eda olvidado todo lo que Dios hab\u00eda hecho por ellos. Tan solo pensaban en hartarse de carne y pan.<\/p>\n<p>Las codornices y el man\u00e1 que Dios les provee son alimento material que tiene como prop\u00f3sito satisfacer el hambre corporal. As\u00ed mismo recibieron los jud\u00edos el pan de la multiplicaci\u00f3n que Jes\u00fas les acababa de dar en la multiplicaci\u00f3n de los panes que ley\u00e9ramos el domingo pasado (Jn 6,1-15).<\/p>\n<p>En el evangelio de hoy esas mismas personas siguen a Jes\u00fas hasta el otro lado del mar de Galilea y Jes\u00fas, que ve en lo m\u00e1s profundo de nuestros corazones, sabe que lo han seguido por inter\u00e9s, que no han comprendido el significado del milagro: \u201cOs aseguro que vosotros no me busc\u00e1is porque hay\u00e1is visto las se\u00f1ales milagrosas, sino porque hab\u00e9is comido hasta hartaros. No trabaj\u00e9is por la comida que se acaba, sino por la comida que permanece y os da vida eterna. \u00c9sta es la comida que os dar\u00e1 el Hijo del hombre, porque Dios, el Padre, ha puesto su sello en \u00e9l\u201d.<\/p>\n<p>Ante las preguntas de los que le segu\u00edan, Jes\u00fas les asegura que no fue Mois\u00e9s quien les dio a comer pan en el desierto, sino el Padre, y que ahora el verdadero pan que Dios les da \u201ces aquel que ha bajado del cielo y da vida al mundo\u201d. Se nos est\u00e1 presentando \u00c9l mismo como ese \u00fanico pan capaz de satisfacer el hambre de eternidad, de vida eterna. Por eso se presenta diciendo: \u201cYo soy el pan que da vida. El que viene a m\u00ed, nunca m\u00e1s tendr\u00e1 hambre, y el que en m\u00ed cree, nunca m\u00e1s tendr\u00e1 sed\u201d. Ese \u201cYo soy\u201d que repercute a lo largo del evangelio seg\u00fan san Juan (\u201cYo soy\u2026 la luz del mundo,\u2026 la resurrecci\u00f3n y la vida,\u2026 la puerta,\u2026 el Buen Pastor,\u2026 la vid,\u2026 el camino, la verdad y la vida\u201d.) nos evoca el nombre con que Yahv\u00e9 se present\u00f3 a Mois\u00e9s en la zarza ardiendo (Ex 3,14). De ese modo Jes\u00fas revela su divinidad.<\/p>\n<p>Este pasaje tambi\u00e9n prefigura la Eucarist\u00eda, ese \u201cpan\u201d que no solo satisface el hambre corporal, sino que tambi\u00e9n es el alimento para el alma que nos da las fuerzas para llegar a la Casa del Padre.<\/p>\n<p>Hoy, d\u00eda del Se\u00f1or, tenemos que preguntarnos: \u00bfMe acerco al Se\u00f1or para que \u00c9l satisfaga mis necesidades materiales, o me acerco buscando ese alimento espiritual que da la fortaleza para continuar mi camino a la vida eterna?<\/p>\n<div style=\"padding-bottom:20px; padding-top:10px;\" class=\"hupso-share-buttons\"><!-- Hupso Share Buttons - https:\/\/www.hupso.com\/share\/ --><a class=\"hupso_toolbar\" href=\"https:\/\/www.hupso.com\/share\/\"><img src=\"http:\/\/static.hupso.com\/share\/buttons\/lang\/es\/share-medium.png\" style=\"border:0px; padding-top: 5px; float:left;\" alt=\"Share Button\"\/><\/a><script type=\"text\/javascript\">var hupso_services_t=new Array(\"Twitter\",\"Facebook\",\"Google Plus\",\"Pinterest\",\"Linkedin\",\"Email\",\"Print\");var hupso_background_t=\"#EAF4FF\";var hupso_border_t=\"#66CCFF\";var hupso_toolbar_size_t=\"medium\";var hupso_image_folder_url = \"\";var hupso_twitter_via=\"hectorops\";var hupso_url_t=\"\";var hupso_title_t=\"REFLEXI%C3%93N%20PARA%20EL%20DOMINGO%20XVIII%20DEL%20T.O.%20%28B%29%2002-08-15\";<\/script><script type=\"text\/javascript\" src=\"http:\/\/static.hupso.com\/share\/js\/share_toolbar.js\"><\/script><!-- Hupso Share Buttons --><\/div>","protected":false},"excerpt":{"rendered":"<p>La primera lectura de hoy (Ex 16,2-4.12-15) nos sirve de marco de referencia para el evangelio (Jn 6,24-35). Esta lectura nos presenta al pueblo en el desierto, luego de haber sido liberado de la esclavitud en Egipto, \u201cmurmurando\u201d contra Dios &hellip; <a href=\"http:\/\/delamanodemaria.com\/?p=5759\">Continue reading <span class=\"meta-nav\">&rarr;<\/span><\/a><\/p>\n<div style=\"padding-bottom:20px; padding-top:10px;\" class=\"hupso-share-buttons\"><!-- Hupso Share Buttons - https:\/\/www.hupso.com\/share\/ --><a class=\"hupso_toolbar\" href=\"https:\/\/www.hupso.com\/share\/\"><img src=\"http:\/\/static.hupso.com\/share\/buttons\/lang\/es\/share-medium.png\" style=\"border:0px; padding-top: 5px; float:left;\" alt=\"Share Button\"\/><\/a><script type=\"text\/javascript\">var hupso_services_t=new Array(\"Twitter\",\"Facebook\",\"Google Plus\",\"Pinterest\",\"Linkedin\",\"Email\",\"Print\");var hupso_background_t=\"#EAF4FF\";var hupso_border_t=\"#66CCFF\";var hupso_toolbar_size_t=\"medium\";var hupso_image_folder_url = \"\";var hupso_twitter_via=\"hectorops\";var hupso_url_t=\"\";var hupso_title_t=\"REFLEXI%C3%93N%20PARA%20EL%20DOMINGO%20XVIII%20DEL%20T.O.%20%28B%29%2002-08-15\";<\/script><script type=\"text\/javascript\" src=\"http:\/\/static.hupso.com\/share\/js\/share_toolbar.js\"><\/script><!-- Hupso Share Buttons --><\/div>","protected":false},"author":1,"featured_media":0,"comment_status":"open","ping_status":"open","sticky":false,"template":"","format":"standard","meta":{"jetpack_post_was_ever_published":false,"_jetpack_newsletter_access":"","_jetpack_newsletter_tier_id":0,"jetpack_publicize_message":"","jetpack_is_tweetstorm":false,"jetpack_publicize_feature_enabled":true,"jetpack_social_post_already_shared":true,"jetpack_social_options":{"image_generator_settings":{"template":"highway","enabled":false}}},"categories":[1],"tags":[607,724,968,995,45,229,249,90,164,834,994,99,2,506,536],"jetpack_publicize_connections":[],"jetpack_featured_media_url":"","jetpack_shortlink":"https:\/\/wp.me\/p3bBgS-1uT","jetpack_sharing_enabled":true,"jetpack_likes_enabled":true,"_links":{"self":[{"href":"http:\/\/delamanodemaria.com\/index.php?rest_route=\/wp\/v2\/posts\/5759"}],"collection":[{"href":"http:\/\/delamanodemaria.com\/index.php?rest_route=\/wp\/v2\/posts"}],"about":[{"href":"http:\/\/delamanodemaria.com\/index.php?rest_route=\/wp\/v2\/types\/post"}],"author":[{"embeddable":true,"href":"http:\/\/delamanodemaria.com\/index.php?rest_route=\/wp\/v2\/users\/1"}],"replies":[{"embeddable":true,"href":"http:\/\/delamanodemaria.com\/index.php?rest_route=%2Fwp%2Fv2%2Fcomments&post=5759"}],"version-history":[{"count":2,"href":"http:\/\/delamanodemaria.com\/index.php?rest_route=\/wp\/v2\/posts\/5759\/revisions"}],"predecessor-version":[{"id":5762,"href":"http:\/\/delamanodemaria.com\/index.php?rest_route=\/wp\/v2\/posts\/5759\/revisions\/5762"}],"wp:attachment":[{"href":"http:\/\/delamanodemaria.com\/index.php?rest_route=%2Fwp%2Fv2%2Fmedia&parent=5759"}],"wp:term":[{"taxonomy":"category","embeddable":true,"href":"http:\/\/delamanodemaria.com\/index.php?rest_route=%2Fwp%2Fv2%2Fcategories&post=5759"},{"taxonomy":"post_tag","embeddable":true,"href":"http:\/\/delamanodemaria.com\/index.php?rest_route=%2Fwp%2Fv2%2Ftags&post=5759"}],"curies":[{"name":"wp","href":"https:\/\/api.w.org\/{rel}","templated":true}]}}