{"id":5763,"date":"2015-08-01T23:29:05","date_gmt":"2015-08-02T03:29:05","guid":{"rendered":"http:\/\/delamanodemaria.com\/?p=5763"},"modified":"2015-08-01T23:29:05","modified_gmt":"2015-08-02T03:29:05","slug":"confirman-que-por-deseo-del-papa-cuerpo-del-padre-pio-estara-en-vaticano-durante-jubileo","status":"publish","type":"post","link":"http:\/\/delamanodemaria.com\/?p=5763","title":{"rendered":"Confirman que por deseo del Papa cuerpo del Padre P\u00edo estar\u00e1 en Vaticano durante Jubileo"},"content":{"rendered":"<p><a href=\"http:\/\/delamanodemaria.com\/wp-content\/uploads\/2015\/08\/padre-pio.jpg\"><img decoding=\"async\" loading=\"lazy\" class=\"alignnone size-full wp-image-5764\" src=\"http:\/\/delamanodemaria.com\/wp-content\/uploads\/2015\/08\/padre-pio.jpg\" alt=\"padre-pio\" width=\"591\" height=\"887\" srcset=\"http:\/\/delamanodemaria.com\/wp-content\/uploads\/2015\/08\/padre-pio.jpg 591w, http:\/\/delamanodemaria.com\/wp-content\/uploads\/2015\/08\/padre-pio-200x300.jpg 200w\" sizes=\"(max-width: 591px) 100vw, 591px\" \/><\/a><\/p>\n<p>VATICANO, 17 Jul. 15 \/ 03:28 am (<b>ACI<\/b>).- El cuerpo incorrupto de San P\u00edo de Pietrelcina, el santo capuchino de los estigmas, ser\u00e1 expuesto para ser venerado por los fieles en la Bas\u00edlica de San Pedro del 8 al 14 de febrero de 2016, en el marco del Jubileo de la Misericordia y por deseo del Papa Francisco, inform\u00f3 el Convento Santuario de San P\u00edo de Pietrelcina.<\/p>\n<p>En una nota difundida en su sitio web, el Convento inform\u00f3 que el Presidente del Pontificio Consejo para la Promoci\u00f3n de la Nueva Evangelizaci\u00f3n, Mons. Rino Fisichella, envi\u00f3 una carta al Arzobispo de Manfredonia-Vieste-San Giovanni Rotondo (Italia), Mons. Michele Castoro, para transmitir el deseo del Pont\u00edfice.<\/p>\n<p>\u201cEl Santo Padre expres\u00f3 el vivo deseo de que los restos de San P\u00edo de Pietrelcina sean expuestos en la Bas\u00edlica de San Pedro el &#8230; [<a href=\"https:\/\/www.aciprensa.com\/noticias\/por-deseo-del-papa-francisco-cuerpo-del-padre-pio-estara-en-el-vaticano-durante-jubileo-12665\/?utm_content=buffer6088d&amp;utm_medium=social&amp;utm_source=facebook.com&amp;utm_campaign=buffer\" target=\"_blank\">continuar leyendo<\/a>]<\/p>\n<p>Tomado de: <a href=\"https:\/\/www.aciprensa.com\/noticias\/por-deseo-del-papa-francisco-cuerpo-del-padre-pio-estara-en-el-vaticano-durante-jubileo-12665\/?utm_content=buffer6088d&amp;utm_medium=social&amp;utm_source=facebook.com&amp;utm_campaign=buffer\" target=\"_blank\">https:\/\/www.aciprensa.com\/noticias\/por-deseo-del-papa-francisco-cuerpo-del-padre-pio-estara-en-el-vaticano-durante-jubileo-12665\/?utm_content=buffer6088d&amp;utm_medium=social&amp;utm_source=facebook.com&amp;utm_campaign=buffer<\/a><\/p>\n<div style=\"padding-bottom:20px; padding-top:10px;\" class=\"hupso-share-buttons\"><!-- Hupso Share Buttons - https:\/\/www.hupso.com\/share\/ --><a class=\"hupso_toolbar\" href=\"https:\/\/www.hupso.com\/share\/\"><img src=\"http:\/\/static.hupso.com\/share\/buttons\/lang\/es\/share-medium.png\" style=\"border:0px; padding-top: 5px; float:left;\" alt=\"Share Button\"\/><\/a><script type=\"text\/javascript\">var hupso_services_t=new Array(\"Twitter\",\"Facebook\",\"Google Plus\",\"Pinterest\",\"Linkedin\",\"Email\",\"Print\");var hupso_background_t=\"#EAF4FF\";var hupso_border_t=\"#66CCFF\";var hupso_toolbar_size_t=\"medium\";var hupso_image_folder_url = \"\";var hupso_twitter_via=\"hectorops\";var hupso_url_t=\"\";var hupso_title_t=\"Confirman%20que%20por%20deseo%20del%20Papa%20cuerpo%20del%20Padre%20P%C3%ADo%20estar%C3%A1%20en%20Vaticano%20durante%20Jubileo\";<\/script><script type=\"text\/javascript\" src=\"http:\/\/static.hupso.com\/share\/js\/share_toolbar.js\"><\/script><!-- Hupso Share Buttons --><\/div>","protected":false},"excerpt":{"rendered":"<p>VATICANO, 17 Jul. 15 \/ 03:28 am (ACI).- El cuerpo incorrupto de San P\u00edo de Pietrelcina, el santo capuchino de los estigmas, ser\u00e1 expuesto para ser venerado por los fieles en la Bas\u00edlica de San Pedro del 8 al 14 &hellip; <a href=\"http:\/\/delamanodemaria.com\/?p=5763\">Continue reading <span class=\"meta-nav\">&rarr;<\/span><\/a><\/p>\n<div style=\"padding-bottom:20px; padding-top:10px;\" class=\"hupso-share-buttons\"><!-- Hupso Share Buttons - https:\/\/www.hupso.com\/share\/ --><a class=\"hupso_toolbar\" href=\"https:\/\/www.hupso.com\/share\/\"><img src=\"http:\/\/static.hupso.com\/share\/buttons\/lang\/es\/share-medium.png\" style=\"border:0px; padding-top: 5px; float:left;\" alt=\"Share Button\"\/><\/a><script type=\"text\/javascript\">var hupso_services_t=new Array(\"Twitter\",\"Facebook\",\"Google Plus\",\"Pinterest\",\"Linkedin\",\"Email\",\"Print\");var hupso_background_t=\"#EAF4FF\";var hupso_border_t=\"#66CCFF\";var hupso_toolbar_size_t=\"medium\";var hupso_image_folder_url = \"\";var hupso_twitter_via=\"hectorops\";var hupso_url_t=\"\";var hupso_title_t=\"Confirman%20que%20por%20deseo%20del%20Papa%20cuerpo%20del%20Padre%20P%C3%ADo%20estar%C3%A1%20en%20Vaticano%20durante%20Jubileo\";<\/script><script type=\"text\/javascript\" src=\"http:\/\/static.hupso.com\/share\/js\/share_toolbar.js\"><\/script><!-- Hupso Share Buttons --><\/div>","protected":false},"author":1,"featured_media":0,"comment_status":"open","ping_status":"open","sticky":false,"template":"","format":"standard","meta":{"jetpack_post_was_ever_published":false,"_jetpack_newsletter_access":"","_jetpack_newsletter_tier_id":0,"jetpack_publicize_message":"","jetpack_is_tweetstorm":false,"jetpack_publicize_feature_enabled":true,"jetpack_social_post_already_shared":true,"jetpack_social_options":{"image_generator_settings":{"template":"highway","enabled":false}}},"categories":[1],"tags":[6,996,20],"jetpack_publicize_connections":[],"jetpack_featured_media_url":"","jetpack_shortlink":"https:\/\/wp.me\/p3bBgS-1uX","jetpack_sharing_enabled":true,"jetpack_likes_enabled":true,"_links":{"self":[{"href":"http:\/\/delamanodemaria.com\/index.php?rest_route=\/wp\/v2\/posts\/5763"}],"collection":[{"href":"http:\/\/delamanodemaria.com\/index.php?rest_route=\/wp\/v2\/posts"}],"about":[{"href":"http:\/\/delamanodemaria.com\/index.php?rest_route=\/wp\/v2\/types\/post"}],"author":[{"embeddable":true,"href":"http:\/\/delamanodemaria.com\/index.php?rest_route=\/wp\/v2\/users\/1"}],"replies":[{"embeddable":true,"href":"http:\/\/delamanodemaria.com\/index.php?rest_route=%2Fwp%2Fv2%2Fcomments&post=5763"}],"version-history":[{"count":1,"href":"http:\/\/delamanodemaria.com\/index.php?rest_route=\/wp\/v2\/posts\/5763\/revisions"}],"predecessor-version":[{"id":5765,"href":"http:\/\/delamanodemaria.com\/index.php?rest_route=\/wp\/v2\/posts\/5763\/revisions\/5765"}],"wp:attachment":[{"href":"http:\/\/delamanodemaria.com\/index.php?rest_route=%2Fwp%2Fv2%2Fmedia&parent=5763"}],"wp:term":[{"taxonomy":"category","embeddable":true,"href":"http:\/\/delamanodemaria.com\/index.php?rest_route=%2Fwp%2Fv2%2Fcategories&post=5763"},{"taxonomy":"post_tag","embeddable":true,"href":"http:\/\/delamanodemaria.com\/index.php?rest_route=%2Fwp%2Fv2%2Ftags&post=5763"}],"curies":[{"name":"wp","href":"https:\/\/api.w.org\/{rel}","templated":true}]}}