{"id":5768,"date":"2015-08-02T20:46:17","date_gmt":"2015-08-03T00:46:17","guid":{"rendered":"http:\/\/delamanodemaria.com\/?p=5768"},"modified":"2015-08-02T20:46:17","modified_gmt":"2015-08-03T00:46:17","slug":"reflexion-para-el-lunes-de-la-decimoctava-semana-del-t-o-1-03-08-15","status":"publish","type":"post","link":"http:\/\/delamanodemaria.com\/?p=5768","title":{"rendered":"REFLEXI\u00d3N PARA EL LUNES DE LA DECIMOCTAVA SEMANA DEL T.O. (1) 03-08-15"},"content":{"rendered":"<p><a href=\"http:\/\/delamanodemaria.com\/wp-content\/uploads\/2015\/08\/Multiplicaci\u00f3n-de-los-panes.jpg\"><img decoding=\"async\" loading=\"lazy\" class=\"alignnone size-full wp-image-5769\" src=\"http:\/\/delamanodemaria.com\/wp-content\/uploads\/2015\/08\/Multiplicaci\u00f3n-de-los-panes.jpg\" alt=\"Multiplicaci\u00f3n de los panes\" width=\"736\" height=\"314\" srcset=\"http:\/\/delamanodemaria.com\/wp-content\/uploads\/2015\/08\/Multiplicaci\u00f3n-de-los-panes.jpg 736w, http:\/\/delamanodemaria.com\/wp-content\/uploads\/2015\/08\/Multiplicaci\u00f3n-de-los-panes-300x128.jpg 300w, http:\/\/delamanodemaria.com\/wp-content\/uploads\/2015\/08\/Multiplicaci\u00f3n-de-los-panes-500x213.jpg 500w\" sizes=\"(max-width: 736px) 100vw, 736px\" \/><\/a><\/p>\n<p>La primera lectura que nos propone la liturgia para este lunes de la decimoctava semana del tiempo ordinario (N\u00fam 11,4b-15), contin\u00faa present\u00e1ndonos la peregrinaci\u00f3n del pueblo de Israel a trav\u00e9s del desierto hacia la tierra prometida. En este pasaje encontramos al pueblo quej\u00e1ndose de que estaban cansados de comer el man\u00e1, y a\u00f1orando a carne y otros alimentos que com\u00edan mientras eran esclavos en Egipto. Aqu\u00e9l alimento que ca\u00eda del cielo no les saciaba el hambre. Mois\u00e9s se disgust\u00f3 con el pueblo, y desesperado clam\u00f3 al Se\u00f1or: \u201cYo solo no puedo cargar con todo este pueblo, pues supera mis fuerzas. Si me vas a tratar as\u00ed, m\u00e1s vale que me hagas morir; conc\u00e9deme este favor, y no tendr\u00e9 que pasar tales penas\u201d.<\/p>\n<p>La lectura evang\u00e9lica de hoy (Mt 14,13-21), nos presenta el pasaje de la \u201cprimera multiplicaci\u00f3n de los panes\u201d (el pasado domingo XVII (B) le\u00edmos la versi\u00f3n de Juan de este episodio &#8211; <a href=\"http:\/\/delamanodemaria.com\/?p=5721\" target=\"_blank\">los referimos a nuestra reflexi\u00f3n para ese d\u00eda<\/a>). Un milagro producto de la gratuidad, del amor. Nos dice la Escritura que al enterarse Jes\u00fas de la muerte de Juan el Bautista, se retir\u00f3 a un lugar tranquilo y apartado, como sol\u00eda hacer cuando quer\u00eda hablar con el Padre (orar).<\/p>\n<p>Esa multitud an\u00f3nima que le segu\u00eda se enter\u00f3 y acudieron a \u00c9l. Al ver el gent\u00edo, a Jes\u00fas \u201cle dio l\u00e1stima\u201d. La versi\u00f3n de Marcos nos dice que Jes\u00fas sinti\u00f3 l\u00e1stima de la multitud porque andaban \u201ccomo ovejas sin pastor\u201d (Mc 6,34) y se sent\u00f3 a ense\u00f1arles muchas cosas. Mateo nos a\u00f1ade que cur\u00f3 a los enfermos; el prototipo del Buen Pastor que cuida de sus ovejas (<em>Cfr<\/em>. Jn 10).<\/p>\n<p>Lo cierto es que al caer la tarde los disc\u00edpulos le sugirieron a Jes\u00fas que despidiera la gente para que cada cual resolviera sus necesidades de alimento. La reacci\u00f3n de Jes\u00fas no se hizo esperar: \u201cDadles vosotros de comer\u201d.<\/p>\n<p>Mand\u00f3 que le trajeran los cinco panes y dos peces que ten\u00edan e hizo que la gente se sentara en la yerba. Entonces, \u201ctomando los cinco panes y los dos peces, alz\u00f3 la mirada al cielo, pronunci\u00f3 la bendici\u00f3n, parti\u00f3 los panes y se los dio a los disc\u00edpulos; los disc\u00edpulos se los dieron a la gente\u201d.<\/p>\n<p>Como siempre, Jes\u00fas, con sus gestos, nos est\u00e1 mostrando el camino a seguir. No se limit\u00f3 a compadecerse, sentir l\u00e1stima. Pas\u00f3 de compadecerse a compartir. Comparti\u00f3 todo lo que ten\u00eda: su Palabra, su Persona, y su Pan. Y en ese compartir todo se multiplic\u00f3. Ese milagro lo vemos a diario en los que practican la verdadera caridad; no dar lo que sobra, sino lo que tenemos; mucho o poco.<\/p>\n<p>Vemos tambi\u00e9n en esta per\u00edcopa evang\u00e9lica una prefiguraci\u00f3n de la celebraci\u00f3n Eucar\u00edstica, en la cual nos alimentamos primero con la Palabra de Dios para luego participar del Banquete Eucar\u00edstico. Es lo que la Iglesia, sucesora de los ap\u00f3stoles sigue haciendo hoy. Y todo producto del Amor de Dios, que quiso permanecer con nosotros bajo las especies eucar\u00edsticas.<\/p>\n<p>La Eucarist\u00eda, el verdadero pan, el \u00fanico capaz de saciar nuestra hambre de Dios, el que nos alimenta para la vida eterna. \u201cSus padres, en el desierto, comieron el man\u00e1 y murieron. Pero este es el pan que desciende del cielo, para que aquel que lo coma no muera\u201d (Jn 6,49-50).<\/p>\n<p>Hoy, pidamos al Se\u00f1or por los ministros de Su Iglesia, para contin\u00faen pastoreando Su reba\u00f1o, y aliment\u00e1ndolos con el Pan de Su Palabra y el Pan de la Eucarist\u00eda.<\/p>\n<div style=\"padding-bottom:20px; padding-top:10px;\" class=\"hupso-share-buttons\"><!-- Hupso Share Buttons - https:\/\/www.hupso.com\/share\/ --><a class=\"hupso_toolbar\" href=\"https:\/\/www.hupso.com\/share\/\"><img src=\"http:\/\/static.hupso.com\/share\/buttons\/lang\/es\/share-medium.png\" style=\"border:0px; padding-top: 5px; float:left;\" alt=\"Share Button\"\/><\/a><script type=\"text\/javascript\">var hupso_services_t=new Array(\"Twitter\",\"Facebook\",\"Google Plus\",\"Pinterest\",\"Linkedin\",\"Email\",\"Print\");var hupso_background_t=\"#EAF4FF\";var hupso_border_t=\"#66CCFF\";var hupso_toolbar_size_t=\"medium\";var hupso_image_folder_url = \"\";var hupso_twitter_via=\"hectorops\";var hupso_url_t=\"\";var hupso_title_t=\"REFLEXI%C3%93N%20PARA%20EL%20LUNES%20DE%20LA%20DECIMOCTAVA%20SEMANA%20DEL%20T.O.%20%281%29%2003-08-15\";<\/script><script type=\"text\/javascript\" src=\"http:\/\/static.hupso.com\/share\/js\/share_toolbar.js\"><\/script><!-- Hupso Share Buttons --><\/div>","protected":false},"excerpt":{"rendered":"<p>La primera lectura que nos propone la liturgia para este lunes de la decimoctava semana del tiempo ordinario (N\u00fam 11,4b-15), contin\u00faa present\u00e1ndonos la peregrinaci\u00f3n del pueblo de Israel a trav\u00e9s del desierto hacia la tierra prometida. En este pasaje encontramos &hellip; <a href=\"http:\/\/delamanodemaria.com\/?p=5768\">Continue reading <span class=\"meta-nav\">&rarr;<\/span><\/a><\/p>\n<div style=\"padding-bottom:20px; padding-top:10px;\" class=\"hupso-share-buttons\"><!-- Hupso Share Buttons - https:\/\/www.hupso.com\/share\/ --><a class=\"hupso_toolbar\" href=\"https:\/\/www.hupso.com\/share\/\"><img src=\"http:\/\/static.hupso.com\/share\/buttons\/lang\/es\/share-medium.png\" style=\"border:0px; padding-top: 5px; float:left;\" alt=\"Share Button\"\/><\/a><script type=\"text\/javascript\">var hupso_services_t=new Array(\"Twitter\",\"Facebook\",\"Google Plus\",\"Pinterest\",\"Linkedin\",\"Email\",\"Print\");var hupso_background_t=\"#EAF4FF\";var hupso_border_t=\"#66CCFF\";var hupso_toolbar_size_t=\"medium\";var hupso_image_folder_url = \"\";var hupso_twitter_via=\"hectorops\";var hupso_url_t=\"\";var hupso_title_t=\"REFLEXI%C3%93N%20PARA%20EL%20LUNES%20DE%20LA%20DECIMOCTAVA%20SEMANA%20DEL%20T.O.%20%281%29%2003-08-15\";<\/script><script type=\"text\/javascript\" src=\"http:\/\/static.hupso.com\/share\/js\/share_toolbar.js\"><\/script><!-- Hupso Share Buttons --><\/div>","protected":false},"author":1,"featured_media":0,"comment_status":"open","ping_status":"open","sticky":false,"template":"","format":"standard","meta":{"jetpack_post_was_ever_published":false,"_jetpack_newsletter_access":"","_jetpack_newsletter_tier_id":0,"jetpack_publicize_message":"","jetpack_is_tweetstorm":false,"jetpack_publicize_feature_enabled":true,"jetpack_social_post_already_shared":true,"jetpack_social_options":{"image_generator_settings":{"template":"highway","enabled":false}}},"categories":[1],"tags":[765,770,106,481,45,96,249,90,164,998,829,2,997],"jetpack_publicize_connections":[],"jetpack_featured_media_url":"","jetpack_shortlink":"https:\/\/wp.me\/p3bBgS-1v2","jetpack_sharing_enabled":true,"jetpack_likes_enabled":true,"_links":{"self":[{"href":"http:\/\/delamanodemaria.com\/index.php?rest_route=\/wp\/v2\/posts\/5768"}],"collection":[{"href":"http:\/\/delamanodemaria.com\/index.php?rest_route=\/wp\/v2\/posts"}],"about":[{"href":"http:\/\/delamanodemaria.com\/index.php?rest_route=\/wp\/v2\/types\/post"}],"author":[{"embeddable":true,"href":"http:\/\/delamanodemaria.com\/index.php?rest_route=\/wp\/v2\/users\/1"}],"replies":[{"embeddable":true,"href":"http:\/\/delamanodemaria.com\/index.php?rest_route=%2Fwp%2Fv2%2Fcomments&post=5768"}],"version-history":[{"count":2,"href":"http:\/\/delamanodemaria.com\/index.php?rest_route=\/wp\/v2\/posts\/5768\/revisions"}],"predecessor-version":[{"id":5771,"href":"http:\/\/delamanodemaria.com\/index.php?rest_route=\/wp\/v2\/posts\/5768\/revisions\/5771"}],"wp:attachment":[{"href":"http:\/\/delamanodemaria.com\/index.php?rest_route=%2Fwp%2Fv2%2Fmedia&parent=5768"}],"wp:term":[{"taxonomy":"category","embeddable":true,"href":"http:\/\/delamanodemaria.com\/index.php?rest_route=%2Fwp%2Fv2%2Fcategories&post=5768"},{"taxonomy":"post_tag","embeddable":true,"href":"http:\/\/delamanodemaria.com\/index.php?rest_route=%2Fwp%2Fv2%2Ftags&post=5768"}],"curies":[{"name":"wp","href":"https:\/\/api.w.org\/{rel}","templated":true}]}}