{"id":5868,"date":"2015-08-24T19:28:50","date_gmt":"2015-08-24T23:28:50","guid":{"rendered":"http:\/\/delamanodemaria.com\/?p=5868"},"modified":"2018-08-27T14:26:04","modified_gmt":"2018-08-27T18:26:04","slug":"reflexion-para-el-martes-de-la-decimo-primera-semana-del-t-o-1-25-08-15","status":"publish","type":"post","link":"http:\/\/delamanodemaria.com\/?p=5868","title":{"rendered":"REFLEXI\u00d3N PARA EL MARTES DE LA VIG\u00c9SIMO PRIMERA SEMANA DEL T.O. (1) 25-08-15"},"content":{"rendered":"<p><a href=\"http:\/\/delamanodemaria.com\/wp-content\/uploads\/2015\/08\/Ay-de-vosotros-escribas.jpg\"><img decoding=\"async\" loading=\"lazy\" class=\"alignnone size-full wp-image-5870\" src=\"http:\/\/delamanodemaria.com\/wp-content\/uploads\/2015\/08\/Ay-de-vosotros-escribas.jpg\" alt=\"Ay de vosotros, escribas\" width=\"600\" height=\"423\" srcset=\"http:\/\/delamanodemaria.com\/wp-content\/uploads\/2015\/08\/Ay-de-vosotros-escribas.jpg 600w, http:\/\/delamanodemaria.com\/wp-content\/uploads\/2015\/08\/Ay-de-vosotros-escribas-300x212.jpg 300w, http:\/\/delamanodemaria.com\/wp-content\/uploads\/2015\/08\/Ay-de-vosotros-escribas-426x300.jpg 426w\" sizes=\"(max-width: 600px) 100vw, 600px\" \/><\/a><\/p>\n<p>El evangelio que leemos en la liturgia de hoy (Mt 23,23-26) es una continuaci\u00f3n del de ayer, que forma parte del discurso contra la actitud de los escribas y fariseos que Mateo pone en boca de Jes\u00fas en el cap\u00edtulo 23 de su relato evang\u00e9lico. Cada una de las cr\u00edticas va precedida de un \u201c\u00a1Ay!\u201d, que es una traducci\u00f3n bastante libre de la palabra griega en el original <em>Quai<\/em>, a falta de una palabra equivalente en espa\u00f1ol. Pero la palabra original lo que expresa, m\u00e1s que una maldici\u00f3n, es dolor, indignaci\u00f3n.<\/p>\n<p>Tanto el evangelio de ayer (Mt 23,13-22) como el de hoy, tienen una l\u00ednea de pensamiento subyacente: Jes\u00fas desprecia con vehemencia la hipocres\u00eda de los fariseos. Personas que se quedan en los ritos externos y en el \u201ccumplimiento\u201d (palabra compuesta por otras dos: \u201ccumplo\u201d y \u201cmiento\u201d) de unos preceptos creados por ellos mismos para su propio beneficio, mientras \u201cdescuidan lo m\u00e1s grave de la ley: el derecho, la compasi\u00f3n y la sinceridad\u201d. F\u00edjense que Jes\u00fas no condena los ritos ni la observancia de la ley (<em>Cfr<\/em>. Mt 5,18), lo que condena es el quedarse en los ritos y observancia externos sin que estos reflejen una actitud interior conforme a lo que se practica: \u201cEsto es lo que habr\u00eda que practicar, aunque sin descuidar aquello\u201d.<\/p>\n<p>A diario vemos los \u201cfariseos\u201d de nuestro tiempo, esas personas que gustan de ocupar los primeros puestos en todas las actividades y celebraciones lit\u00fargicas de la Iglesia, en la oraci\u00f3n comunitaria, en las lecturas de la celebraci\u00f3n eucar\u00edstica, en los sacramentos; pero su vida personal, su conducta \u201cfuera del templo\u201d, no guarda relaci\u00f3n alguna con esa \u201creligiosidad\u201d demostrada en el Templo. Son meros actores interpretando un \u201cpapel\u201d para \u201clas gradas\u201d. Esa es la actitud que Jes\u00fas condena cuando dice: \u201c\u00a1Ay de vosotros, escribas y fariseos hip\u00f3critas, que limpi\u00e1is por fuera la copa y el plato, mientras por dentro est\u00e1is rebosando de robo y desenfreno!\u201d Es lo que el campesino puertorrique\u00f1o compara con la hoja del yagrumo, que cuando usted la ve de un lado tiene un color, pero cuando la vira del otro lado, tiene un color diferente.<\/p>\n<p>Son pocas las veces que vemos a Jes\u00fas verdaderamente molesto, indignado. Aunque el evangelio no describe la actitud de Jes\u00fas cuando pronuncia las palabras que leemos en el evangelio de hoy, no resulta dif\u00edcil imaginarse hasta el tono de voz que utiliz\u00f3; el de una persona bien molesta, indignada, como cuando ech\u00f3 a los mercaderes del Templo (Jn 2,13-25).<\/p>\n<p>Jes\u00fas nos est\u00e1 diciendo que el verdadero cristiano es una persona \u201cgenuina\u201d, sin dobleces, transparente, que practica lo que predica. Nos est\u00e1 diciendo que, aunque no debemos menospreciar los ritos externos (la purificaci\u00f3n exterior de \u201cla copa y el plato\u201d), estos tienen menos importancia que la pureza interior. Cuando lleguemos a ese d\u00eda que nos espera a todos en que tengamos que enfrentarnos a nuestra vida, no se nos preguntar\u00e1 cu\u00e1ntas veces acudimos al templo, ni cu\u00e1ntas veces participamos en los ritos religiosos, ni cu\u00e1nto diezmamos; se nos preguntar\u00e1 cu\u00e1nto amamos. Como dijo san Juan de la Cruz: \u201cA la tarde de la vida te examinar\u00e1n en el amor\u201d.<\/p>\n<div style=\"padding-bottom:20px; padding-top:10px;\" class=\"hupso-share-buttons\"><!-- Hupso Share Buttons - https:\/\/www.hupso.com\/share\/ --><a class=\"hupso_toolbar\" href=\"https:\/\/www.hupso.com\/share\/\"><img src=\"http:\/\/static.hupso.com\/share\/buttons\/lang\/es\/share-medium.png\" style=\"border:0px; padding-top: 5px; float:left;\" alt=\"Share Button\"\/><\/a><script type=\"text\/javascript\">var hupso_services_t=new Array(\"Twitter\",\"Facebook\",\"Google Plus\",\"Pinterest\",\"Linkedin\",\"Email\",\"Print\");var hupso_background_t=\"#EAF4FF\";var hupso_border_t=\"#66CCFF\";var hupso_toolbar_size_t=\"medium\";var hupso_image_folder_url = \"\";var hupso_twitter_via=\"hectorops\";var hupso_url_t=\"\";var hupso_title_t=\"REFLEXI%C3%93N%20PARA%20EL%20MARTES%20DE%20LA%20VIG%C3%89SIMO%20PRIMERA%20SEMANA%20DEL%20T.O.%20%281%29%2025-08-15\";<\/script><script type=\"text\/javascript\" src=\"http:\/\/static.hupso.com\/share\/js\/share_toolbar.js\"><\/script><!-- Hupso Share Buttons --><\/div>","protected":false},"excerpt":{"rendered":"<p>El evangelio que leemos en la liturgia de hoy (Mt 23,23-26) es una continuaci\u00f3n del de ayer, que forma parte del discurso contra la actitud de los escribas y fariseos que Mateo pone en boca de Jes\u00fas en el cap\u00edtulo &hellip; <a href=\"http:\/\/delamanodemaria.com\/?p=5868\">Continue reading <span class=\"meta-nav\">&rarr;<\/span><\/a><\/p>\n<div style=\"padding-bottom:20px; padding-top:10px;\" class=\"hupso-share-buttons\"><!-- Hupso Share Buttons - https:\/\/www.hupso.com\/share\/ --><a class=\"hupso_toolbar\" href=\"https:\/\/www.hupso.com\/share\/\"><img src=\"http:\/\/static.hupso.com\/share\/buttons\/lang\/es\/share-medium.png\" style=\"border:0px; padding-top: 5px; float:left;\" alt=\"Share Button\"\/><\/a><script type=\"text\/javascript\">var hupso_services_t=new Array(\"Twitter\",\"Facebook\",\"Google Plus\",\"Pinterest\",\"Linkedin\",\"Email\",\"Print\");var hupso_background_t=\"#EAF4FF\";var hupso_border_t=\"#66CCFF\";var hupso_toolbar_size_t=\"medium\";var hupso_image_folder_url = \"\";var hupso_twitter_via=\"hectorops\";var hupso_url_t=\"\";var hupso_title_t=\"REFLEXI%C3%93N%20PARA%20EL%20MARTES%20DE%20LA%20VIG%C3%89SIMO%20PRIMERA%20SEMANA%20DEL%20T.O.%20%281%29%2025-08-15\";<\/script><script type=\"text\/javascript\" src=\"http:\/\/static.hupso.com\/share\/js\/share_toolbar.js\"><\/script><!-- Hupso Share Buttons --><\/div>","protected":false},"author":1,"featured_media":0,"comment_status":"open","ping_status":"open","sticky":false,"template":"","format":"standard","meta":{"jetpack_post_was_ever_published":false,"_jetpack_newsletter_access":"","_jetpack_newsletter_tier_id":0,"jetpack_publicize_message":"","jetpack_is_tweetstorm":false,"jetpack_publicize_feature_enabled":true,"jetpack_social_post_already_shared":true,"jetpack_social_options":{"image_generator_settings":{"template":"highway","enabled":false}}},"categories":[1],"tags":[30,765,626,278,772,502,938,189,428,771,2,1037],"jetpack_publicize_connections":[],"jetpack_featured_media_url":"","jetpack_shortlink":"https:\/\/wp.me\/p3bBgS-1wE","jetpack_sharing_enabled":true,"jetpack_likes_enabled":true,"_links":{"self":[{"href":"http:\/\/delamanodemaria.com\/index.php?rest_route=\/wp\/v2\/posts\/5868"}],"collection":[{"href":"http:\/\/delamanodemaria.com\/index.php?rest_route=\/wp\/v2\/posts"}],"about":[{"href":"http:\/\/delamanodemaria.com\/index.php?rest_route=\/wp\/v2\/types\/post"}],"author":[{"embeddable":true,"href":"http:\/\/delamanodemaria.com\/index.php?rest_route=\/wp\/v2\/users\/1"}],"replies":[{"embeddable":true,"href":"http:\/\/delamanodemaria.com\/index.php?rest_route=%2Fwp%2Fv2%2Fcomments&post=5868"}],"version-history":[{"count":5,"href":"http:\/\/delamanodemaria.com\/index.php?rest_route=\/wp\/v2\/posts\/5868\/revisions"}],"predecessor-version":[{"id":10338,"href":"http:\/\/delamanodemaria.com\/index.php?rest_route=\/wp\/v2\/posts\/5868\/revisions\/10338"}],"wp:attachment":[{"href":"http:\/\/delamanodemaria.com\/index.php?rest_route=%2Fwp%2Fv2%2Fmedia&parent=5868"}],"wp:term":[{"taxonomy":"category","embeddable":true,"href":"http:\/\/delamanodemaria.com\/index.php?rest_route=%2Fwp%2Fv2%2Fcategories&post=5868"},{"taxonomy":"post_tag","embeddable":true,"href":"http:\/\/delamanodemaria.com\/index.php?rest_route=%2Fwp%2Fv2%2Ftags&post=5868"}],"curies":[{"name":"wp","href":"https:\/\/api.w.org\/{rel}","templated":true}]}}