{"id":6016,"date":"2015-09-20T21:32:30","date_gmt":"2015-09-21T01:32:30","guid":{"rendered":"http:\/\/delamanodemaria.com\/?p=6016"},"modified":"2015-09-20T21:32:30","modified_gmt":"2015-09-21T01:32:30","slug":"reflexion-para-la-fiesta-de-san-mateo-apostol-y-evangelista-21-09-15","status":"publish","type":"post","link":"http:\/\/delamanodemaria.com\/?p=6016","title":{"rendered":"REFLEXI\u00d3N PARA LA FIESTA DE SAN MATEO, AP\u00d3STOL Y EVANGELISTA 21-09-15"},"content":{"rendered":"<p><a href=\"http:\/\/delamanodemaria.com\/wp-content\/uploads\/2015\/09\/SanMateo.jpg\"><img decoding=\"async\" loading=\"lazy\" class=\"alignnone size-full wp-image-6017\" src=\"http:\/\/delamanodemaria.com\/wp-content\/uploads\/2015\/09\/SanMateo.jpg\" alt=\"SanMateo\" width=\"680\" height=\"357\" srcset=\"http:\/\/delamanodemaria.com\/wp-content\/uploads\/2015\/09\/SanMateo.jpg 680w, http:\/\/delamanodemaria.com\/wp-content\/uploads\/2015\/09\/SanMateo-300x158.jpg 300w, http:\/\/delamanodemaria.com\/wp-content\/uploads\/2015\/09\/SanMateo-500x263.jpg 500w\" sizes=\"(max-width: 680px) 100vw, 680px\" \/><\/a><\/p>\n<p>Hoy celebramos la Fiesta de san Mateo, ap\u00f3stol y evangelista. Para esta celebraci\u00f3n la liturgia nos presenta como primera lectura un fragmento de la carta de san Pablo a los Efesios (Ef 4,1-7.11-13). El Evangelio, por su parte, nos remite al pasaje que nos narra la vocaci\u00f3n de Mateo (Mt 9,9-13). Resulta curioso que Mateo, en su relato, se llama a s\u00ed mismo \u201cMateo\u201d (que quiere decir don de Dios), mientras que Marcos y Lucas le llaman Lev\u00ed, que con toda certeza era su verdadero nombre hebreo.<\/p>\n<p>La primera lectura est\u00e1 enmarcada en el discurso sobre la diversidad de carismas que Pablo dirige a los cristianos de \u00c9feso, muy parecido al que leemos en el cap\u00edtulo 12 de la Carta a los Corintios: \u201ccada uno de nosotros ha recibido su propio don, en la medida que Cristo los ha distribuido. \u00c9l comunic\u00f3 a unos el don de ser ap\u00f3stoles, a otros profetas, a otros predicadores del Evangelio, a otros pastores o maestros\u201d.<\/p>\n<p>De ah\u00ed pasamos a la lectura evang\u00e9lica, que nos presenta uno de los pasajes m\u00e1s sencillos, y a la vez impactantes, del Nuevo Testamento: \u201cAl irse de all\u00ed, Jes\u00fas vio a un hombre llamado Mateo, que estaba sentado a la mesa de recaudaci\u00f3n de impuestos, y le dijo: \u00abS\u00edgueme\u00bb. \u00c9l se levant\u00f3 y lo sigui\u00f3\u201d.<\/p>\n<p>Cada vez que leo ese vers\u00edculo, no puedo evitar imaginarme la escena. Mateo, colector de impuestos (\u201cpublicano\u201d) al servicio del rey Herodes Antipas, sentado frente a su mesa de recaudaci\u00f3n, un d\u00eda cualquiera, probablemente revisando su contabilidad. De momento siente la presencia de alguien que se detiene frente a su mesa. Pensando que era alguien que ven\u00eda a pagar su impuesto, levanta los ojos. Y se encuentra con la mirada m\u00e1s intensa que jam\u00e1s haya visto; una de esas miradas que penetran hasta lo m\u00e1s profundo de nuestro ser.<\/p>\n<p>No sabe qu\u00e9 decir\u2026 tal vez intenta balbucear algo, pero no puede emitir sonido alguno. De momento esa mirada se desborda en una sola palabra: \u201cS\u00edgueme\u201d. Ante esa palabra, pronunciada por el mismo Dios, Mateo no puede resistirse. Todo ha pasado a un segundo plano. Ya nada importa m\u00e1s que seguir ese imperativo que \u00e9l no comprende, pero que todo su ser le dice que en ese seguimiento le va la vida misma. Deja atr\u00e1s la mesa con todos sus libros de contabilidad y el dinero de los recaudos, todo lo que lo ataba. Ya nada importa que no sea una respuesta radical a ese \u201cS\u00edgueme\u201d que hab\u00eda cambiado su vida para siempre. Mateo acababa de tener un encuentro personal con Jes\u00fas.<\/p>\n<p>Jes\u00fas no necesita de largos discursos promocionales ni portentos. El que tiene un encuentro personal con \u00c9l, no tiene otra alternativa que seguirle. El \u201cs\u00edgueme\u201d es meramente la verbalizaci\u00f3n, la confirmaci\u00f3n de lo que la persona ya intuye. Jes\u00fas nos llama constantemente a seguirle. Y esa llamada puede tomar miles de formas. Pero la palabra es la misma siempre: \u201cS\u00edgueme\u201d. Cada llamada, cada \u201cvocaci\u00f3n\u201d implica una misi\u00f3n. Y esa misi\u00f3n est\u00e1 relacionada con los carismas que se nos han dado.<\/p>\n<div style=\"padding-bottom:20px; padding-top:10px;\" class=\"hupso-share-buttons\"><!-- Hupso Share Buttons - https:\/\/www.hupso.com\/share\/ --><a class=\"hupso_toolbar\" href=\"https:\/\/www.hupso.com\/share\/\"><img src=\"http:\/\/static.hupso.com\/share\/buttons\/lang\/es\/share-medium.png\" style=\"border:0px; padding-top: 5px; float:left;\" alt=\"Share Button\"\/><\/a><script type=\"text\/javascript\">var hupso_services_t=new Array(\"Twitter\",\"Facebook\",\"Google Plus\",\"Pinterest\",\"Linkedin\",\"Email\",\"Print\");var hupso_background_t=\"#EAF4FF\";var hupso_border_t=\"#66CCFF\";var hupso_toolbar_size_t=\"medium\";var hupso_image_folder_url = \"\";var hupso_twitter_via=\"hectorops\";var hupso_url_t=\"\";var hupso_title_t=\"REFLEXI%C3%93N%20PARA%20LA%20FIESTA%20DE%20SAN%20MATEO%2C%20AP%C3%93STOL%20Y%20EVANGELISTA%2021-09-15\";<\/script><script type=\"text\/javascript\" src=\"http:\/\/static.hupso.com\/share\/js\/share_toolbar.js\"><\/script><!-- Hupso Share Buttons --><\/div>","protected":false},"excerpt":{"rendered":"<p>Hoy celebramos la Fiesta de san Mateo, ap\u00f3stol y evangelista. Para esta celebraci\u00f3n la liturgia nos presenta como primera lectura un fragmento de la carta de san Pablo a los Efesios (Ef 4,1-7.11-13). El Evangelio, por su parte, nos remite &hellip; <a href=\"http:\/\/delamanodemaria.com\/?p=6016\">Continue reading <span class=\"meta-nav\">&rarr;<\/span><\/a><\/p>\n<div style=\"padding-bottom:20px; padding-top:10px;\" class=\"hupso-share-buttons\"><!-- Hupso Share Buttons - https:\/\/www.hupso.com\/share\/ --><a class=\"hupso_toolbar\" href=\"https:\/\/www.hupso.com\/share\/\"><img src=\"http:\/\/static.hupso.com\/share\/buttons\/lang\/es\/share-medium.png\" style=\"border:0px; padding-top: 5px; float:left;\" alt=\"Share Button\"\/><\/a><script type=\"text\/javascript\">var hupso_services_t=new Array(\"Twitter\",\"Facebook\",\"Google Plus\",\"Pinterest\",\"Linkedin\",\"Email\",\"Print\");var hupso_background_t=\"#EAF4FF\";var hupso_border_t=\"#66CCFF\";var hupso_toolbar_size_t=\"medium\";var hupso_image_folder_url = \"\";var hupso_twitter_via=\"hectorops\";var hupso_url_t=\"\";var hupso_title_t=\"REFLEXI%C3%93N%20PARA%20LA%20FIESTA%20DE%20SAN%20MATEO%2C%20AP%C3%93STOL%20Y%20EVANGELISTA%2021-09-15\";<\/script><script type=\"text\/javascript\" src=\"http:\/\/static.hupso.com\/share\/js\/share_toolbar.js\"><\/script><!-- Hupso Share Buttons --><\/div>","protected":false},"author":1,"featured_media":0,"comment_status":"open","ping_status":"open","sticky":false,"template":"","format":"standard","meta":{"jetpack_post_was_ever_published":false,"_jetpack_newsletter_access":"","_jetpack_newsletter_tier_id":0,"jetpack_publicize_message":"","jetpack_is_tweetstorm":false,"jetpack_publicize_feature_enabled":true,"jetpack_social_post_already_shared":true,"jetpack_social_options":{"image_generator_settings":{"template":"highway","enabled":false}}},"categories":[1],"tags":[364,483,1007,858,769,2,290,916,199],"jetpack_publicize_connections":[],"jetpack_featured_media_url":"","jetpack_shortlink":"https:\/\/wp.me\/p3bBgS-1z2","jetpack_sharing_enabled":true,"jetpack_likes_enabled":true,"_links":{"self":[{"href":"http:\/\/delamanodemaria.com\/index.php?rest_route=\/wp\/v2\/posts\/6016"}],"collection":[{"href":"http:\/\/delamanodemaria.com\/index.php?rest_route=\/wp\/v2\/posts"}],"about":[{"href":"http:\/\/delamanodemaria.com\/index.php?rest_route=\/wp\/v2\/types\/post"}],"author":[{"embeddable":true,"href":"http:\/\/delamanodemaria.com\/index.php?rest_route=\/wp\/v2\/users\/1"}],"replies":[{"embeddable":true,"href":"http:\/\/delamanodemaria.com\/index.php?rest_route=%2Fwp%2Fv2%2Fcomments&post=6016"}],"version-history":[{"count":4,"href":"http:\/\/delamanodemaria.com\/index.php?rest_route=\/wp\/v2\/posts\/6016\/revisions"}],"predecessor-version":[{"id":6021,"href":"http:\/\/delamanodemaria.com\/index.php?rest_route=\/wp\/v2\/posts\/6016\/revisions\/6021"}],"wp:attachment":[{"href":"http:\/\/delamanodemaria.com\/index.php?rest_route=%2Fwp%2Fv2%2Fmedia&parent=6016"}],"wp:term":[{"taxonomy":"category","embeddable":true,"href":"http:\/\/delamanodemaria.com\/index.php?rest_route=%2Fwp%2Fv2%2Fcategories&post=6016"},{"taxonomy":"post_tag","embeddable":true,"href":"http:\/\/delamanodemaria.com\/index.php?rest_route=%2Fwp%2Fv2%2Ftags&post=6016"}],"curies":[{"name":"wp","href":"https:\/\/api.w.org\/{rel}","templated":true}]}}