{"id":6052,"date":"2015-09-25T20:51:20","date_gmt":"2015-09-26T00:51:20","guid":{"rendered":"http:\/\/delamanodemaria.com\/?p=6052"},"modified":"2015-09-25T20:51:20","modified_gmt":"2015-09-26T00:51:20","slug":"reflexion-para-el-sabado-de-la-vigesimo-quinta-semana-del-t-o-1-26-09-15","status":"publish","type":"post","link":"http:\/\/delamanodemaria.com\/?p=6052","title":{"rendered":"REFLEXI\u00d3N PARA EL S\u00c1BADO DE LA VIG\u00c9SIMO QUINTA SEMANA DEL T.O. (1) 26-09-15"},"content":{"rendered":"<p><a href=\"http:\/\/delamanodemaria.com\/wp-content\/uploads\/2013\/09\/cruz-camion-med.jpg\"><img decoding=\"async\" loading=\"lazy\" class=\"alignnone size-full wp-image-1955\" src=\"http:\/\/delamanodemaria.com\/wp-content\/uploads\/2013\/09\/cruz-camion-med.jpg\" alt=\"cruz camion med\" width=\"589\" height=\"325\" srcset=\"http:\/\/delamanodemaria.com\/wp-content\/uploads\/2013\/09\/cruz-camion-med.jpg 589w, http:\/\/delamanodemaria.com\/wp-content\/uploads\/2013\/09\/cruz-camion-med-300x165.jpg 300w, http:\/\/delamanodemaria.com\/wp-content\/uploads\/2013\/09\/cruz-camion-med-500x275.jpg 500w\" sizes=\"(max-width: 589px) 100vw, 589px\" \/><\/a><\/p>\n<p>La lectura evang\u00e9lica que nos presenta la liturgia para este s\u00e1bado de la vig\u00e9simo quinta semana del tiempo ordinario (Lc 9, 43b-45) se sit\u00faa, dentro de la narraci\u00f3n de Lucas, justo al final de la actividad de Jes\u00fas en Galilea, antes del comienzo de la \u201csubida\u201d de Jes\u00fas a Jerusal\u00e9n.<\/p>\n<p>Hasta ahora hemos visto el \u00e9xito de la predicaci\u00f3n de Jes\u00fas, pero sobre todo el entusiasmo y admiraci\u00f3n generados entre la gente que lo segu\u00eda, motivados primordialmente por sus milagros y portentos. Una admiraci\u00f3n \u201cficticia\u201d. Jes\u00fas quer\u00eda asegurarse que sus disc\u00edpulos no se dejaran apantallar por el \u00e9xito de su gesti\u00f3n; quer\u00eda apartar de ellos toda expectativa de mesianismo terrenal, enfatizando el fin que le aguardaba, y c\u00f3mo ese final habr\u00eda de ser la culminaci\u00f3n de su misi\u00f3n salvadora.<\/p>\n<p>En el pasaje que contemplamos ayer (Lc 9,18-22), vimos el primer anuncio de la pasi\u00f3n: \u201cEl Hijo del hombre tiene que padecer mucho, ser desechado por los ancianos, sumos sacerdotes y escribas, ser ejecutado y resucitar al tercer d\u00eda\u201d.<\/p>\n<p>La lectura de hoy, que contiene el segundo anuncio de la pasi\u00f3n en el relato de Lucas, comienza reiterando \u201cla admiraci\u00f3n general por lo que (Jes\u00fas) hac\u00eda\u201d. Tal parece que los disc\u00edpulos se dejaban contagiar f\u00e1cilmente por ese entusiasmo. Jes\u00fas percibe esto y, por el lenguaje fuerte que utiliza, parece rega\u00f1ar a sus disc\u00edpulos: \u201cMeteos bien esto en la cabeza: al Hijo del hombre lo van a entregar en manos de los hombres\u201d. Es como si les dijera: \u201centi\u00e9ndanlo bien, cabezones\u201d.<\/p>\n<p>A pesar de que el lenguaje utilizado por Jes\u00fas alude claramente a los profetas Daniel (7,13-14) e Isa\u00edas (53,2-12), los disc\u00edpulos no lo entendieron. \u201cPero ellos no entend\u00edan este lenguaje; les resultaba tan oscuro que no cog\u00edan el sentido\u201d. No \u201ccog\u00edan el sentido\u201d porque estaban disfrutando vicariamente del \u00e9xito de Jes\u00fas; algo as\u00ed como cuando el manejador, los luminot\u00e9cnicos, sonidistas y m\u00fasicos, se disfrutan el \u00e9xito de un famoso cantante. Estaban embriagados por la fama de su maestro.<\/p>\n<p>La realidad es que no comprend\u00edan porque no quer\u00edan comprender. No quer\u00edan da\u00f1ar aquello tan bueno que estaban sintiendo. Por eso \u201cles daba miedo preguntarle sobre el asunto\u201d.<\/p>\n<p>Algo parecido nos sucede a nosotros cuando queremos disfrutar del amor, de la bondad y misericordia de Dios, pero no queremos saber de la \u201ccruz\u201d. Preferimos tararear pretendiendo que cantamos, como los ni\u00f1os malcriados, para no escuchar cuando Jes\u00fas nos dice: \u201cEl que quiera venirse conmigo que se niegue a s\u00ed mismo, que cargue con su cruz y me siga\u201d (Mt 16,24). Tan solo nos gustan los pasajes \u201cbonitos\u201d, como cuando nos dice: \u201cVengan a m\u00ed todos los que est\u00e1n afligidos y agobiados, y yo los aliviar\u00e9\u201d (Mt 11,28).<\/p>\n<p>Se nos olvida que la Cruz representa el mayor acto de amor, el triunfo definitivo de Jes\u00fas sobre la muerte, el camino hacia la Gloria. En palabras de Lope de Vega: \u201cSin Cruz no hay Gloria ninguna, ni con Cruz eterno llanto,\u00a0 Santidad y Cruz es una, no hay Cruz que no tenga santo, ni santo sin Cruz alguna\u201d.<\/p>\n<div style=\"padding-bottom:20px; padding-top:10px;\" class=\"hupso-share-buttons\"><!-- Hupso Share Buttons - https:\/\/www.hupso.com\/share\/ --><a class=\"hupso_toolbar\" href=\"https:\/\/www.hupso.com\/share\/\"><img src=\"http:\/\/static.hupso.com\/share\/buttons\/lang\/es\/share-medium.png\" style=\"border:0px; padding-top: 5px; float:left;\" alt=\"Share Button\"\/><\/a><script type=\"text\/javascript\">var hupso_services_t=new Array(\"Twitter\",\"Facebook\",\"Google Plus\",\"Pinterest\",\"Linkedin\",\"Email\",\"Print\");var hupso_background_t=\"#EAF4FF\";var hupso_border_t=\"#66CCFF\";var hupso_toolbar_size_t=\"medium\";var hupso_image_folder_url = \"\";var hupso_twitter_via=\"hectorops\";var hupso_url_t=\"\";var hupso_title_t=\"REFLEXI%C3%93N%20PARA%20EL%20S%C3%81BADO%20DE%20LA%20VIG%C3%89SIMO%20QUINTA%20SEMANA%20DEL%20T.O.%20%281%29%2026-09-15\";<\/script><script type=\"text\/javascript\" src=\"http:\/\/static.hupso.com\/share\/js\/share_toolbar.js\"><\/script><!-- Hupso Share Buttons --><\/div>","protected":false},"excerpt":{"rendered":"<p>La lectura evang\u00e9lica que nos presenta la liturgia para este s\u00e1bado de la vig\u00e9simo quinta semana del tiempo ordinario (Lc 9, 43b-45) se sit\u00faa, dentro de la narraci\u00f3n de Lucas, justo al final de la actividad de Jes\u00fas en Galilea, &hellip; <a href=\"http:\/\/delamanodemaria.com\/?p=6052\">Continue reading <span class=\"meta-nav\">&rarr;<\/span><\/a><\/p>\n<div style=\"padding-bottom:20px; padding-top:10px;\" class=\"hupso-share-buttons\"><!-- Hupso Share Buttons - https:\/\/www.hupso.com\/share\/ --><a class=\"hupso_toolbar\" href=\"https:\/\/www.hupso.com\/share\/\"><img src=\"http:\/\/static.hupso.com\/share\/buttons\/lang\/es\/share-medium.png\" style=\"border:0px; padding-top: 5px; float:left;\" alt=\"Share Button\"\/><\/a><script type=\"text\/javascript\">var hupso_services_t=new Array(\"Twitter\",\"Facebook\",\"Google Plus\",\"Pinterest\",\"Linkedin\",\"Email\",\"Print\");var hupso_background_t=\"#EAF4FF\";var hupso_border_t=\"#66CCFF\";var hupso_toolbar_size_t=\"medium\";var hupso_image_folder_url = \"\";var hupso_twitter_via=\"hectorops\";var hupso_url_t=\"\";var hupso_title_t=\"REFLEXI%C3%93N%20PARA%20EL%20S%C3%81BADO%20DE%20LA%20VIG%C3%89SIMO%20QUINTA%20SEMANA%20DEL%20T.O.%20%281%29%2026-09-15\";<\/script><script type=\"text\/javascript\" src=\"http:\/\/static.hupso.com\/share\/js\/share_toolbar.js\"><\/script><!-- Hupso Share Buttons --><\/div>","protected":false},"author":1,"featured_media":0,"comment_status":"open","ping_status":"open","sticky":false,"template":"","format":"standard","meta":{"jetpack_post_was_ever_published":false,"_jetpack_newsletter_access":"","_jetpack_newsletter_tier_id":0,"jetpack_publicize_message":"","jetpack_is_tweetstorm":false,"jetpack_publicize_feature_enabled":true,"jetpack_social_post_already_shared":true,"jetpack_social_options":{"image_generator_settings":{"template":"highway","enabled":false}}},"categories":[1],"tags":[30,765,213,57,96,515,206,27,40,2,1077],"jetpack_publicize_connections":[],"jetpack_featured_media_url":"","jetpack_shortlink":"https:\/\/wp.me\/p3bBgS-1zC","jetpack_sharing_enabled":true,"jetpack_likes_enabled":true,"_links":{"self":[{"href":"http:\/\/delamanodemaria.com\/index.php?rest_route=\/wp\/v2\/posts\/6052"}],"collection":[{"href":"http:\/\/delamanodemaria.com\/index.php?rest_route=\/wp\/v2\/posts"}],"about":[{"href":"http:\/\/delamanodemaria.com\/index.php?rest_route=\/wp\/v2\/types\/post"}],"author":[{"embeddable":true,"href":"http:\/\/delamanodemaria.com\/index.php?rest_route=\/wp\/v2\/users\/1"}],"replies":[{"embeddable":true,"href":"http:\/\/delamanodemaria.com\/index.php?rest_route=%2Fwp%2Fv2%2Fcomments&post=6052"}],"version-history":[{"count":2,"href":"http:\/\/delamanodemaria.com\/index.php?rest_route=\/wp\/v2\/posts\/6052\/revisions"}],"predecessor-version":[{"id":6054,"href":"http:\/\/delamanodemaria.com\/index.php?rest_route=\/wp\/v2\/posts\/6052\/revisions\/6054"}],"wp:attachment":[{"href":"http:\/\/delamanodemaria.com\/index.php?rest_route=%2Fwp%2Fv2%2Fmedia&parent=6052"}],"wp:term":[{"taxonomy":"category","embeddable":true,"href":"http:\/\/delamanodemaria.com\/index.php?rest_route=%2Fwp%2Fv2%2Fcategories&post=6052"},{"taxonomy":"post_tag","embeddable":true,"href":"http:\/\/delamanodemaria.com\/index.php?rest_route=%2Fwp%2Fv2%2Ftags&post=6052"}],"curies":[{"name":"wp","href":"https:\/\/api.w.org\/{rel}","templated":true}]}}