{"id":6055,"date":"2015-09-26T22:39:19","date_gmt":"2015-09-27T02:39:19","guid":{"rendered":"http:\/\/delamanodemaria.com\/?p=6055"},"modified":"2021-09-25T15:18:10","modified_gmt":"2021-09-25T19:18:10","slug":"reflexion-para-el-vigesimo-sexto-domingo-del-t-o-1-27-09-15","status":"publish","type":"post","link":"http:\/\/delamanodemaria.com\/?p=6055","title":{"rendered":"REFLEXI\u00d3N PARA EL VIG\u00c9SIMO SEXTO DOMINGO DEL T.O. (B) 27-09-15"},"content":{"rendered":"<p><a href=\"http:\/\/delamanodemaria.com\/wp-content\/uploads\/2015\/09\/domingo-26-B-med-rev.jpg\"><img decoding=\"async\" loading=\"lazy\" class=\"alignnone size-full wp-image-6058\" src=\"http:\/\/delamanodemaria.com\/wp-content\/uploads\/2015\/09\/domingo-26-B-med-rev.jpg\" alt=\"domingo 26 B med rev\" width=\"619\" height=\"465\" srcset=\"http:\/\/delamanodemaria.com\/wp-content\/uploads\/2015\/09\/domingo-26-B-med-rev.jpg 619w, http:\/\/delamanodemaria.com\/wp-content\/uploads\/2015\/09\/domingo-26-B-med-rev-300x225.jpg 300w, http:\/\/delamanodemaria.com\/wp-content\/uploads\/2015\/09\/domingo-26-B-med-rev-399x300.jpg 399w\" sizes=\"(max-width: 619px) 100vw, 619px\" \/><\/a><\/p>\n<p>La primera lectura de hoy, tomada del libro de los N\u00fameros (11,16-17a.24-29), nos narra el siguiente episodio: Siguiendo las instrucciones del Se\u00f1or, Mois\u00e9s hab\u00eda reunido a setenta ancianos en la Carpa del Encuentro. Entonces el Se\u00f1or \u201ctom\u00f3 parte del esp\u00edritu que hab\u00eda en \u00e9l [Mois\u00e9s] y lo pas\u00f3 a los setenta ancianos\u201d. Y apenas el esp\u00edritu se pos\u00f3 sobre ellos, \u201ccomenzaron a profetizar\u201d. Hab\u00eda dos hombres, Eldad y Medad, que no hab\u00edan sido llamados a la Carpa, y el esp\u00edritu tambi\u00e9n se pos\u00f3 sobre ellos. Inmediatamente se pusieron a profetizar tambi\u00e9n. Un muchacho vino a darle la noticia a Mois\u00e9s, y Josu\u00e9, hijo de Nun le dijo: \u201c\u00a1Se\u00f1or m\u00edo, Mois\u00e9s, proh\u00edbeselo!\u201d. A lo que Mois\u00e9s replic\u00f3: \u201c\u00bfTienes celos por m\u00ed? \u00a1Ojal\u00e1 que todo el pueblo profetizara y el Se\u00f1or infundiera en todos su esp\u00edritu!\u201d<\/p>\n<p>El ego\u00edsmo, el protagonismo, la mezquindad, se repiten a lo largo de la historia, y los que pretenden seguir al Se\u00f1or no somos la excepci\u00f3n. En la lectura evang\u00e9lica que nos brinda la liturgia para hoy (Mc 9,38-43.45.47-48), se repite el episodio. Nada menos que Juan, \u201cel disc\u00edpulo amado\u201d, dice a Jes\u00fas: \u201cMaestro, hemos visto a uno que expulsaba demonios en tu nombre y se lo hemos prohibido, porque no es de nuestro grupo\u201d. \u201cNo es de nuestro grupo\u2026\u201d \u00bfPodemos pensar en una frase m\u00e1s ego\u00edsta, m\u00e1s excluyente, m\u00e1s discriminatoria, m\u00e1s \u201cclasista\u201d, m\u00e1s divisoria que esa? \u00bfD\u00f3nde qued\u00f3 aquello de \u201cen esto todos reconocer\u00e1n que ustedes son mis disc\u00edpulos: en el amor que se tengan los unos a los otros\u201d (Jn 13,35)?<\/p>\n<p>Hoy d\u00eda no es diferente. \u00bfCu\u00e1ntas veces vemos esas divisiones, esas distinciones, entre los diversos grupos cristianos, o entre grupos o movimientos dentro de una misma parroquia? \u00bfCu\u00e1ntos celos entre feligreses porque alguien que \u201cacaba de llegar\u201d puede y hace algo igual o mejor que los que lo han venido haciendo hasta ahora y pretenden excluirlo porque \u201cno es de nuestro grupo\u201d?<\/p>\n<p>La respuesta de Jes\u00fas a Juan, al igual que la de Mois\u00e9s a Josu\u00e9, no se hace esperar: \u201cNo se lo prohib\u00e1is, porque nadie que haga un milagro en mi nombre puede luego hablar mal de m\u00ed. Pues el que no est\u00e1 contra nosotros est\u00e1 a favor nuestro\u201d. Si estamos actuando en nombre de Jes\u00fas, \u00bfc\u00f3mo podemos estar en contra de que otros lo hagan? \u00bfAcaso pretendemos tener el monopolio de la persona y el nombre de Jes\u00fas?<\/p>\n<p>A veces se nos olvida que el Esp\u00edritu reparte sus carismas seg\u00fan lo estima necesario para el funcionamiento de la Iglesia, que no es otra cosa que el pueblo santo de Dios reunido en su nombre. \u00bfQui\u00e9nes somos nosotros para dictar a qui\u00e9n o qui\u00e9nes el Esp\u00edritu reparte sus carismas?<\/p>\n<p>\u00a1Ojal\u00e1 todos tuvieran el carisma de profetizar, o de hablar en lenguas, o de interpretarlas, o de ense\u00f1ar, o de la oraci\u00f3n, o de hacer milagros, o de tantos otros m\u00faltiples carismas que el Esp\u00edritu pueda estimar necesarios para el buen funcionamiento del cuerpo m\u00edstico de Cristo!<\/p>\n<p>Pidamos al Se\u00f1or que derrame su Santo Esp\u00edritu sobre toda su Santa Iglesia, y alegr\u00e9monos cuando veamos a nuestros hermanos desarrollar los carismas que ese Esp\u00edritu ha dado a cada cual.<\/p>\n<p>Si no los has hecho a\u00fan, todav\u00eda est\u00e1s a tiempo para visitar la Casa del Padre. Recuerda, \u00c9l te espera con los brazos abiertos\u2026<\/p>\n<div style=\"padding-bottom:20px; padding-top:10px;\" class=\"hupso-share-buttons\"><!-- Hupso Share Buttons - https:\/\/www.hupso.com\/share\/ --><a class=\"hupso_toolbar\" href=\"https:\/\/www.hupso.com\/share\/\"><img src=\"http:\/\/static.hupso.com\/share\/buttons\/lang\/es\/share-medium.png\" style=\"border:0px; padding-top: 5px; float:left;\" alt=\"Share Button\"\/><\/a><script type=\"text\/javascript\">var hupso_services_t=new Array(\"Twitter\",\"Facebook\",\"Google Plus\",\"Pinterest\",\"Linkedin\",\"Email\",\"Print\");var hupso_background_t=\"#EAF4FF\";var hupso_border_t=\"#66CCFF\";var hupso_toolbar_size_t=\"medium\";var hupso_image_folder_url = \"\";var hupso_twitter_via=\"hectorops\";var hupso_url_t=\"\";var hupso_title_t=\"REFLEXI%C3%93N%20PARA%20EL%20VIG%C3%89SIMO%20SEXTO%20DOMINGO%20DEL%20T.O.%20%28B%29%2027-09-15\";<\/script><script type=\"text\/javascript\" src=\"http:\/\/static.hupso.com\/share\/js\/share_toolbar.js\"><\/script><!-- Hupso Share Buttons --><\/div>","protected":false},"excerpt":{"rendered":"<p>La primera lectura de hoy, tomada del libro de los N\u00fameros (11,16-17a.24-29), nos narra el siguiente episodio: Siguiendo las instrucciones del Se\u00f1or, Mois\u00e9s hab\u00eda reunido a setenta ancianos en la Carpa del Encuentro. Entonces el Se\u00f1or \u201ctom\u00f3 parte del esp\u00edritu &hellip; <a href=\"http:\/\/delamanodemaria.com\/?p=6055\">Continue reading <span class=\"meta-nav\">&rarr;<\/span><\/a><\/p>\n<div style=\"padding-bottom:20px; padding-top:10px;\" class=\"hupso-share-buttons\"><!-- Hupso Share Buttons - https:\/\/www.hupso.com\/share\/ --><a class=\"hupso_toolbar\" href=\"https:\/\/www.hupso.com\/share\/\"><img src=\"http:\/\/static.hupso.com\/share\/buttons\/lang\/es\/share-medium.png\" style=\"border:0px; padding-top: 5px; float:left;\" alt=\"Share Button\"\/><\/a><script type=\"text\/javascript\">var hupso_services_t=new Array(\"Twitter\",\"Facebook\",\"Google Plus\",\"Pinterest\",\"Linkedin\",\"Email\",\"Print\");var hupso_background_t=\"#EAF4FF\";var hupso_border_t=\"#66CCFF\";var hupso_toolbar_size_t=\"medium\";var hupso_image_folder_url = \"\";var hupso_twitter_via=\"hectorops\";var hupso_url_t=\"\";var hupso_title_t=\"REFLEXI%C3%93N%20PARA%20EL%20VIG%C3%89SIMO%20SEXTO%20DOMINGO%20DEL%20T.O.%20%28B%29%2027-09-15\";<\/script><script type=\"text\/javascript\" src=\"http:\/\/static.hupso.com\/share\/js\/share_toolbar.js\"><\/script><!-- Hupso Share Buttons --><\/div>","protected":false},"author":1,"featured_media":0,"comment_status":"open","ping_status":"open","sticky":false,"template":"","format":"standard","meta":{"jetpack_post_was_ever_published":false,"_jetpack_newsletter_access":"","_jetpack_newsletter_tier_id":0,"jetpack_publicize_message":"","jetpack_is_tweetstorm":false,"jetpack_publicize_feature_enabled":true,"jetpack_social_post_already_shared":true,"jetpack_social_options":{"image_generator_settings":{"template":"highway","enabled":false}}},"categories":[1],"tags":[149,607,724,465,29,1078,1079,139,718,2],"jetpack_publicize_connections":[],"jetpack_featured_media_url":"","jetpack_shortlink":"https:\/\/wp.me\/p3bBgS-1zF","jetpack_sharing_enabled":true,"jetpack_likes_enabled":true,"_links":{"self":[{"href":"http:\/\/delamanodemaria.com\/index.php?rest_route=\/wp\/v2\/posts\/6055"}],"collection":[{"href":"http:\/\/delamanodemaria.com\/index.php?rest_route=\/wp\/v2\/posts"}],"about":[{"href":"http:\/\/delamanodemaria.com\/index.php?rest_route=\/wp\/v2\/types\/post"}],"author":[{"embeddable":true,"href":"http:\/\/delamanodemaria.com\/index.php?rest_route=\/wp\/v2\/users\/1"}],"replies":[{"embeddable":true,"href":"http:\/\/delamanodemaria.com\/index.php?rest_route=%2Fwp%2Fv2%2Fcomments&post=6055"}],"version-history":[{"count":3,"href":"http:\/\/delamanodemaria.com\/index.php?rest_route=\/wp\/v2\/posts\/6055\/revisions"}],"predecessor-version":[{"id":16303,"href":"http:\/\/delamanodemaria.com\/index.php?rest_route=\/wp\/v2\/posts\/6055\/revisions\/16303"}],"wp:attachment":[{"href":"http:\/\/delamanodemaria.com\/index.php?rest_route=%2Fwp%2Fv2%2Fmedia&parent=6055"}],"wp:term":[{"taxonomy":"category","embeddable":true,"href":"http:\/\/delamanodemaria.com\/index.php?rest_route=%2Fwp%2Fv2%2Fcategories&post=6055"},{"taxonomy":"post_tag","embeddable":true,"href":"http:\/\/delamanodemaria.com\/index.php?rest_route=%2Fwp%2Fv2%2Ftags&post=6055"}],"curies":[{"name":"wp","href":"https:\/\/api.w.org\/{rel}","templated":true}]}}