{"id":6060,"date":"2015-09-27T18:01:18","date_gmt":"2015-09-27T22:01:18","guid":{"rendered":"http:\/\/delamanodemaria.com\/?p=6060"},"modified":"2015-09-27T18:01:18","modified_gmt":"2015-09-27T22:01:18","slug":"reflexion-para-el-lunes-de-la-vigesimo-sexta-semana-del-t-o-1-28-09-15","status":"publish","type":"post","link":"http:\/\/delamanodemaria.com\/?p=6060","title":{"rendered":"REFLEXI\u00d3N PARA EL LUNES DE LA VIG\u00c9SIMO SEXTA SEMANA DEL T.O. (1) 28-09-15"},"content":{"rendered":"<p><a href=\"http:\/\/delamanodemaria.com\/wp-content\/uploads\/2015\/09\/ut-unum-sint.jpg\"><img decoding=\"async\" loading=\"lazy\" class=\"alignnone wp-image-6061 size-full\" src=\"http:\/\/delamanodemaria.com\/wp-content\/uploads\/2015\/09\/ut-unum-sint.jpg\" alt=\"Pope Francis (R) puts on a neckless, gift from the Coptic Orthodox leader Tawadros II (L) during a private audience in the pontiff's library on May 10, 2013 at the Vatican. Tawadros II arrived in Rome the day before for a historic four-day visit to meet Pope Francis -- a sign of growing rapprochement between the Vatican and the Orthodox world.  AFP PHOTO \/ POOL \/ ANDREAS SOLARO        (Photo credit should read ANDREAS SOLARO\/AFP\/Getty Images)\" width=\"594\" height=\"396\" srcset=\"http:\/\/delamanodemaria.com\/wp-content\/uploads\/2015\/09\/ut-unum-sint.jpg 594w, http:\/\/delamanodemaria.com\/wp-content\/uploads\/2015\/09\/ut-unum-sint-300x200.jpg 300w, http:\/\/delamanodemaria.com\/wp-content\/uploads\/2015\/09\/ut-unum-sint-450x300.jpg 450w\" sizes=\"(max-width: 594px) 100vw, 594px\" \/><\/a><\/p>\n<p>La lectura evang\u00e9lica que nos ofrece la liturgia para el lunes de la vig\u00e9simo sexta semana del tiempo ordinario (Lc 9,46-50), tenemos que leerla en el contexto de las del viernes y s\u00e1bado pasados, en las que Jes\u00fas hab\u00eda hecho el primer y segundo anuncios de su Pasi\u00f3n. Tal parece que los disc\u00edpulos se negaban a entender lo que Jes\u00fas les dec\u00eda, pues prefer\u00edan continuar gozando vicariamente el \u00e9xito y la fama que Jes\u00fas, su maestro, se hab\u00eda ganado en Galilea. Con toda probabilidad quer\u00edan llegar montados en la \u201cola\u201d de esa fama a Jerusal\u00e9n, cuyo camino estaban a punto de emprender.<\/p>\n<p>Esto se desprende de la primera oraci\u00f3n del pasaje que contemplamos hoy: \u201clos disc\u00edpulos se pusieron a discutir qui\u00e9n era el m\u00e1s importante\u201d. Jes\u00fas acababa de anunciarles, no una, sino dos veces, la pasi\u00f3n y muerte que deb\u00eda sufrir, y ellos segu\u00edan preocupados por qui\u00e9n de ellos era el m\u00e1s importante. Definitivamente, estaban cegados por el \u00e9xito de su maestro. Me recuerdan a los ayudantes de campa\u00f1a de los pol\u00edticos, quienes no habiendo llegado a\u00fan al poder, comienzan a pelearse los puestos que ocupar\u00e1n cuando su candidato resulte electo. Los disc\u00edpulos no hab\u00edan podido zafarse de las ideas de un mesianismo pol\u00edtico y militar de parte de Jes\u00fas.<\/p>\n<p>Ante esa actitud, Jes\u00fas \u201ccogi\u00f3 de la mano a un ni\u00f1o, lo puso a su lado y les dijo: \u2018El que acoge a este ni\u00f1o en mi nombre me acoge a m\u00ed; y el que me acoge a m\u00ed acoge al que me ha enviado. El m\u00e1s peque\u00f1o de vosotros es el m\u00e1s importante\u2019.\u201d Debemos recordar que en tiempos de Jes\u00fas un ni\u00f1o no ten\u00eda derechos, era considerado una \u201cposesi\u00f3n\u201d de su padre. En las casas donde no hab\u00eda servidumbre ni esclavos, los ni\u00f1os eran quienes llevaban a cabo las labores de \u00e9stos, incluyendo lavar los pies de los que llegaban a la casa. Jes\u00fas quiere enfatizar que su mesianismo est\u00e1 fundamentado en la humildad y el amor; que si alg\u00fan \u201cpuesto\u201d hay en su Reino, es el de servidor de los dem\u00e1s. M\u00e1s tarde, al lavar los pies de sus disc\u00edpulos, Jes\u00fas nos ofrecer\u00eda un testimonio de la vocaci\u00f3n al servicio que tenemos todos los cristianos: \u201cLes aseguro que el servidor no es m\u00e1s grande que su se\u00f1or, ni el enviado m\u00e1s grande que el que lo env\u00eda\u201d (Jn 13,16).<\/p>\n<p>Las palabras de Jes\u00fas parecen haber ca\u00eddo en o\u00eddos sordos una vez m\u00e1s. Como contestaci\u00f3n a sus palabras, Juan le manifiesta una queja que pone de manifiesto que los disc\u00edpulos no estaban dispuestos a compartir su protagonismo con nadie (ayer le\u00edamos la versi\u00f3n de Marcos de esta conversaci\u00f3n): \u201cMaestro, hemos visto a uno que echaba demonios en tu nombre y, como no es de los nuestros, se lo hemos querido impedir\u201d. \u00a1Cu\u00e1ntas veces a nosotros nos pasa lo mismo! Creemos tener monopolizado a Jes\u00fas y no permitimos que alguien, sobre todo de otra denominaci\u00f3n cristiana, pretenda apartar las tinieblas (\u201cdemonios\u201d) con su Palabra. \u00bfQui\u00e9n nos ha dado semejante derecho? Jes\u00fas no fue, pues \u00c9l mismo dijo a sus disc\u00edpulos: \u201cNo se lo impid\u00e1is; el que no est\u00e1 contra vosotros est\u00e1 a favor vuestro\u201d.<\/p>\n<p>Recordemos la oraci\u00f3n de Jes\u00fas: \u201cQue todos sean uno: como t\u00fa, Padre, est\u00e1s en m\u00ed y yo en ti, que tambi\u00e9n ellos est\u00e9n en nosotros, para que el mundo crea que t\u00fa me enviaste\u201d.<\/p>\n<div style=\"padding-bottom:20px; padding-top:10px;\" class=\"hupso-share-buttons\"><!-- Hupso Share Buttons - https:\/\/www.hupso.com\/share\/ --><a class=\"hupso_toolbar\" href=\"https:\/\/www.hupso.com\/share\/\"><img src=\"http:\/\/static.hupso.com\/share\/buttons\/lang\/es\/share-medium.png\" style=\"border:0px; padding-top: 5px; float:left;\" alt=\"Share Button\"\/><\/a><script type=\"text\/javascript\">var hupso_services_t=new Array(\"Twitter\",\"Facebook\",\"Google Plus\",\"Pinterest\",\"Linkedin\",\"Email\",\"Print\");var hupso_background_t=\"#EAF4FF\";var hupso_border_t=\"#66CCFF\";var hupso_toolbar_size_t=\"medium\";var hupso_image_folder_url = \"\";var hupso_twitter_via=\"hectorops\";var hupso_url_t=\"\";var hupso_title_t=\"REFLEXI%C3%93N%20PARA%20EL%20LUNES%20DE%20LA%20VIG%C3%89SIMO%20SEXTA%20SEMANA%20DEL%20T.O.%20%281%29%2028-09-15\";<\/script><script type=\"text\/javascript\" src=\"http:\/\/static.hupso.com\/share\/js\/share_toolbar.js\"><\/script><!-- Hupso Share Buttons --><\/div>","protected":false},"excerpt":{"rendered":"<p>La lectura evang\u00e9lica que nos ofrece la liturgia para el lunes de la vig\u00e9simo sexta semana del tiempo ordinario (Lc 9,46-50), tenemos que leerla en el contexto de las del viernes y s\u00e1bado pasados, en las que Jes\u00fas hab\u00eda hecho &hellip; <a href=\"http:\/\/delamanodemaria.com\/?p=6060\">Continue reading <span class=\"meta-nav\">&rarr;<\/span><\/a><\/p>\n<div style=\"padding-bottom:20px; padding-top:10px;\" class=\"hupso-share-buttons\"><!-- Hupso Share Buttons - https:\/\/www.hupso.com\/share\/ --><a class=\"hupso_toolbar\" href=\"https:\/\/www.hupso.com\/share\/\"><img src=\"http:\/\/static.hupso.com\/share\/buttons\/lang\/es\/share-medium.png\" style=\"border:0px; padding-top: 5px; float:left;\" alt=\"Share Button\"\/><\/a><script type=\"text\/javascript\">var hupso_services_t=new Array(\"Twitter\",\"Facebook\",\"Google Plus\",\"Pinterest\",\"Linkedin\",\"Email\",\"Print\");var hupso_background_t=\"#EAF4FF\";var hupso_border_t=\"#66CCFF\";var hupso_toolbar_size_t=\"medium\";var hupso_image_folder_url = \"\";var hupso_twitter_via=\"hectorops\";var hupso_url_t=\"\";var hupso_title_t=\"REFLEXI%C3%93N%20PARA%20EL%20LUNES%20DE%20LA%20VIG%C3%89SIMO%20SEXTA%20SEMANA%20DEL%20T.O.%20%281%29%2028-09-15\";<\/script><script type=\"text\/javascript\" src=\"http:\/\/static.hupso.com\/share\/js\/share_toolbar.js\"><\/script><!-- Hupso Share Buttons --><\/div>","protected":false},"author":1,"featured_media":0,"comment_status":"open","ping_status":"open","sticky":false,"template":"","format":"standard","meta":{"jetpack_post_was_ever_published":false,"_jetpack_newsletter_access":"","_jetpack_newsletter_tier_id":0,"jetpack_publicize_message":"","jetpack_is_tweetstorm":false,"jetpack_publicize_feature_enabled":true,"jetpack_social_post_already_shared":true,"jetpack_social_options":{"image_generator_settings":{"template":"highway","enabled":false}}},"categories":[1],"tags":[765,213,299,1076,254,760,40,2,97,275,1080],"jetpack_publicize_connections":[],"jetpack_featured_media_url":"","jetpack_shortlink":"https:\/\/wp.me\/p3bBgS-1zK","jetpack_sharing_enabled":true,"jetpack_likes_enabled":true,"_links":{"self":[{"href":"http:\/\/delamanodemaria.com\/index.php?rest_route=\/wp\/v2\/posts\/6060"}],"collection":[{"href":"http:\/\/delamanodemaria.com\/index.php?rest_route=\/wp\/v2\/posts"}],"about":[{"href":"http:\/\/delamanodemaria.com\/index.php?rest_route=\/wp\/v2\/types\/post"}],"author":[{"embeddable":true,"href":"http:\/\/delamanodemaria.com\/index.php?rest_route=\/wp\/v2\/users\/1"}],"replies":[{"embeddable":true,"href":"http:\/\/delamanodemaria.com\/index.php?rest_route=%2Fwp%2Fv2%2Fcomments&post=6060"}],"version-history":[{"count":2,"href":"http:\/\/delamanodemaria.com\/index.php?rest_route=\/wp\/v2\/posts\/6060\/revisions"}],"predecessor-version":[{"id":6063,"href":"http:\/\/delamanodemaria.com\/index.php?rest_route=\/wp\/v2\/posts\/6060\/revisions\/6063"}],"wp:attachment":[{"href":"http:\/\/delamanodemaria.com\/index.php?rest_route=%2Fwp%2Fv2%2Fmedia&parent=6060"}],"wp:term":[{"taxonomy":"category","embeddable":true,"href":"http:\/\/delamanodemaria.com\/index.php?rest_route=%2Fwp%2Fv2%2Fcategories&post=6060"},{"taxonomy":"post_tag","embeddable":true,"href":"http:\/\/delamanodemaria.com\/index.php?rest_route=%2Fwp%2Fv2%2Ftags&post=6060"}],"curies":[{"name":"wp","href":"https:\/\/api.w.org\/{rel}","templated":true}]}}