{"id":6184,"date":"2015-10-30T21:25:32","date_gmt":"2015-10-31T01:25:32","guid":{"rendered":"http:\/\/delamanodemaria.com\/?p=6184"},"modified":"2015-10-30T21:25:32","modified_gmt":"2015-10-31T01:25:32","slug":"reflexion-para-el-sabado-de-la-trigesima-semana-del-t-o-1-31-10-15","status":"publish","type":"post","link":"http:\/\/delamanodemaria.com\/?p=6184","title":{"rendered":"REFLEXI\u00d3N PARA EL S\u00c1BADO DE LA TRIG\u00c9SIMA SEMANA DEL T.O. (1) 31-10-15"},"content":{"rendered":"<p><a href=\"http:\/\/delamanodemaria.com\/wp-content\/uploads\/2013\/08\/el-pan-de-la-unidad.jpg\"><img decoding=\"async\" loading=\"lazy\" class=\"alignnone size-full wp-image-1754\" src=\"http:\/\/delamanodemaria.com\/wp-content\/uploads\/2013\/08\/el-pan-de-la-unidad.jpg\" alt=\"el-pan-de-la-unidad\" width=\"599\" height=\"253\" srcset=\"http:\/\/delamanodemaria.com\/wp-content\/uploads\/2013\/08\/el-pan-de-la-unidad.jpg 599w, http:\/\/delamanodemaria.com\/wp-content\/uploads\/2013\/08\/el-pan-de-la-unidad-300x126.jpg 300w, http:\/\/delamanodemaria.com\/wp-content\/uploads\/2013\/08\/el-pan-de-la-unidad-500x211.jpg 500w\" sizes=\"(max-width: 599px) 100vw, 599px\" \/><\/a><\/p>\n<p>En el Evangelio de hoy (Lc 14,1.7-11) Jes\u00fas se percata que los convidados a la fiesta a la que hab\u00eda sido invitado se estaban peleando por los primeros puestos. En la cultura jud\u00eda hab\u00eda todo un sistema de jerarqu\u00edas que determinaba el orden en que las personas iban a sentarse en todos los lugares, desde el Templo hasta en la mesa de comer. \u00a1Cu\u00e1ntos de esos tenemos a\u00fan hoy d\u00eda en nuestras comunidades!<\/p>\n<p>Jes\u00fas, como siempre, aprovecha la oportunidad para proponerles una par\u00e1bola: \u201cCuando te conviden a una boda, no te sientes en el puesto principal, no sea que hayan convidado a otro de m\u00e1s categor\u00eda que t\u00fa; y vendr\u00e1 el que os convid\u00f3 a ti y al otro y te dir\u00e1: &#8220;C\u00e9dele el puesto a \u00e9ste.&#8221; Entonces, avergonzado, ir\u00e1s a ocupar el \u00faltimo puesto. Al rev\u00e9s, cuando te conviden, vete a sentarte en el \u00faltimo puesto, para que, cuando venga el que te convid\u00f3, te diga: &#8220;Amigo, sube m\u00e1s arriba.&#8221; Entonces quedar\u00e1s muy bien ante todos los comensales. Porque todo el que se enaltece ser\u00e1 humillado, y el que se humilla ser\u00e1 enaltecido\u201d.<\/p>\n<p>Esta ense\u00f1anza de Jes\u00fas est\u00e1 en la columna vertebral de su doctrina, y es un corolario del Amor. \u201cEl que quiera ser el primero, debe hacerse el \u00faltimo de todos y el servidor de todos\u201d (Mc 9,35; Mt 20,27)\u201d. \u00c9l mismo la pondr\u00e1 en pr\u00e1ctica al lavarles los pies a sus disc\u00edpulos (Jn 13,4-9), tarea reservada a los esclavos o a los siervos en su tiempo. Luego de la \u00faltima cena, cuando los disc\u00edpulos comienzan a discutir sobre qui\u00e9n deb\u00eda ser considerado m\u00e1s grande, Jes\u00fas les amonesta diciendo: \u201cAl contrario, el que es m\u00e1s grande, que se comporte como el menor, y el que gobierna, como un servidor\u201d (Lc 22,26).<\/p>\n<p>Jes\u00fas nos invita a seguirle y hemos aceptado la invitaci\u00f3n. El verdadero disc\u00edpulo sigue al maestro, pero sobre todo imita al maestro. Jes\u00fas nos sienta la pauta. La pregunta obligada es: \u00bfEst\u00e1s dispuesto(a) a seguirle?<\/p>\n<p>Se\u00f1or, l\u00edbranos de los falsos orgullos que nos llevan a crear \u201cgrupos\u201d entre nuestra comunidad parroquial que excluyen a otros que consideran \u201cinferiores\u201d, ya bien sea por diferencias raciales, sociales, econ\u00f3micas, intelectuales o profesionales. Por el contrario, haznos acoger con sincera fraternidad a todos los miembros de nuestra comunidad, con el mismo amor con que Jes\u00fas nos acoge a nosotros.<\/p>\n<p>Lindo fin de semana a todos; y no olviden visitar la Casa de Padre. En su Mesa hay lugar para todos\u2026<\/p>\n<div style=\"padding-bottom:20px; padding-top:10px;\" class=\"hupso-share-buttons\"><!-- Hupso Share Buttons - https:\/\/www.hupso.com\/share\/ --><a class=\"hupso_toolbar\" href=\"https:\/\/www.hupso.com\/share\/\"><img src=\"http:\/\/static.hupso.com\/share\/buttons\/lang\/es\/share-medium.png\" style=\"border:0px; padding-top: 5px; float:left;\" alt=\"Share Button\"\/><\/a><script type=\"text\/javascript\">var hupso_services_t=new Array(\"Twitter\",\"Facebook\",\"Google Plus\",\"Pinterest\",\"Linkedin\",\"Email\",\"Print\");var hupso_background_t=\"#EAF4FF\";var hupso_border_t=\"#66CCFF\";var hupso_toolbar_size_t=\"medium\";var hupso_image_folder_url = \"\";var hupso_twitter_via=\"hectorops\";var hupso_url_t=\"\";var hupso_title_t=\"REFLEXI%C3%93N%20PARA%20EL%20S%C3%81BADO%20DE%20LA%20TRIG%C3%89SIMA%20SEMANA%20DEL%20T.O.%20%281%29%2031-10-15\";<\/script><script type=\"text\/javascript\" src=\"http:\/\/static.hupso.com\/share\/js\/share_toolbar.js\"><\/script><!-- Hupso Share Buttons --><\/div>","protected":false},"excerpt":{"rendered":"<p>En el Evangelio de hoy (Lc 14,1.7-11) Jes\u00fas se percata que los convidados a la fiesta a la que hab\u00eda sido invitado se estaban peleando por los primeros puestos. En la cultura jud\u00eda hab\u00eda todo un sistema de jerarqu\u00edas que &hellip; <a href=\"http:\/\/delamanodemaria.com\/?p=6184\">Continue reading <span class=\"meta-nav\">&rarr;<\/span><\/a><\/p>\n<div style=\"padding-bottom:20px; padding-top:10px;\" class=\"hupso-share-buttons\"><!-- Hupso Share Buttons - https:\/\/www.hupso.com\/share\/ --><a class=\"hupso_toolbar\" href=\"https:\/\/www.hupso.com\/share\/\"><img src=\"http:\/\/static.hupso.com\/share\/buttons\/lang\/es\/share-medium.png\" style=\"border:0px; padding-top: 5px; float:left;\" alt=\"Share Button\"\/><\/a><script type=\"text\/javascript\">var hupso_services_t=new Array(\"Twitter\",\"Facebook\",\"Google Plus\",\"Pinterest\",\"Linkedin\",\"Email\",\"Print\");var hupso_background_t=\"#EAF4FF\";var hupso_border_t=\"#66CCFF\";var hupso_toolbar_size_t=\"medium\";var hupso_image_folder_url = \"\";var hupso_twitter_via=\"hectorops\";var hupso_url_t=\"\";var hupso_title_t=\"REFLEXI%C3%93N%20PARA%20EL%20S%C3%81BADO%20DE%20LA%20TRIG%C3%89SIMA%20SEMANA%20DEL%20T.O.%20%281%29%2031-10-15\";<\/script><script type=\"text\/javascript\" src=\"http:\/\/static.hupso.com\/share\/js\/share_toolbar.js\"><\/script><!-- Hupso Share Buttons --><\/div>","protected":false},"author":1,"featured_media":0,"comment_status":"open","ping_status":"open","sticky":false,"template":"","format":"standard","meta":{"jetpack_post_was_ever_published":false,"_jetpack_newsletter_access":"","_jetpack_newsletter_tier_id":0,"jetpack_publicize_message":"","jetpack_is_tweetstorm":false,"jetpack_publicize_feature_enabled":true,"jetpack_social_post_already_shared":true,"jetpack_social_options":{"image_generator_settings":{"template":"highway","enabled":false}}},"categories":[1],"tags":[765,329,607,1100,708,1099,428,1022,994,21,2,144],"jetpack_publicize_connections":[],"jetpack_featured_media_url":"","jetpack_shortlink":"https:\/\/wp.me\/p3bBgS-1BK","jetpack_sharing_enabled":true,"jetpack_likes_enabled":true,"_links":{"self":[{"href":"http:\/\/delamanodemaria.com\/index.php?rest_route=\/wp\/v2\/posts\/6184"}],"collection":[{"href":"http:\/\/delamanodemaria.com\/index.php?rest_route=\/wp\/v2\/posts"}],"about":[{"href":"http:\/\/delamanodemaria.com\/index.php?rest_route=\/wp\/v2\/types\/post"}],"author":[{"embeddable":true,"href":"http:\/\/delamanodemaria.com\/index.php?rest_route=\/wp\/v2\/users\/1"}],"replies":[{"embeddable":true,"href":"http:\/\/delamanodemaria.com\/index.php?rest_route=%2Fwp%2Fv2%2Fcomments&post=6184"}],"version-history":[{"count":1,"href":"http:\/\/delamanodemaria.com\/index.php?rest_route=\/wp\/v2\/posts\/6184\/revisions"}],"predecessor-version":[{"id":6185,"href":"http:\/\/delamanodemaria.com\/index.php?rest_route=\/wp\/v2\/posts\/6184\/revisions\/6185"}],"wp:attachment":[{"href":"http:\/\/delamanodemaria.com\/index.php?rest_route=%2Fwp%2Fv2%2Fmedia&parent=6184"}],"wp:term":[{"taxonomy":"category","embeddable":true,"href":"http:\/\/delamanodemaria.com\/index.php?rest_route=%2Fwp%2Fv2%2Fcategories&post=6184"},{"taxonomy":"post_tag","embeddable":true,"href":"http:\/\/delamanodemaria.com\/index.php?rest_route=%2Fwp%2Fv2%2Ftags&post=6184"}],"curies":[{"name":"wp","href":"https:\/\/api.w.org\/{rel}","templated":true}]}}