{"id":6199,"date":"2015-11-02T19:45:01","date_gmt":"2015-11-02T23:45:01","guid":{"rendered":"http:\/\/delamanodemaria.com\/?p=6199"},"modified":"2015-11-02T21:03:15","modified_gmt":"2015-11-03T01:03:15","slug":"memoria-de-san-martin-de-porres","status":"publish","type":"post","link":"http:\/\/delamanodemaria.com\/?p=6199","title":{"rendered":"Memoria de San Mart\u00edn de Porres 03-11-15"},"content":{"rendered":"<div id=\"attachment_4396\" style=\"width: 650px\" class=\"wp-caption alignnone\"><a href=\"http:\/\/delamanodemaria.com\/wp-content\/uploads\/2014\/11\/tumba-san-martin.jpg\"><img aria-describedby=\"caption-attachment-4396\" decoding=\"async\" loading=\"lazy\" class=\"size-full wp-image-4396\" src=\"http:\/\/delamanodemaria.com\/wp-content\/uploads\/2014\/11\/tumba-san-martin.jpg\" alt=\"He tenido la dicha de orar sobre la tumba de este gran santo en dos ocasiones. \" width=\"640\" height=\"480\" srcset=\"http:\/\/delamanodemaria.com\/wp-content\/uploads\/2014\/11\/tumba-san-martin.jpg 640w, http:\/\/delamanodemaria.com\/wp-content\/uploads\/2014\/11\/tumba-san-martin-300x225.jpg 300w, http:\/\/delamanodemaria.com\/wp-content\/uploads\/2014\/11\/tumba-san-martin-400x300.jpg 400w\" sizes=\"(max-width: 640px) 100vw, 640px\" \/><\/a><p id=\"caption-attachment-4396\" class=\"wp-caption-text\">He tenido la dicha de orar sobre la tumba de este gran santo en dos ocasiones.<\/p><\/div>\n<p>Hoy la Iglesia celebra la memoria de san Mart\u00edn de Porres, insigne santo de la Orden de Predicadores. A continuaci\u00f3n, algunos datos biogr\u00e1ficos tomados de <a href=\"https:\/\/www.aciprensa.com\/santos\/santo.php?id=330\" target=\"_blank\">https:\/\/www.aciprensa.com\/santos\/santo.php?id=330<\/a>:<\/p>\n<p>&#8220;Naci\u00f3 en la ciudad de Lima, Per\u00fa, el d\u00eda 9 de diciembre del a\u00f1o 1579. Fue hijo de Juan de Porres, caballero espa\u00f1ol de la Orden de Calatrava, y de Ana Vel\u00e1squez, negra libre paname\u00f1a.<\/p>\n<p>&#8220;Mart\u00edn es bautizado en la iglesia de San Sebasti\u00e1n, donde a\u00f1os m\u00e1s tarde Santa Rosa de Lima tambi\u00e9n lo fuera.<\/p>\n<p>&#8220;Son misteriosos los caminos del Se\u00f1or: no fue sino un santo quien lo confirm\u00f3 en la fe de sus padres. Fue Santo Toribio de Mogrovejo, primer arzobispo de Lima, quien hizo descender el Esp\u00edritu sobre su moreno coraz\u00f3n, coraz\u00f3n que el Se\u00f1or fue haciendo manso y humilde como el de su Madre.<\/p>\n<p>&#8220;A los doce Mart\u00edn entr\u00f3 de aprendiz de peluquero, y asistente de un dentista. La fama de su santidad corre de boca en boca por la ciudad de Lima.<\/p>\n<p>&#8220;Mart\u00edn conoci\u00f3 al Fraile Juan de Lorenzana, famoso dominico como te\u00f3logo y hombre de virtudes, quien lo invita a entrar en el Convento de Nuestra Se\u00f1ora del Rosario.<\/p>\n<p>&#8220;Las leyes de aquel entonces le imped\u00edan ser religioso por el color y por la raza, por lo que Mart\u00edn de Porres ingres\u00f3 como Donado, pero \u00e9l se entrega a Dios y su vida est\u00e1 presidida por el servicio, la humildad, la obediencia y un amor sin medida.<\/p>\n<p>&#8220;San Mart\u00edn tiene un sue\u00f1o que Dios le desbarata: &#8220;Pasar desapercibido y ser el \u00faltimo&#8221;. Su anhelo m\u00e1s profundo siempre es de seguir a Jes\u00fas. Se le conf\u00eda la limpieza de la casa; por lo que la escoba ser\u00e1, con la cruz, la gran compa\u00f1era de su vida.<\/p>\n<p>&#8220;Sirve y atiende a todos, pero no es comprendido por todos. Un d\u00eda cortaba el pelo a un estudiante: \u00e9ste molesto ante la mejor sonrisa de Fray Mart\u00edn, no duda en insultarlo: \u00a1Perro mulato! \u00a1Hip\u00f3crita! La respuesta fue una generosa sonrisa.<\/p>\n<p>&#8220;San Mart\u00edn llevaba ya dos a\u00f1os en el convento, y hac\u00eda seis que no ve\u00eda a su padre, \u00e9ste lo visita y\u2026 despu\u00e9s de dialogar con el P. Provincial, \u00e9ste y el Consejo Conventual deciden que Fray Mart\u00edn se convierta en hermano cooperador.<\/p>\n<p>&#8220;El 2 de junio de 1603 se consagra a Dios por su profesi\u00f3n religiosa. El P. Fernando Aragon\u00e9s testificar\u00e1: &#8220;Se ejercitaba en la caridad d\u00eda y noche, curando enfermos, dando limosna a espa\u00f1oles, indios y negros, a todos quer\u00eda, amaba y curaba con singular amor&#8221;. La porter\u00eda del convento es un reguero de soldados humildes, indios, mulatos, y negros; \u00e9l sol\u00eda repetir: &#8220;No hay gusto mayor que dar a los pobres&#8221;.<\/p>\n<p>&#8220;Su hermana Juana ten\u00eda buena posici\u00f3n social, por lo que, en una finca de ella, daba cobijo a enfermos y pobres. Y en su patio acoge a perros, gatos y ratones.<\/p>\n<p>&#8220;Pronto la virtud del moreno dej\u00f3 de ser un secreto. Su servicio como enfermero se extend\u00eda desde sus hermanos dominicos hasta las personas m\u00e1s abandonadas que pod\u00eda encontrar en la calle. Su humildad fue probada en el dolor de la injuria, incluso de parte de algunos religiosos dominicos. Incomprensi\u00f3n y envidias: camino de contradicciones que fue asemejando al mulato a su Reconciliador.<\/p>\n<p>&#8220;Los religiosos de la Ciudad Virreinal van de sorpresa en sorpresa, por lo que el Superior le proh\u00edbe realizar nada extraordinario sin su consentimiento. Un d\u00eda, cuando regresaba al Convento, un alba\u00f1il le grita al caer del andamio; el Santo le hace se\u00f1as y corre a pedir permiso al superior, \u00e9ste y el interesado quedan cautivados por su docilidad.<\/p>\n<p>&#8220;Cuando vio que se acercaba el momento feliz de ir a gozar de la presencia de Dios, pidi\u00f3 a los religiosos que le rodeaban que entonasen el Credo. Mientras lo cantaban, entreg\u00f3 su alma a Dios. Era el 3 de noviembre de 1639.<\/p>\n<p>&#8220;Su muerte caus\u00f3 profunda conmoci\u00f3n en la ciudad. Hab\u00eda sido el hermano y enfermero de todos, singularmente de los m\u00e1s pobres. Todos se disputaban por conseguir alguna reliquia. Toda la ciudad le dio el \u00faltimo adi\u00f3s.<\/p>\n<p>&#8220;Su culto se ha extendido prodigiosamente. Gregorio XVI lo declar\u00f3 Beato en 1837. Fue canonizado por Juan XXIII en 1962. Recordaba el Papa, en la homil\u00eda de la canonizaci\u00f3n, las devociones en que se hab\u00eda distinguido el nuevo Santo: su profunda humildad que le hac\u00eda considerar a todos superiores a \u00e9l, su celo apost\u00f3lico, y sus continuos desvelos por atender a enfermos y necesitados, lo que le vali\u00f3, por parte de todo el pueblo, el hermoso apelativo de &#8220;Mart\u00edn de la caridad&#8221;.&#8221;<\/p>\n<p>Hoy, en la Bas\u00edlica del Sant\u00edsimo Rosario de Lima, Per\u00fa, ser\u00e1 presentada al mundo por primera vez su verdadero rostro, producto de las m\u00e1s avanzadas t\u00e9cnicas forenses de reconstrucci\u00f3n facial. Mantente pendiente a la internet y redes sociales para este gran acontecimiento.<\/p>\n<p><a href=\"http:\/\/delamanodemaria.com\/wp-content\/uploads\/2015\/11\/Anuncio-presentacion-rostro-san-Mart\u00edn-de-Porres.jpg\"><img decoding=\"async\" loading=\"lazy\" class=\" size-full wp-image-6200 aligncenter\" src=\"http:\/\/delamanodemaria.com\/wp-content\/uploads\/2015\/11\/Anuncio-presentacion-rostro-san-Mart\u00edn-de-Porres.jpg\" alt=\"Anuncio presentacion rostro san Mart\u00edn de Porres\" width=\"586\" height=\"960\" srcset=\"http:\/\/delamanodemaria.com\/wp-content\/uploads\/2015\/11\/Anuncio-presentacion-rostro-san-Mart\u00edn-de-Porres.jpg 586w, http:\/\/delamanodemaria.com\/wp-content\/uploads\/2015\/11\/Anuncio-presentacion-rostro-san-Mart\u00edn-de-Porres-183x300.jpg 183w\" sizes=\"(max-width: 586px) 100vw, 586px\" \/><\/a><\/p>\n<div style=\"padding-bottom:20px; padding-top:10px;\" class=\"hupso-share-buttons\"><!-- Hupso Share Buttons - https:\/\/www.hupso.com\/share\/ --><a class=\"hupso_toolbar\" href=\"https:\/\/www.hupso.com\/share\/\"><img src=\"http:\/\/static.hupso.com\/share\/buttons\/lang\/es\/share-medium.png\" style=\"border:0px; padding-top: 5px; float:left;\" alt=\"Share Button\"\/><\/a><script type=\"text\/javascript\">var hupso_services_t=new Array(\"Twitter\",\"Facebook\",\"Google Plus\",\"Pinterest\",\"Linkedin\",\"Email\",\"Print\");var hupso_background_t=\"#EAF4FF\";var hupso_border_t=\"#66CCFF\";var hupso_toolbar_size_t=\"medium\";var hupso_image_folder_url = \"\";var hupso_twitter_via=\"hectorops\";var hupso_url_t=\"\";var hupso_title_t=\"Memoria%20de%20San%20Mart%C3%ADn%20de%20Porres%2003-11-15\";<\/script><script type=\"text\/javascript\" src=\"http:\/\/static.hupso.com\/share\/js\/share_toolbar.js\"><\/script><!-- Hupso Share Buttons --><\/div>","protected":false},"excerpt":{"rendered":"<p>Hoy la Iglesia celebra la memoria de san Mart\u00edn de Porres, insigne santo de la Orden de Predicadores. A continuaci\u00f3n, algunos datos biogr\u00e1ficos tomados de https:\/\/www.aciprensa.com\/santos\/santo.php?id=330: &#8220;Naci\u00f3 en la ciudad de Lima, Per\u00fa, el d\u00eda 9 de diciembre del a\u00f1o &hellip; <a href=\"http:\/\/delamanodemaria.com\/?p=6199\">Continue reading <span class=\"meta-nav\">&rarr;<\/span><\/a><\/p>\n<div style=\"padding-bottom:20px; padding-top:10px;\" class=\"hupso-share-buttons\"><!-- Hupso Share Buttons - https:\/\/www.hupso.com\/share\/ --><a class=\"hupso_toolbar\" href=\"https:\/\/www.hupso.com\/share\/\"><img src=\"http:\/\/static.hupso.com\/share\/buttons\/lang\/es\/share-medium.png\" style=\"border:0px; padding-top: 5px; float:left;\" alt=\"Share Button\"\/><\/a><script type=\"text\/javascript\">var hupso_services_t=new Array(\"Twitter\",\"Facebook\",\"Google Plus\",\"Pinterest\",\"Linkedin\",\"Email\",\"Print\");var hupso_background_t=\"#EAF4FF\";var hupso_border_t=\"#66CCFF\";var hupso_toolbar_size_t=\"medium\";var hupso_image_folder_url = \"\";var hupso_twitter_via=\"hectorops\";var hupso_url_t=\"\";var hupso_title_t=\"Memoria%20de%20San%20Mart%C3%ADn%20de%20Porres%2003-11-15\";<\/script><script type=\"text\/javascript\" src=\"http:\/\/static.hupso.com\/share\/js\/share_toolbar.js\"><\/script><!-- Hupso Share Buttons --><\/div>","protected":false},"author":1,"featured_media":0,"comment_status":"open","ping_status":"open","sticky":false,"template":"","format":"standard","meta":{"jetpack_post_was_ever_published":false,"_jetpack_newsletter_access":"","_jetpack_newsletter_tier_id":0,"jetpack_publicize_message":"","jetpack_is_tweetstorm":false,"jetpack_publicize_feature_enabled":true,"jetpack_social_post_already_shared":true,"jetpack_social_options":{"image_generator_settings":{"template":"highway","enabled":false}}},"categories":[1],"tags":[124,692],"jetpack_publicize_connections":[],"jetpack_featured_media_url":"","jetpack_shortlink":"https:\/\/wp.me\/p3bBgS-1BZ","jetpack_sharing_enabled":true,"jetpack_likes_enabled":true,"_links":{"self":[{"href":"http:\/\/delamanodemaria.com\/index.php?rest_route=\/wp\/v2\/posts\/6199"}],"collection":[{"href":"http:\/\/delamanodemaria.com\/index.php?rest_route=\/wp\/v2\/posts"}],"about":[{"href":"http:\/\/delamanodemaria.com\/index.php?rest_route=\/wp\/v2\/types\/post"}],"author":[{"embeddable":true,"href":"http:\/\/delamanodemaria.com\/index.php?rest_route=\/wp\/v2\/users\/1"}],"replies":[{"embeddable":true,"href":"http:\/\/delamanodemaria.com\/index.php?rest_route=%2Fwp%2Fv2%2Fcomments&post=6199"}],"version-history":[{"count":2,"href":"http:\/\/delamanodemaria.com\/index.php?rest_route=\/wp\/v2\/posts\/6199\/revisions"}],"predecessor-version":[{"id":6204,"href":"http:\/\/delamanodemaria.com\/index.php?rest_route=\/wp\/v2\/posts\/6199\/revisions\/6204"}],"wp:attachment":[{"href":"http:\/\/delamanodemaria.com\/index.php?rest_route=%2Fwp%2Fv2%2Fmedia&parent=6199"}],"wp:term":[{"taxonomy":"category","embeddable":true,"href":"http:\/\/delamanodemaria.com\/index.php?rest_route=%2Fwp%2Fv2%2Fcategories&post=6199"},{"taxonomy":"post_tag","embeddable":true,"href":"http:\/\/delamanodemaria.com\/index.php?rest_route=%2Fwp%2Fv2%2Ftags&post=6199"}],"curies":[{"name":"wp","href":"https:\/\/api.w.org\/{rel}","templated":true}]}}