{"id":6242,"date":"2015-11-17T22:33:57","date_gmt":"2015-11-18T02:33:57","guid":{"rendered":"http:\/\/delamanodemaria.com\/?p=6242"},"modified":"2015-11-17T22:33:57","modified_gmt":"2015-11-18T02:33:57","slug":"reflexion-para-el-miercoles-de-la-trigesimo-tercera-semana-del-t-o-1-18-11-15","status":"publish","type":"post","link":"http:\/\/delamanodemaria.com\/?p=6242","title":{"rendered":"REFLEXI\u00d3N PARA EL MI\u00c9RCOLES DE LA TRIG\u00c9SIMO TERCERA SEMANA DEL T.O. (1) 18-11-15"},"content":{"rendered":"<p><a href=\"http:\/\/delamanodemaria.com\/wp-content\/uploads\/2013\/08\/Parabola-de-los-talentos.jpg\"><img decoding=\"async\" loading=\"lazy\" class=\"alignnone size-full wp-image-1776\" src=\"http:\/\/delamanodemaria.com\/wp-content\/uploads\/2013\/08\/Parabola-de-los-talentos.jpg\" alt=\"Parabola de los talentos\" width=\"600\" height=\"250\" srcset=\"http:\/\/delamanodemaria.com\/wp-content\/uploads\/2013\/08\/Parabola-de-los-talentos.jpg 600w, http:\/\/delamanodemaria.com\/wp-content\/uploads\/2013\/08\/Parabola-de-los-talentos-300x125.jpg 300w, http:\/\/delamanodemaria.com\/wp-content\/uploads\/2013\/08\/Parabola-de-los-talentos-500x208.jpg 500w\" sizes=\"(max-width: 600px) 100vw, 600px\" \/><\/a><\/p>\n<p>El Evangelio de hoy (Lc 19,11-28) nos presenta la versi\u00f3n de Lucas de la \u201cpar\u00e1bola de los talentos\u201d que leemos en el relato evang\u00e9lico de Mateo (Mt 25,14-30). Lucas coloca este relato inmediatamente despu\u00e9s del relato de Zaqueo y, adem\u00e1s de darle un sabor escatol\u00f3gico, lo enmarca en un contexto hist\u00f3rico contempor\u00e1neo a Jes\u00fas con el cual los que le escuchaban pod\u00edan relacionarse. Resulta que un tal Arquelao, quien estaba a cargo de la ciudad de Jeric\u00f3, hab\u00eda marchado a Roma para pedir un t\u00edtulo de rey al emperador, y un grupo de sus enemigos hab\u00edan conspirado para que se denegara su petici\u00f3n.<\/p>\n<p>Adem\u00e1s, para el tiempo en que Lucas escribe su relato, ya los detractores del cristianismo comenzaban a burlarse y a cuestionar la veracidad de la promesa de la segunda venida de Jes\u00fas para instaurar su Reino definitivo. \u201c\u00bfD\u00f3nde est\u00e1 la promesa de su Venida? Nuestros padres han muerto y todo sigue como al principio de la creaci\u00f3n\u201d (2 Pe 3,4). Los contempor\u00e1neos de Jes\u00fas, los que le escuchaban, y hasta sus disc\u00edpulos, ten\u00edan la noci\u00f3n de que el Reino de Dios se iba a concretizar de un momento a otro. No hab\u00edan comprendido el \u201cya, pero todav\u00eda\u201d que hemos mencionado en ocasiones anteriores.<\/p>\n<p>Hemos de tener presente que cuando Jes\u00fas cuenta esta par\u00e1bola, ya se est\u00e1 acercando a Jerusal\u00e9n, la Pascua est\u00e1 \u201ca la vuelta de la esquina\u201d. Hay expectativa. \u00bfQu\u00e9 mejor momento para que Jes\u00fas proclame su Reinado definitivo? Por eso le recibir\u00e1n entre v\u00edtores y palmas en unos d\u00edas, cuando haga su entrada en Jerusal\u00e9n. Jes\u00fas lo sabe y quiere sacarles del error (su Reino no es de este mundo, Jn 18-36).<\/p>\n<p>Por eso les propone la par\u00e1bola del hombre que se march\u00f3 \u201ca tierras lejanas\u201d a buscar un t\u00edtulo de rey y encomend\u00f3 una onza de oro a cada uno de sus empleados. Al regresar les pidi\u00f3 cuentas. Dos de ellos hab\u00edan negociado el oro y lo hab\u00edan multiplicado. Como premio, el hombre les dio autoridad sobre un n\u00famero de ciudades equivalente a las veces que lo hab\u00edan multiplicado. En cambio, al que lo guard\u00f3 para que no se le perdiera por temor a perderlo, y se lo devolvi\u00f3 sin ganancia, lo rega\u00f1\u00f3 diciendo a los presentes: \u201cQuitadle a \u00e9ste la onza y d\u00e1dsela al que tiene diez\u201d. Cuando le cuestionan su actitud, el hombre contest\u00f3: \u201cAl que tiene se le dar\u00e1, pero al que no tiene se le quitar\u00e1 hasta lo que tiene\u201d.<\/p>\n<p>\u00bfQu\u00e9 nos quiere decir Jes\u00fas con \u00e9sta par\u00e1bola? En primer lugar, que \u00c9l se va a marchar para regresar, mas nadie sabe cu\u00e1ndo, excepto el Padre (<em>Cfr<\/em>. Mt 24,36). Pero antes de irse nos va a encomendar su Palabra. \u00bfQu\u00e9 vamos a hacer con ella? Tenemos que hacerla producir, fructificar, multiplicarse; cada cual seg\u00fan su capacidad. \u201cVayan por todo el mundo y prediquen el Evangelio a toda creatura\u201d (Mc 16,15). Y los que as\u00ed lo hagan, recibir\u00e1n su justa recompensa. Si, por el contrario, nos la guardamos y no la hacemos producir, se nos quitar\u00e1 hasta esa misma Palabra, con todas las promesas que contiene.<\/p>\n<p>Se\u00f1or, danos la valent\u00eda y sagacidad para \u201cnegociar\u201d tu Palabra de manera que rinda fruto en abundancia, y as\u00ed ser merecedores de la gloria eterna.<\/p>\n<div style=\"padding-bottom:20px; padding-top:10px;\" class=\"hupso-share-buttons\"><!-- Hupso Share Buttons - https:\/\/www.hupso.com\/share\/ --><a class=\"hupso_toolbar\" href=\"https:\/\/www.hupso.com\/share\/\"><img src=\"http:\/\/static.hupso.com\/share\/buttons\/lang\/es\/share-medium.png\" style=\"border:0px; padding-top: 5px; float:left;\" alt=\"Share Button\"\/><\/a><script type=\"text\/javascript\">var hupso_services_t=new Array(\"Twitter\",\"Facebook\",\"Google Plus\",\"Pinterest\",\"Linkedin\",\"Email\",\"Print\");var hupso_background_t=\"#EAF4FF\";var hupso_border_t=\"#66CCFF\";var hupso_toolbar_size_t=\"medium\";var hupso_image_folder_url = \"\";var hupso_twitter_via=\"hectorops\";var hupso_url_t=\"\";var hupso_title_t=\"REFLEXI%C3%93N%20PARA%20EL%20MI%C3%89RCOLES%20DE%20LA%20TRIG%C3%89SIMO%20TERCERA%20SEMANA%20DEL%20T.O.%20%281%29%2018-11-15\";<\/script><script type=\"text\/javascript\" src=\"http:\/\/static.hupso.com\/share\/js\/share_toolbar.js\"><\/script><!-- Hupso Share Buttons --><\/div>","protected":false},"excerpt":{"rendered":"<p>El Evangelio de hoy (Lc 19,11-28) nos presenta la versi\u00f3n de Lucas de la \u201cpar\u00e1bola de los talentos\u201d que leemos en el relato evang\u00e9lico de Mateo (Mt 25,14-30). Lucas coloca este relato inmediatamente despu\u00e9s del relato de Zaqueo y, adem\u00e1s &hellip; <a href=\"http:\/\/delamanodemaria.com\/?p=6242\">Continue reading <span class=\"meta-nav\">&rarr;<\/span><\/a><\/p>\n<div style=\"padding-bottom:20px; padding-top:10px;\" class=\"hupso-share-buttons\"><!-- Hupso Share Buttons - https:\/\/www.hupso.com\/share\/ --><a class=\"hupso_toolbar\" href=\"https:\/\/www.hupso.com\/share\/\"><img src=\"http:\/\/static.hupso.com\/share\/buttons\/lang\/es\/share-medium.png\" style=\"border:0px; padding-top: 5px; float:left;\" alt=\"Share Button\"\/><\/a><script type=\"text\/javascript\">var hupso_services_t=new Array(\"Twitter\",\"Facebook\",\"Google Plus\",\"Pinterest\",\"Linkedin\",\"Email\",\"Print\");var hupso_background_t=\"#EAF4FF\";var hupso_border_t=\"#66CCFF\";var hupso_toolbar_size_t=\"medium\";var hupso_image_folder_url = \"\";var hupso_twitter_via=\"hectorops\";var hupso_url_t=\"\";var hupso_title_t=\"REFLEXI%C3%93N%20PARA%20EL%20MI%C3%89RCOLES%20DE%20LA%20TRIG%C3%89SIMO%20TERCERA%20SEMANA%20DEL%20T.O.%20%281%29%2018-11-15\";<\/script><script type=\"text\/javascript\" src=\"http:\/\/static.hupso.com\/share\/js\/share_toolbar.js\"><\/script><!-- Hupso Share Buttons --><\/div>","protected":false},"author":1,"featured_media":0,"comment_status":"open","ping_status":"open","sticky":false,"template":"","format":"standard","meta":{"jetpack_post_was_ever_published":false,"_jetpack_newsletter_access":"","_jetpack_newsletter_tier_id":0,"jetpack_publicize_message":"","jetpack_is_tweetstorm":false,"jetpack_publicize_feature_enabled":true,"jetpack_social_post_already_shared":true,"jetpack_social_options":{"image_generator_settings":{"template":"highway","enabled":false}}},"categories":[1],"tags":[765,96,138,21,2,367,472,309,349],"jetpack_publicize_connections":[],"jetpack_featured_media_url":"","jetpack_shortlink":"https:\/\/wp.me\/p3bBgS-1CG","jetpack_sharing_enabled":true,"jetpack_likes_enabled":true,"_links":{"self":[{"href":"http:\/\/delamanodemaria.com\/index.php?rest_route=\/wp\/v2\/posts\/6242"}],"collection":[{"href":"http:\/\/delamanodemaria.com\/index.php?rest_route=\/wp\/v2\/posts"}],"about":[{"href":"http:\/\/delamanodemaria.com\/index.php?rest_route=\/wp\/v2\/types\/post"}],"author":[{"embeddable":true,"href":"http:\/\/delamanodemaria.com\/index.php?rest_route=\/wp\/v2\/users\/1"}],"replies":[{"embeddable":true,"href":"http:\/\/delamanodemaria.com\/index.php?rest_route=%2Fwp%2Fv2%2Fcomments&post=6242"}],"version-history":[{"count":1,"href":"http:\/\/delamanodemaria.com\/index.php?rest_route=\/wp\/v2\/posts\/6242\/revisions"}],"predecessor-version":[{"id":6243,"href":"http:\/\/delamanodemaria.com\/index.php?rest_route=\/wp\/v2\/posts\/6242\/revisions\/6243"}],"wp:attachment":[{"href":"http:\/\/delamanodemaria.com\/index.php?rest_route=%2Fwp%2Fv2%2Fmedia&parent=6242"}],"wp:term":[{"taxonomy":"category","embeddable":true,"href":"http:\/\/delamanodemaria.com\/index.php?rest_route=%2Fwp%2Fv2%2Fcategories&post=6242"},{"taxonomy":"post_tag","embeddable":true,"href":"http:\/\/delamanodemaria.com\/index.php?rest_route=%2Fwp%2Fv2%2Ftags&post=6242"}],"curies":[{"name":"wp","href":"https:\/\/api.w.org\/{rel}","templated":true}]}}