{"id":6390,"date":"2015-12-13T20:15:22","date_gmt":"2015-12-14T00:15:22","guid":{"rendered":"http:\/\/delamanodemaria.com\/?p=6390"},"modified":"2015-12-13T20:15:22","modified_gmt":"2015-12-14T00:15:22","slug":"memoria-obligatoria-de-san-juan-de-la-cruz-14-12-15","status":"publish","type":"post","link":"http:\/\/delamanodemaria.com\/?p=6390","title":{"rendered":"MEMORIA OBLIGATORIA DE SAN JUAN DE LA CRUZ 14-12-15"},"content":{"rendered":"<p><img decoding=\"async\" loading=\"lazy\" class=\"alignnone size-full wp-image-6391\" src=\"http:\/\/delamanodemaria.com\/wp-content\/uploads\/2015\/12\/JuanDeLaCruz.jpg\" alt=\"JuanDeLaCruz\" width=\"900\" height=\"473\" srcset=\"http:\/\/delamanodemaria.com\/wp-content\/uploads\/2015\/12\/JuanDeLaCruz.jpg 900w, http:\/\/delamanodemaria.com\/wp-content\/uploads\/2015\/12\/JuanDeLaCruz-300x158.jpg 300w, http:\/\/delamanodemaria.com\/wp-content\/uploads\/2015\/12\/JuanDeLaCruz-768x404.jpg 768w, http:\/\/delamanodemaria.com\/wp-content\/uploads\/2015\/12\/JuanDeLaCruz-500x263.jpg 500w\" sizes=\"(max-width: 900px) 100vw, 900px\" \/><\/p>\n<p>Las lecturas que nos ofrece la liturgia para este lunes de la tercera semana de Adviento las hemos comentado anteriormente, por lo que <a href=\"http:\/\/delamanodemaria.com\/?p=4619\" target=\"_blank\">les referimos a nuestra reflexi\u00f3n sobre las mismas<\/a>.<\/p>\n<p>Hoy la Iglesia celebra la memoria obligatoria de san Juan de la Cruz, doctor de la Iglesia, m\u00edstico y poeta del siglo XVI.<\/p>\n<p>Su verdadero nombre era Juan de Yepes y naci\u00f3 el 24 de junio de 1542 en Fontiveros, peque\u00f1o pueblo abulense perteneciente a Castilla y Le\u00f3n, una comunidad aut\u00f3noma de Espa\u00f1a.<\/p>\n<p>Muri\u00f3 su padre cuando Juan ten\u00eda seis a\u00f1os; a los nueve a\u00f1os, se traslad\u00f3 con su madre al abulense pueblo de Medina del Campo, en donde a los 17 a\u00f1os, ingresa en un colegio de jesuitas para estudiar humanidades.<\/p>\n<p>El a\u00f1o 1563 toma los h\u00e1bitos de la orden religiosa Carmelita, adoptando el nuevo nombre de fray Juan de san Mat\u00edas; al a\u00f1o siguiente se traslada a Salamanca para cursar estudios de teolog\u00eda en su c\u00e9lebre universidad. En el a\u00f1o 1567 es ordenado sacerdote, y adopta el nuevo y definitivo nombre de Juan de la Cruz. Su ilustre paisana de \u00c1vila, Teresa de Jes\u00fas, trab\u00f3 gran amistad con \u00e9l y le integr\u00f3 en el movimiento de la reforma carmelita que ella hab\u00eda iniciado.<\/p>\n<p>En 1568 Juan de la Cruz fund\u00f3 el primer convento de Carmelitas Descalzos, los cuales practicaban a ultranza la contemplaci\u00f3n y la austeridad. Unos a\u00f1os despu\u00e9s, 1577, sus intentos reformistas de las \u00f3rdenes mon\u00e1sticas, le llevaron a sufrir 9 meses de dura prisi\u00f3n en un convento de Toledo, acusado de ap\u00f3stata. De su cautiverio en aquella c\u00e1rcel-convento de Toledo, nace la composici\u00f3n de su obra cumbre: &#8220;C\u00e1ntico espiritual&#8221;. En otras poes\u00edas se puede llegar a entrever en lenguaje subliminal, el relato que hace de su astuta y sorprendente huida en la madrugada del 15 de agosto de 1578, estando la fortaleza sobre un peligroso acantilado sobre el Tajo profundo que ci\u00f1e a Toledo.<\/p>\n<p>Para huir de la prisi\u00f3n conventual toledana, cont\u00f3 con las influencias que ejerci\u00f3 su paisana Teresa de Jes\u00fas, ante la duquesa de Alba. Con su huida dio en refugiarse en un convento de Ja\u00e9n y continu\u00f3 con la reforma carmelitana, fundando varios conventos por Andaluc\u00eda. En esta regi\u00f3n lleg\u00f3 a ser nombrado Vicario Provincial de la orden de Carmelitas Descalzos; pero el buen Juan sigui\u00f3 con su obstinaci\u00f3n de la reforma, lo que le llev\u00f3 a enfrentamientos con la jerarqu\u00eda religiosa y a sufrir nueva prisi\u00f3n en el convento de la Pe\u00f1uela, en plena Sierra Morena, en donde culmin\u00f3 la escritura de sus principales obras literarias.<\/p>\n<p>Cuando por fin es excarcelado y se dispone a cumplir con el traslado que se le impone a Am\u00e9rica, el 14 de diciembre de 1591, muere a la edad de 49 a\u00f1os.<\/p>\n<p>135 a\u00f1os despu\u00e9s es elevado a la categor\u00eda de santo por la Iglesia.<\/p>\n<p>Fuente: <a href=\"http:\/\/www.los-poetas.com\/f\/biocruz.htm\" target=\"_blank\">http:\/\/www.los-poetas.com\/f\/biocruz.htm<\/a><\/p>\n<div style=\"padding-bottom:20px; padding-top:10px;\" class=\"hupso-share-buttons\"><!-- Hupso Share Buttons - https:\/\/www.hupso.com\/share\/ --><a class=\"hupso_toolbar\" href=\"https:\/\/www.hupso.com\/share\/\"><img src=\"http:\/\/static.hupso.com\/share\/buttons\/lang\/es\/share-medium.png\" style=\"border:0px; padding-top: 5px; float:left;\" alt=\"Share Button\"\/><\/a><script type=\"text\/javascript\">var hupso_services_t=new Array(\"Twitter\",\"Facebook\",\"Google Plus\",\"Pinterest\",\"Linkedin\",\"Email\",\"Print\");var hupso_background_t=\"#EAF4FF\";var hupso_border_t=\"#66CCFF\";var hupso_toolbar_size_t=\"medium\";var hupso_image_folder_url = \"\";var hupso_twitter_via=\"hectorops\";var hupso_url_t=\"\";var hupso_title_t=\"MEMORIA%20OBLIGATORIA%20DE%20SAN%20JUAN%20DE%20LA%20CRUZ%2014-12-15\";<\/script><script type=\"text\/javascript\" src=\"http:\/\/static.hupso.com\/share\/js\/share_toolbar.js\"><\/script><!-- Hupso Share Buttons --><\/div>","protected":false},"excerpt":{"rendered":"<p>Las lecturas que nos ofrece la liturgia para este lunes de la tercera semana de Adviento las hemos comentado anteriormente, por lo que les referimos a nuestra reflexi\u00f3n sobre las mismas. Hoy la Iglesia celebra la memoria obligatoria de san &hellip; <a href=\"http:\/\/delamanodemaria.com\/?p=6390\">Continue reading <span class=\"meta-nav\">&rarr;<\/span><\/a><\/p>\n<div style=\"padding-bottom:20px; padding-top:10px;\" class=\"hupso-share-buttons\"><!-- Hupso Share Buttons - https:\/\/www.hupso.com\/share\/ --><a class=\"hupso_toolbar\" href=\"https:\/\/www.hupso.com\/share\/\"><img src=\"http:\/\/static.hupso.com\/share\/buttons\/lang\/es\/share-medium.png\" style=\"border:0px; padding-top: 5px; float:left;\" alt=\"Share Button\"\/><\/a><script type=\"text\/javascript\">var hupso_services_t=new Array(\"Twitter\",\"Facebook\",\"Google Plus\",\"Pinterest\",\"Linkedin\",\"Email\",\"Print\");var hupso_background_t=\"#EAF4FF\";var hupso_border_t=\"#66CCFF\";var hupso_toolbar_size_t=\"medium\";var hupso_image_folder_url = \"\";var hupso_twitter_via=\"hectorops\";var hupso_url_t=\"\";var hupso_title_t=\"MEMORIA%20OBLIGATORIA%20DE%20SAN%20JUAN%20DE%20LA%20CRUZ%2014-12-15\";<\/script><script type=\"text\/javascript\" src=\"http:\/\/static.hupso.com\/share\/js\/share_toolbar.js\"><\/script><!-- Hupso Share Buttons --><\/div>","protected":false},"author":1,"featured_media":0,"comment_status":"open","ping_status":"open","sticky":false,"template":"","format":"standard","meta":{"jetpack_post_was_ever_published":false,"_jetpack_newsletter_access":"","_jetpack_newsletter_tier_id":0,"jetpack_publicize_message":"","jetpack_is_tweetstorm":false,"jetpack_publicize_feature_enabled":true,"jetpack_social_post_already_shared":true,"jetpack_social_options":{"image_generator_settings":{"template":"highway","enabled":false}}},"categories":[1],"tags":[1069,123,1150,1151,1152,2,141],"jetpack_publicize_connections":[],"jetpack_featured_media_url":"","jetpack_shortlink":"https:\/\/wp.me\/p3bBgS-1F4","jetpack_sharing_enabled":true,"jetpack_likes_enabled":true,"_links":{"self":[{"href":"http:\/\/delamanodemaria.com\/index.php?rest_route=\/wp\/v2\/posts\/6390"}],"collection":[{"href":"http:\/\/delamanodemaria.com\/index.php?rest_route=\/wp\/v2\/posts"}],"about":[{"href":"http:\/\/delamanodemaria.com\/index.php?rest_route=\/wp\/v2\/types\/post"}],"author":[{"embeddable":true,"href":"http:\/\/delamanodemaria.com\/index.php?rest_route=\/wp\/v2\/users\/1"}],"replies":[{"embeddable":true,"href":"http:\/\/delamanodemaria.com\/index.php?rest_route=%2Fwp%2Fv2%2Fcomments&post=6390"}],"version-history":[{"count":1,"href":"http:\/\/delamanodemaria.com\/index.php?rest_route=\/wp\/v2\/posts\/6390\/revisions"}],"predecessor-version":[{"id":6392,"href":"http:\/\/delamanodemaria.com\/index.php?rest_route=\/wp\/v2\/posts\/6390\/revisions\/6392"}],"wp:attachment":[{"href":"http:\/\/delamanodemaria.com\/index.php?rest_route=%2Fwp%2Fv2%2Fmedia&parent=6390"}],"wp:term":[{"taxonomy":"category","embeddable":true,"href":"http:\/\/delamanodemaria.com\/index.php?rest_route=%2Fwp%2Fv2%2Fcategories&post=6390"},{"taxonomy":"post_tag","embeddable":true,"href":"http:\/\/delamanodemaria.com\/index.php?rest_route=%2Fwp%2Fv2%2Ftags&post=6390"}],"curies":[{"name":"wp","href":"https:\/\/api.w.org\/{rel}","templated":true}]}}